{"id":9725,"date":"2025-09-22T15:20:00","date_gmt":"2025-09-22T13:20:00","guid":{"rendered":"https:\/\/hunziker.ag\/2025\/09\/22\/swissskills-berne-2025-precision-taille-et-fonctionnalite\/"},"modified":"2025-11-17T07:50:45","modified_gmt":"2025-11-17T06:50:45","slug":"swissskills-berne-2025-precision-taille-et-fonctionnalite","status":"publish","type":"post","link":"https:\/\/hunziker.ag\/fr\/2025\/09\/22\/swissskills-berne-2025-precision-taille-et-fonctionnalite\/","title":{"rendered":"SwissSkills Berne 2025 &#8211; Pr\u00e9cision, taille et fonctionnalit\u00e9"},"content":{"rendered":"\t\t<div data-elementor-type=\"wp-post\" data-elementor-id=\"9725\" class=\"elementor elementor-9725 elementor-9432\" data-elementor-post-type=\"post\">\n\t\t\t\t\t\t<section class=\"elementor-section elementor-top-section elementor-element elementor-element-d34e2b8 elementor-section-height-min-height elementor-section-content-middle elementor-section-boxed elementor-section-height-default elementor-section-items-middle\" data-id=\"d34e2b8\" data-element_type=\"section\" data-settings=\"{&quot;background_background&quot;:&quot;classic&quot;}\">\n\t\t\t\t\t\t<div class=\"elementor-container elementor-column-gap-default\">\n\t\t\t\t\t<div class=\"elementor-column elementor-col-100 elementor-top-column elementor-element elementor-element-25bb0a1\" data-id=\"25bb0a1\" data-element_type=\"column\" data-settings=\"{&quot;background_background&quot;:&quot;classic&quot;}\">\n\t\t\t<div class=\"elementor-widget-wrap elementor-element-populated\">\n\t\t\t\t\t\t<section class=\"elementor-section elementor-inner-section elementor-element elementor-element-f16853d elementor-section-content-middle elementor-section-boxed elementor-section-height-default elementor-section-height-default\" data-id=\"f16853d\" data-element_type=\"section\">\n\t\t\t\t\t\t<div class=\"elementor-container elementor-column-gap-default\">\n\t\t\t\t\t<div class=\"elementor-column elementor-col-50 elementor-inner-column elementor-element elementor-element-2ead4e46\" data-id=\"2ead4e46\" data-element_type=\"column\">\n\t\t\t<div class=\"elementor-widget-wrap elementor-element-populated\">\n\t\t\t\t\t\t<div class=\"elementor-element elementor-element-31292850 elementor-widget elementor-widget-theme-post-title elementor-page-title elementor-widget-heading\" data-id=\"31292850\" data-element_type=\"widget\" data-widget_type=\"theme-post-title.default\">\n\t\t\t\t<div class=\"elementor-widget-container\">\n\t\t\t\t\t<h1 class=\"elementor-heading-title elementor-size-default\">SwissSkills Berne 2025 &#8211; Pr\u00e9cision, taille et fonctionnalit\u00e9<\/h1>\t\t\t\t<\/div>\n\t\t\t\t<\/div>\n\t\t\t\t<div class=\"elementor-element elementor-element-21b09663 elementor-widget elementor-widget-text-editor\" data-id=\"21b09663\" data-element_type=\"widget\" data-widget_type=\"text-editor.default\">\n\t\t\t\t<div class=\"elementor-widget-container\">\n\t\t\t\t\t\t\t\t\t<p>Les <strong>SwissSkills 2025<\/strong>, qui se tiendront sur le site de BERNEXPO, rassembleront plus de 1 100 jeunes talents qui s&rsquo;affronteront dans plus de 90 m\u00e9tiers pour d\u00e9crocher le titre de champion suisse. Les championnats des m\u00e9tiers sont plus qu&rsquo;une simple comp\u00e9tition : plus de 150 m\u00e9tiers peuvent \u00eatre d\u00e9couverts et essay\u00e9s en direct. Ce format offre en particulier aux jeunes la possibilit\u00e9 de d\u00e9couvrir la diversit\u00e9 des m\u00e9tiers d&rsquo;apprentissage et d&rsquo;obtenir une orientation pr\u00e9cieuse pour leur avenir professionnel.  <\/p><p>Pour cette<strong> manifestation passionnante<\/strong> \u00e0 Berne, nous avons pu r\u00e9aliser un projet hors du commun : <strong>11 grandes tentes<\/strong> d&rsquo;une surface utile totale de plus de <strong>22&rsquo;000 m\u00b2<\/strong> ont constitu\u00e9 les fondations du plus grand championnat des m\u00e9tiers de Suisse.<\/p><p>Pour r\u00e9pondre aux exigences \u00e9lev\u00e9es en mati\u00e8re de s\u00e9curit\u00e9, de stabilit\u00e9 et de confort, nous avons pos\u00e9 pr\u00e8s de <strong>7 000 m\u00b2 de plancher en bois<\/strong>, d\u00e9plac\u00e9 plus de <strong>300 tonnes de b\u00e9tonnage<\/strong> et install\u00e9 plus de <strong>250 luminaires de halle<\/strong>. De plus, plus de <strong>50 portes<\/strong> ont \u00e9t\u00e9 install\u00e9es afin de garantir un d\u00e9roulement sans faille pour les exposants, les participants et les visiteurs. <\/p><p>Le montage a dur\u00e9 <strong>6 semaines et<\/strong> le d\u00e9montage <strong>2 semaines,<\/strong> trois tentes \u00e9tant rest\u00e9es en place pour un salon ult\u00e9rieur.<\/p><p>Un exemple impressionnant de la mani\u00e8re dont <strong>des constructions temporaires et une infrastructure bien pens\u00e9e<\/strong> peuvent supporter de mani\u00e8re fiable m\u00eame les \u00e9v\u00e9nements les plus grands et les plus complexes.<\/p>\t\t\t\t\t\t\t\t<\/div>\n\t\t\t\t<\/div>\n\t\t\t\t<div class=\"elementor-element elementor-element-62909d28 elementor-align-left elementor-widget elementor-widget-button\" data-id=\"62909d28\" data-element_type=\"widget\" data-widget_type=\"button.default\">\n\t\t\t\t<div class=\"elementor-widget-container\">\n\t\t\t\t\t\t\t\t\t<div class=\"elementor-button-wrapper\">\n\t\t\t\t\t<a class=\"elementor-button elementor-size-sm\" role=\"button\" id=\"back-button\">\n\t\t\t\t\t\t<span class=\"elementor-button-content-wrapper\">\n\t\t\t\t\t\t<span class=\"elementor-button-icon\">\n\t\t\t\t<i aria-hidden=\"true\" class=\"fas fa-arrow-left\"><\/i>\t\t\t<\/span>\n\t\t\t\t\t\t\t\t\t<span class=\"elementor-button-text\">Retour<\/span>\n\t\t\t\t\t<\/span>\n\t\t\t\t\t<\/a>\n\t\t\t\t<\/div>\n\t\t\t\t\t\t\t\t<\/div>\n\t\t\t\t<\/div>\n\t\t\t\t\t<\/div>\n\t\t<\/div>\n\t\t\t\t<div class=\"elementor-column elementor-col-50 elementor-inner-column elementor-element elementor-element-29b05b63\" data-id=\"29b05b63\" data-element_type=\"column\">\n\t\t\t<div class=\"elementor-widget-wrap elementor-element-populated\">\n\t\t\t\t\t\t<div class=\"elementor-element elementor-element-a39dc9d elementor-arrows-position-inside elementor-pagination-position-outside elementor-widget elementor-widget-image-carousel\" data-id=\"a39dc9d\" data-element_type=\"widget\" data-settings=\"{&quot;slides_to_show&quot;:&quot;1&quot;,&quot;navigation&quot;:&quot;both&quot;,&quot;autoplay&quot;:&quot;yes&quot;,&quot;pause_on_hover&quot;:&quot;yes&quot;,&quot;pause_on_interaction&quot;:&quot;yes&quot;,&quot;autoplay_speed&quot;:5000,&quot;infinite&quot;:&quot;yes&quot;,&quot;effect&quot;:&quot;slide&quot;,&quot;speed&quot;:500}\" data-widget_type=\"image-carousel.default\">\n\t\t\t\t<div class=\"elementor-widget-container\">\n\t\t\t\t\t\t\t<div class=\"elementor-image-carousel-wrapper swiper\" role=\"region\" aria-roledescription=\"carousel\" aria-label=\"Bild Karussell\" dir=\"ltr\">\n\t\t\t<div class=\"elementor-image-carousel swiper-wrapper\" aria-live=\"off\">\n\t\t\t\t\t\t\t\t<div class=\"swiper-slide\" role=\"group\" aria-roledescription=\"slide\" aria-label=\"1 sur 8\"><figure class=\"swiper-slide-inner\"><img decoding=\"async\" class=\"swiper-slide-image\" src=\"https:\/\/hunziker.ag\/wp-content\/uploads\/2025\/10\/SK_AUFB_MFR3737-1024x682.jpg\" alt=\"\ud83d\udcf8 SwissSkills \/ Manu Friedrich\" \/><figcaption class=\"elementor-image-carousel-caption\">\ud83d\udcf8 SwissSkills \/ Manu Friedrich<\/figcaption><\/figure><\/div><div class=\"swiper-slide\" role=\"group\" aria-roledescription=\"slide\" aria-label=\"2 sur 8\"><figure class=\"swiper-slide-inner\"><img decoding=\"async\" class=\"swiper-slide-image\" src=\"https:\/\/hunziker.ag\/wp-content\/uploads\/2025\/10\/VAL3682-1024x682.jpg\" alt=\"\ud83d\udcf8 SwissSkills \/ Valerie Chetelat\" \/><figcaption class=\"elementor-image-carousel-caption\">\ud83d\udcf8 SwissSkills \/ Valerie Chetelat<\/figcaption><\/figure><\/div><div class=\"swiper-slide\" role=\"group\" aria-roledescription=\"slide\" aria-label=\"3 sur 8\"><figure class=\"swiper-slide-inner\"><img decoding=\"async\" class=\"swiper-slide-image\" src=\"https:\/\/hunziker.ag\/wp-content\/uploads\/2025\/10\/VAL3652-1024x682.jpg\" alt=\"\ud83d\udcf8 SwissSkills \/ Valerie Chetelat\" \/><figcaption class=\"elementor-image-carousel-caption\">\ud83d\udcf8 SwissSkills \/ Valerie Chetelat<\/figcaption><\/figure><\/div><div class=\"swiper-slide\" role=\"group\" aria-roledescription=\"slide\" aria-label=\"4 sur 8\"><figure class=\"swiper-slide-inner\"><img decoding=\"async\" class=\"swiper-slide-image\" src=\"https:\/\/hunziker.ag\/wp-content\/uploads\/2025\/10\/VA21043-1024x682.jpg\" alt=\"\ud83d\udcf8 SwissSkills \/ Valerie Chetelat\" \/><figcaption class=\"elementor-image-carousel-caption\">\ud83d\udcf8 SwissSkills \/ Valerie Chetelat<\/figcaption><\/figure><\/div><div class=\"swiper-slide\" role=\"group\" aria-roledescription=\"slide\" aria-label=\"5 sur 8\"><figure class=\"swiper-slide-inner\"><img decoding=\"async\" class=\"swiper-slide-image\" src=\"https:\/\/hunziker.ag\/wp-content\/uploads\/2025\/10\/VAL3625-1024x682.jpg\" alt=\"\ud83d\udcf8 SwissSkills \/ Valerie Chetelat\" \/><figcaption class=\"elementor-image-carousel-caption\">\ud83d\udcf8 SwissSkills \/ Valerie Chetelat<\/figcaption><\/figure><\/div><div class=\"swiper-slide\" role=\"group\" aria-roledescription=\"slide\" aria-label=\"6 sur 8\"><figure class=\"swiper-slide-inner\"><img decoding=\"async\" class=\"swiper-slide-image\" src=\"https:\/\/hunziker.ag\/wp-content\/uploads\/2025\/10\/VA20964-1024x682.jpg\" alt=\"\ud83d\udcf8 SwissSkills \/ Valerie Chetelat\" \/><figcaption class=\"elementor-image-carousel-caption\">\ud83d\udcf8 SwissSkills \/ Valerie Chetelat<\/figcaption><\/figure><\/div><div class=\"swiper-slide\" role=\"group\" aria-roledescription=\"slide\" aria-label=\"7 sur 8\"><figure class=\"swiper-slide-inner\"><img decoding=\"async\" class=\"swiper-slide-image\" src=\"https:\/\/hunziker.ag\/wp-content\/uploads\/2025\/10\/SwissSkills2022_TS_056-1024x683.jpg\" alt=\"\ud83d\udcf8 SwissSkills \/ Tatjana Schnalzger\" \/><figcaption class=\"elementor-image-carousel-caption\">\ud83d\udcf8 SwissSkills \/ Tatjana Schnalzger<\/figcaption><\/figure><\/div><div class=\"swiper-slide\" role=\"group\" aria-roledescription=\"slide\" aria-label=\"8 sur 8\"><figure class=\"swiper-slide-inner\"><img decoding=\"async\" class=\"swiper-slide-image\" src=\"https:\/\/hunziker.ag\/wp-content\/uploads\/2025\/10\/VA20237-1024x682.jpg\" alt=\"\ud83d\udcf8 SwissSkills \/ Valerie Chetelat\" \/><figcaption class=\"elementor-image-carousel-caption\">\ud83d\udcf8 SwissSkills \/ Valerie Chetelat<\/figcaption><\/figure><\/div>\t\t\t<\/div>\n\t\t\t\t\t\t\t\t\t\t\t\t<div class=\"elementor-swiper-button elementor-swiper-button-prev\" role=\"button\" tabindex=\"0\">\n\t\t\t\t\t\t<i aria-hidden=\"true\" class=\"eicon-chevron-left\"><\/i>\t\t\t\t\t<\/div>\n\t\t\t\t\t<div class=\"elementor-swiper-button elementor-swiper-button-next\" role=\"button\" tabindex=\"0\">\n\t\t\t\t\t\t<i aria-hidden=\"true\" class=\"eicon-chevron-right\"><\/i>\t\t\t\t\t<\/div>\n\t\t\t\t\n\t\t\t\t\t\t\t\t\t<div class=\"swiper-pagination\"><\/div>\n\t\t\t\t\t\t\t\t\t<\/div>\n\t\t\t\t\t\t<\/div>\n\t\t\t\t<\/div>\n\t\t\t\t<div class=\"elementor-element elementor-element-89c2dee elementor-widget__width-initial elementor-widget elementor-widget-image\" data-id=\"89c2dee\" data-element_type=\"widget\" data-widget_type=\"image.default\">\n\t\t\t\t<div class=\"elementor-widget-container\">\n\t\t\t\t\t\t\t\t\t\t\t\t\t\t\t\t<a href=\"https:\/\/swiss-skills2025.ch\/de\" target=\"_blank\">\n\t\t\t\t\t\t\t<img decoding=\"async\" width=\"264\" height=\"81\" src=\"https:\/\/hunziker.ag\/wp-content\/uploads\/2025\/09\/Logo_SwissSkills_2025.svg\" class=\"attachment-medium size-medium wp-image-9711\" alt=\"\" \/>\t\t\t\t\t\t\t\t<\/a>\n\t\t\t\t\t\t\t\t\t\t\t\t\t\t\t<\/div>\n\t\t\t\t<\/div>\n\t\t\t\t\t<\/div>\n\t\t<\/div>\n\t\t\t\t\t<\/div>\n\t\t<\/section>\n\t\t\t\t\t<\/div>\n\t\t<\/div>\n\t\t\t\t\t<\/div>\n\t\t<\/section>\n\t\t\t\t<section class=\"elementor-section elementor-top-section elementor-element elementor-element-c940eb1 elementor-section-boxed elementor-section-height-default elementor-section-height-default\" data-id=\"c940eb1\" data-element_type=\"section\">\n\t\t\t\t\t\t<div class=\"elementor-container elementor-column-gap-default\">\n\t\t\t\t\t<div class=\"elementor-column elementor-col-100 elementor-top-column elementor-element elementor-element-c123e02\" data-id=\"c123e02\" data-element_type=\"column\">\n\t\t\t<div class=\"elementor-widget-wrap\">\n\t\t\t\t\t\t\t<\/div>\n\t\t<\/div>\n\t\t\t\t\t<\/div>\n\t\t<\/section>\n\t\t\t\t<\/div>\n\t\t","protected":false},"excerpt":{"rendered":"<p>Pour les SwissSkills 2025 \u00e0 Berne, nous avons pu r\u00e9aliser un projet impressionnant : 11 grandes tentes avec une surface utile de plus de 22&rsquo;000 m\u00b2 ont offert de l&rsquo;espace pour le plus grand championnat des m\u00e9tiers de Suisse. Gr\u00e2ce \u00e0 une planification bien pens\u00e9e et \u00e0 une mise en \u0153uvre pr\u00e9cise, nous avons cr\u00e9\u00e9 les bases d&rsquo;un \u00e9v\u00e9nement inoubliable. <\/p>\n","protected":false},"author":4,"featured_media":9703,"comment_status":"closed","ping_status":"closed","sticky":false,"template":"elementor_header_footer","format":"standard","meta":{"footnotes":""},"categories":[75],"tags":[],"class_list":["post-9725","post","type-post","status-publish","format-standard","has-post-thumbnail","hentry","category-foires-et-salons"],"yoast_head":"<!-- This site is optimized with the Yoast SEO plugin v26.4 - https:\/\/yoast.com\/wordpress\/plugins\/seo\/ -->\n<title>SwissSkills Berne 2025 - Pr\u00e9cision, taille et fonctionnalit\u00e9 - Hunziker AG<\/title>\n<meta name=\"robots\" content=\"index, follow, max-snippet:-1, max-image-preview:large, max-video-preview:-1\" \/>\n<link rel=\"canonical\" href=\"https:\/\/hunziker.ag\/fr\/2025\/09\/22\/swissskills-berne-2025-precision-taille-et-fonctionnalite\/\" \/>\n<meta property=\"og:locale\" content=\"fr_FR\" \/>\n<meta property=\"og:type\" content=\"article\" \/>\n<meta property=\"og:title\" content=\"SwissSkills Berne 2025 - Pr\u00e9cision, taille et fonctionnalit\u00e9 - Hunziker AG\" \/>\n<meta property=\"og:description\" content=\"Pour les SwissSkills 2025 \u00e0 Berne, nous avons pu r\u00e9aliser un projet impressionnant : 11 grandes tentes avec une surface utile de plus de 22&#039;000 m\u00b2 ont offert de l&#039;espace pour le plus grand championnat des m\u00e9tiers de Suisse. Gr\u00e2ce \u00e0 une planification bien pens\u00e9e et \u00e0 une mise en \u0153uvre pr\u00e9cise, nous avons cr\u00e9\u00e9 les bases d&#039;un \u00e9v\u00e9nement inoubliable.\" \/>\n<meta property=\"og:url\" content=\"https:\/\/hunziker.ag\/fr\/2025\/09\/22\/swissskills-berne-2025-precision-taille-et-fonctionnalite\/\" \/>\n<meta property=\"og:site_name\" content=\"Hunziker AG\" \/>\n<meta property=\"article:publisher\" content=\"https:\/\/www.facebook.com\/hunzikerag\" \/>\n<meta property=\"article:published_time\" content=\"2025-09-22T13:20:00+00:00\" \/>\n<meta property=\"article:modified_time\" content=\"2025-11-17T06:50:45+00:00\" \/>\n<meta property=\"og:image\" content=\"https:\/\/hunziker.ag\/wp-content\/uploads\/2025\/10\/SK_AUFB_MFR3737.jpg\" \/>\n\t<meta property=\"og:image:width\" content=\"2000\" \/>\n\t<meta property=\"og:image:height\" content=\"1333\" \/>\n\t<meta property=\"og:image:type\" content=\"image\/jpeg\" \/>\n<meta name=\"author\" content=\"marketing\" \/>\n<meta name=\"twitter:card\" content=\"summary_large_image\" \/>\n<meta name=\"twitter:label1\" content=\"\u00c9crit par\" \/>\n\t<meta name=\"twitter:data1\" content=\"marketing\" \/>\n\t<meta name=\"twitter:label2\" content=\"Dur\u00e9e de lecture estim\u00e9e\" \/>\n\t<meta name=\"twitter:data2\" content=\"1 minute\" \/>\n<script type=\"application\/ld+json\" class=\"yoast-schema-graph\">{\"@context\":\"https:\/\/schema.org\",\"@graph\":[{\"@type\":\"Article\",\"@id\":\"https:\/\/hunziker.ag\/fr\/2025\/09\/22\/swissskills-berne-2025-precision-taille-et-fonctionnalite\/#article\",\"isPartOf\":{\"@id\":\"https:\/\/hunziker.ag\/fr\/2025\/09\/22\/swissskills-berne-2025-precision-taille-et-fonctionnalite\/\"},\"author\":{\"name\":\"marketing\",\"@id\":\"https:\/\/hunziker.ag\/fr\/#\/schema\/person\/6fe92adb69d3e140a24d67f0016f3f52\"},\"headline\":\"SwissSkills Berne 2025 &#8211; Pr\u00e9cision, taille et fonctionnalit\u00e9\",\"datePublished\":\"2025-09-22T13:20:00+00:00\",\"dateModified\":\"2025-11-17T06:50:45+00:00\",\"mainEntityOfPage\":{\"@id\":\"https:\/\/hunziker.ag\/fr\/2025\/09\/22\/swissskills-berne-2025-precision-taille-et-fonctionnalite\/\"},\"wordCount\":284,\"publisher\":{\"@id\":\"https:\/\/hunziker.ag\/fr\/#organization\"},\"image\":{\"@id\":\"https:\/\/hunziker.ag\/fr\/2025\/09\/22\/swissskills-berne-2025-precision-taille-et-fonctionnalite\/#primaryimage\"},\"thumbnailUrl\":\"https:\/\/hunziker.ag\/wp-content\/uploads\/2025\/10\/SK_AUFB_MFR3737.jpg\",\"articleSection\":[\"Foires et salons\"],\"inLanguage\":\"fr-FR\"},{\"@type\":\"WebPage\",\"@id\":\"https:\/\/hunziker.ag\/fr\/2025\/09\/22\/swissskills-berne-2025-precision-taille-et-fonctionnalite\/\",\"url\":\"https:\/\/hunziker.ag\/fr\/2025\/09\/22\/swissskills-berne-2025-precision-taille-et-fonctionnalite\/\",\"name\":\"SwissSkills Berne 2025 - Pr\u00e9cision, taille et fonctionnalit\u00e9 - Hunziker AG\",\"isPartOf\":{\"@id\":\"https:\/\/hunziker.ag\/fr\/#website\"},\"primaryImageOfPage\":{\"@id\":\"https:\/\/hunziker.ag\/fr\/2025\/09\/22\/swissskills-berne-2025-precision-taille-et-fonctionnalite\/#primaryimage\"},\"image\":{\"@id\":\"https:\/\/hunziker.ag\/fr\/2025\/09\/22\/swissskills-berne-2025-precision-taille-et-fonctionnalite\/#primaryimage\"},\"thumbnailUrl\":\"https:\/\/hunziker.ag\/wp-content\/uploads\/2025\/10\/SK_AUFB_MFR3737.jpg\",\"datePublished\":\"2025-09-22T13:20:00+00:00\",\"dateModified\":\"2025-11-17T06:50:45+00:00\",\"breadcrumb\":{\"@id\":\"https:\/\/hunziker.ag\/fr\/2025\/09\/22\/swissskills-berne-2025-precision-taille-et-fonctionnalite\/#breadcrumb\"},\"inLanguage\":\"fr-FR\",\"potentialAction\":[{\"@type\":\"ReadAction\",\"target\":[\"https:\/\/hunziker.ag\/fr\/2025\/09\/22\/swissskills-berne-2025-precision-taille-et-fonctionnalite\/\"]}]},{\"@type\":\"ImageObject\",\"inLanguage\":\"fr-FR\",\"@id\":\"https:\/\/hunziker.ag\/fr\/2025\/09\/22\/swissskills-berne-2025-precision-taille-et-fonctionnalite\/#primaryimage\",\"url\":\"https:\/\/hunziker.ag\/wp-content\/uploads\/2025\/10\/SK_AUFB_MFR3737.jpg\",\"contentUrl\":\"https:\/\/hunziker.ag\/wp-content\/uploads\/2025\/10\/SK_AUFB_MFR3737.jpg\",\"width\":2000,\"height\":1333,\"caption\":\"\ud83d\udcf8 SwissSkills \/ Manu Friedrich\"},{\"@type\":\"BreadcrumbList\",\"@id\":\"https:\/\/hunziker.ag\/fr\/2025\/09\/22\/swissskills-berne-2025-precision-taille-et-fonctionnalite\/#breadcrumb\",\"itemListElement\":[{\"@type\":\"ListItem\",\"position\":1,\"name\":\"Startseite\",\"item\":\"https:\/\/hunziker.ag\/fr\/home\/\"},{\"@type\":\"ListItem\",\"position\":2,\"name\":\"SwissSkills Berne 2025 &#8211; Pr\u00e9cision, taille et fonctionnalit\u00e9\"}]},{\"@type\":\"WebSite\",\"@id\":\"https:\/\/hunziker.ag\/fr\/#website\",\"url\":\"https:\/\/hunziker.ag\/fr\/\",\"name\":\"Hunziker AG\",\"description\":\"Mobile Bauten in jeder Dimension\",\"publisher\":{\"@id\":\"https:\/\/hunziker.ag\/fr\/#organization\"},\"potentialAction\":[{\"@type\":\"SearchAction\",\"target\":{\"@type\":\"EntryPoint\",\"urlTemplate\":\"https:\/\/hunziker.ag\/fr\/?s={search_term_string}\"},\"query-input\":{\"@type\":\"PropertyValueSpecification\",\"valueRequired\":true,\"valueName\":\"search_term_string\"}}],\"inLanguage\":\"fr-FR\"},{\"@type\":\"Organization\",\"@id\":\"https:\/\/hunziker.ag\/fr\/#organization\",\"name\":\"Hunziker AG\",\"url\":\"https:\/\/hunziker.ag\/fr\/\",\"logo\":{\"@type\":\"ImageObject\",\"inLanguage\":\"fr-FR\",\"@id\":\"https:\/\/hunziker.ag\/fr\/#\/schema\/logo\/image\/\",\"url\":\"https:\/\/hunziker.ag\/wp-content\/uploads\/2021\/05\/Favicon_01.png\",\"contentUrl\":\"https:\/\/hunziker.ag\/wp-content\/uploads\/2021\/05\/Favicon_01.png\",\"width\":512,\"height\":512,\"caption\":\"Hunziker AG\"},\"image\":{\"@id\":\"https:\/\/hunziker.ag\/fr\/#\/schema\/logo\/image\/\"},\"sameAs\":[\"https:\/\/www.facebook.com\/hunzikerag\",\"https:\/\/www.instagram.com\/hunzikerag\/\",\"https:\/\/www.linkedin.com\/company\/3173208\/\"]},{\"@type\":\"Person\",\"@id\":\"https:\/\/hunziker.ag\/fr\/#\/schema\/person\/6fe92adb69d3e140a24d67f0016f3f52\",\"name\":\"marketing\"}]}<\/script>\n<!-- \/ Yoast SEO plugin. -->","yoast_head_json":{"title":"SwissSkills Berne 2025 - Pr\u00e9cision, taille et fonctionnalit\u00e9 - Hunziker AG","robots":{"index":"index","follow":"follow","max-snippet":"max-snippet:-1","max-image-preview":"max-image-preview:large","max-video-preview":"max-video-preview:-1"},"canonical":"https:\/\/hunziker.ag\/fr\/2025\/09\/22\/swissskills-berne-2025-precision-taille-et-fonctionnalite\/","og_locale":"fr_FR","og_type":"article","og_title":"SwissSkills Berne 2025 - Pr\u00e9cision, taille et fonctionnalit\u00e9 - Hunziker AG","og_description":"Pour les SwissSkills 2025 \u00e0 Berne, nous avons pu r\u00e9aliser un projet impressionnant : 11 grandes tentes avec une surface utile de plus de 22'000 m\u00b2 ont offert de l'espace pour le plus grand championnat des m\u00e9tiers de Suisse. Gr\u00e2ce \u00e0 une planification bien pens\u00e9e et \u00e0 une mise en \u0153uvre pr\u00e9cise, nous avons cr\u00e9\u00e9 les bases d'un \u00e9v\u00e9nement inoubliable.","og_url":"https:\/\/hunziker.ag\/fr\/2025\/09\/22\/swissskills-berne-2025-precision-taille-et-fonctionnalite\/","og_site_name":"Hunziker AG","article_publisher":"https:\/\/www.facebook.com\/hunzikerag","article_published_time":"2025-09-22T13:20:00+00:00","article_modified_time":"2025-11-17T06:50:45+00:00","og_image":[{"width":2000,"height":1333,"url":"https:\/\/hunziker.ag\/wp-content\/uploads\/2025\/10\/SK_AUFB_MFR3737.jpg","type":"image\/jpeg"}],"author":"marketing","twitter_card":"summary_large_image","twitter_misc":{"\u00c9crit par":"marketing","Dur\u00e9e de lecture estim\u00e9e":"1 minute"},"schema":{"@context":"https:\/\/schema.org","@graph":[{"@type":"Article","@id":"https:\/\/hunziker.ag\/fr\/2025\/09\/22\/swissskills-berne-2025-precision-taille-et-fonctionnalite\/#article","isPartOf":{"@id":"https:\/\/hunziker.ag\/fr\/2025\/09\/22\/swissskills-berne-2025-precision-taille-et-fonctionnalite\/"},"author":{"name":"marketing","@id":"https:\/\/hunziker.ag\/fr\/#\/schema\/person\/6fe92adb69d3e140a24d67f0016f3f52"},"headline":"SwissSkills Berne 2025 &#8211; Pr\u00e9cision, taille et fonctionnalit\u00e9","datePublished":"2025-09-22T13:20:00+00:00","dateModified":"2025-11-17T06:50:45+00:00","mainEntityOfPage":{"@id":"https:\/\/hunziker.ag\/fr\/2025\/09\/22\/swissskills-berne-2025-precision-taille-et-fonctionnalite\/"},"wordCount":284,"publisher":{"@id":"https:\/\/hunziker.ag\/fr\/#organization"},"image":{"@id":"https:\/\/hunziker.ag\/fr\/2025\/09\/22\/swissskills-berne-2025-precision-taille-et-fonctionnalite\/#primaryimage"},"thumbnailUrl":"https:\/\/hunziker.ag\/wp-content\/uploads\/2025\/10\/SK_AUFB_MFR3737.jpg","articleSection":["Foires et salons"],"inLanguage":"fr-FR"},{"@type":"WebPage","@id":"https:\/\/hunziker.ag\/fr\/2025\/09\/22\/swissskills-berne-2025-precision-taille-et-fonctionnalite\/","url":"https:\/\/hunziker.ag\/fr\/2025\/09\/22\/swissskills-berne-2025-precision-taille-et-fonctionnalite\/","name":"SwissSkills Berne 2025 - Pr\u00e9cision, taille et fonctionnalit\u00e9 - Hunziker AG","isPartOf":{"@id":"https:\/\/hunziker.ag\/fr\/#website"},"primaryImageOfPage":{"@id":"https:\/\/hunziker.ag\/fr\/2025\/09\/22\/swissskills-berne-2025-precision-taille-et-fonctionnalite\/#primaryimage"},"image":{"@id":"https:\/\/hunziker.ag\/fr\/2025\/09\/22\/swissskills-berne-2025-precision-taille-et-fonctionnalite\/#primaryimage"},"thumbnailUrl":"https:\/\/hunziker.ag\/wp-content\/uploads\/2025\/10\/SK_AUFB_MFR3737.jpg","datePublished":"2025-09-22T13:20:00+00:00","dateModified":"2025-11-17T06:50:45+00:00","breadcrumb":{"@id":"https:\/\/hunziker.ag\/fr\/2025\/09\/22\/swissskills-berne-2025-precision-taille-et-fonctionnalite\/#breadcrumb"},"inLanguage":"fr-FR","potentialAction":[{"@type":"ReadAction","target":["https:\/\/hunziker.ag\/fr\/2025\/09\/22\/swissskills-berne-2025-precision-taille-et-fonctionnalite\/"]}]},{"@type":"ImageObject","inLanguage":"fr-FR","@id":"https:\/\/hunziker.ag\/fr\/2025\/09\/22\/swissskills-berne-2025-precision-taille-et-fonctionnalite\/#primaryimage","url":"https:\/\/hunziker.ag\/wp-content\/uploads\/2025\/10\/SK_AUFB_MFR3737.jpg","contentUrl":"https:\/\/hunziker.ag\/wp-content\/uploads\/2025\/10\/SK_AUFB_MFR3737.jpg","width":2000,"height":1333,"caption":"\ud83d\udcf8 SwissSkills \/ Manu Friedrich"},{"@type":"BreadcrumbList","@id":"https:\/\/hunziker.ag\/fr\/2025\/09\/22\/swissskills-berne-2025-precision-taille-et-fonctionnalite\/#breadcrumb","itemListElement":[{"@type":"ListItem","position":1,"name":"Startseite","item":"https:\/\/hunziker.ag\/fr\/home\/"},{"@type":"ListItem","position":2,"name":"SwissSkills Berne 2025 &#8211; Pr\u00e9cision, taille et fonctionnalit\u00e9"}]},{"@type":"WebSite","@id":"https:\/\/hunziker.ag\/fr\/#website","url":"https:\/\/hunziker.ag\/fr\/","name":"Hunziker AG","description":"Mobile Bauten in jeder Dimension","publisher":{"@id":"https:\/\/hunziker.ag\/fr\/#organization"},"potentialAction":[{"@type":"SearchAction","target":{"@type":"EntryPoint","urlTemplate":"https:\/\/hunziker.ag\/fr\/?s={search_term_string}"},"query-input":{"@type":"PropertyValueSpecification","valueRequired":true,"valueName":"search_term_string"}}],"inLanguage":"fr-FR"},{"@type":"Organization","@id":"https:\/\/hunziker.ag\/fr\/#organization","name":"Hunziker AG","url":"https:\/\/hunziker.ag\/fr\/","logo":{"@type":"ImageObject","inLanguage":"fr-FR","@id":"https:\/\/hunziker.ag\/fr\/#\/schema\/logo\/image\/","url":"https:\/\/hunziker.ag\/wp-content\/uploads\/2021\/05\/Favicon_01.png","contentUrl":"https:\/\/hunziker.ag\/wp-content\/uploads\/2021\/05\/Favicon_01.png","width":512,"height":512,"caption":"Hunziker AG"},"image":{"@id":"https:\/\/hunziker.ag\/fr\/#\/schema\/logo\/image\/"},"sameAs":["https:\/\/www.facebook.com\/hunzikerag","https:\/\/www.instagram.com\/hunzikerag\/","https:\/\/www.linkedin.com\/company\/3173208\/"]},{"@type":"Person","@id":"https:\/\/hunziker.ag\/fr\/#\/schema\/person\/6fe92adb69d3e140a24d67f0016f3f52","name":"marketing"}]}},"_links":{"self":[{"href":"https:\/\/hunziker.ag\/fr\/wp-json\/wp\/v2\/posts\/9725","targetHints":{"allow":["GET"]}}],"collection":[{"href":"https:\/\/hunziker.ag\/fr\/wp-json\/wp\/v2\/posts"}],"about":[{"href":"https:\/\/hunziker.ag\/fr\/wp-json\/wp\/v2\/types\/post"}],"author":[{"embeddable":true,"href":"https:\/\/hunziker.ag\/fr\/wp-json\/wp\/v2\/users\/4"}],"replies":[{"embeddable":true,"href":"https:\/\/hunziker.ag\/fr\/wp-json\/wp\/v2\/comments?post=9725"}],"version-history":[{"count":4,"href":"https:\/\/hunziker.ag\/fr\/wp-json\/wp\/v2\/posts\/9725\/revisions"}],"predecessor-version":[{"id":9977,"href":"https:\/\/hunziker.ag\/fr\/wp-json\/wp\/v2\/posts\/9725\/revisions\/9977"}],"wp:featuredmedia":[{"embeddable":true,"href":"https:\/\/hunziker.ag\/fr\/wp-json\/wp\/v2\/media\/9703"}],"wp:attachment":[{"href":"https:\/\/hunziker.ag\/fr\/wp-json\/wp\/v2\/media?parent=9725"}],"wp:term":[{"taxonomy":"category","embeddable":true,"href":"https:\/\/hunziker.ag\/fr\/wp-json\/wp\/v2\/categories?post=9725"},{"taxonomy":"post_tag","embeddable":true,"href":"https:\/\/hunziker.ag\/fr\/wp-json\/wp\/v2\/tags?post=9725"}],"curies":[{"name":"wp","href":"https:\/\/api.w.org\/{rel}","templated":true}]}}