{"id":9723,"date":"2025-10-28T08:43:33","date_gmt":"2025-10-28T07:43:33","guid":{"rendered":"https:\/\/hunziker.ag\/2025\/10\/28\/parfaitement-couvertes-nos-tentes-au-suisse-caravan-salon\/"},"modified":"2025-11-19T15:27:49","modified_gmt":"2025-11-19T14:27:49","slug":"parfaitement-couvertes-nos-tentes-au-suisse-caravan-salon","status":"publish","type":"post","link":"https:\/\/hunziker.ag\/fr\/2025\/10\/28\/parfaitement-couvertes-nos-tentes-au-suisse-caravan-salon\/","title":{"rendered":"Parfaitement couvertes &#8211; nos tentes au Suisse Caravan Salon"},"content":{"rendered":"\t\t<div data-elementor-type=\"wp-post\" data-elementor-id=\"9723\" class=\"elementor elementor-9723 elementor-9458\" data-elementor-post-type=\"post\">\n\t\t\t\t\t\t<section class=\"elementor-section elementor-top-section elementor-element elementor-element-d34e2b8 elementor-section-height-min-height elementor-section-content-middle elementor-section-boxed elementor-section-height-default elementor-section-items-middle\" data-id=\"d34e2b8\" data-element_type=\"section\" data-settings=\"{&quot;background_background&quot;:&quot;classic&quot;}\">\n\t\t\t\t\t\t<div class=\"elementor-container elementor-column-gap-default\">\n\t\t\t\t\t<div class=\"elementor-column elementor-col-100 elementor-top-column elementor-element elementor-element-25bb0a1\" data-id=\"25bb0a1\" data-element_type=\"column\" data-settings=\"{&quot;background_background&quot;:&quot;classic&quot;}\">\n\t\t\t<div class=\"elementor-widget-wrap elementor-element-populated\">\n\t\t\t\t\t\t<section class=\"elementor-section elementor-inner-section elementor-element elementor-element-f16853d elementor-section-content-middle elementor-section-boxed elementor-section-height-default elementor-section-height-default\" data-id=\"f16853d\" data-element_type=\"section\">\n\t\t\t\t\t\t<div class=\"elementor-container elementor-column-gap-default\">\n\t\t\t\t\t<div class=\"elementor-column elementor-col-50 elementor-inner-column elementor-element elementor-element-2ead4e46\" data-id=\"2ead4e46\" data-element_type=\"column\">\n\t\t\t<div class=\"elementor-widget-wrap elementor-element-populated\">\n\t\t\t\t\t\t<div class=\"elementor-element elementor-element-31292850 elementor-widget elementor-widget-theme-post-title elementor-page-title elementor-widget-heading\" data-id=\"31292850\" data-element_type=\"widget\" data-widget_type=\"theme-post-title.default\">\n\t\t\t\t<div class=\"elementor-widget-container\">\n\t\t\t\t\t<h1 class=\"elementor-heading-title elementor-size-default\">Parfaitement couvertes &#8211; nos tentes au Suisse Caravan Salon<\/h1>\t\t\t\t<\/div>\n\t\t\t\t<\/div>\n\t\t\t\t<div class=\"elementor-element elementor-element-21b09663 elementor-widget elementor-widget-text-editor\" data-id=\"21b09663\" data-element_type=\"widget\" data-widget_type=\"text-editor.default\">\n\t\t\t\t<div class=\"elementor-widget-container\">\n\t\t\t\t\t\t\t\t\t<p>Le Suisse Caravan Salon est le salon le plus grand et le plus diversifi\u00e9 de Suisse pour le camping et le caravaning. Il ne se d\u00e9roule pas seulement \u00e0 l&rsquo;int\u00e9rieur des halles de BernExpo, mais s&rsquo;\u00e9tend en plus sur les vastes espaces ext\u00e9rieurs du site. <\/p><p>Afin de prot\u00e9ger efficacement le mat\u00e9riel de camping, les camping-cars et les caravanes de la pluie automnale, nous avons construit <strong>trois grandes tentes spacieuses<\/strong>. Enti\u00e8rement \u00e9quip\u00e9es d&rsquo;<strong>\u00e9clairage<\/strong> et <strong>de portes vitr\u00e9es<\/strong>, ces tentes se pr\u00e9sentent comme une solution spatiale fonctionnelle et \u00e9l\u00e9gante &#8211; parfaitement pr\u00e9par\u00e9e pour que les objets expos\u00e9s puissent briller sous leur meilleur jour. En compl\u00e9ment, nos <strong>tentes d&rsquo;entr\u00e9e<\/strong> assurent une transition propre et facile entre l&rsquo;int\u00e9rieur et l&rsquo;ext\u00e9rieur.  <\/p><p>Gr\u00e2ce \u00e0 ces mesures bien pens\u00e9es, nous offrons une surface de pr\u00e9sentation de qualit\u00e9 et confortable &#8211; afin que les exposants comme les visiteurs puissent vivre au mieux leur pr\u00e9sence au salon.<\/p>\t\t\t\t\t\t\t\t<\/div>\n\t\t\t\t<\/div>\n\t\t\t\t<div class=\"elementor-element elementor-element-62909d28 elementor-align-left elementor-widget elementor-widget-button\" data-id=\"62909d28\" data-element_type=\"widget\" data-widget_type=\"button.default\">\n\t\t\t\t<div class=\"elementor-widget-container\">\n\t\t\t\t\t\t\t\t\t<div class=\"elementor-button-wrapper\">\n\t\t\t\t\t<a class=\"elementor-button elementor-size-sm\" role=\"button\" id=\"back-button\">\n\t\t\t\t\t\t<span class=\"elementor-button-content-wrapper\">\n\t\t\t\t\t\t<span class=\"elementor-button-icon\">\n\t\t\t\t<i aria-hidden=\"true\" class=\"fas fa-arrow-left\"><\/i>\t\t\t<\/span>\n\t\t\t\t\t\t\t\t\t<span class=\"elementor-button-text\">Retour<\/span>\n\t\t\t\t\t<\/span>\n\t\t\t\t\t<\/a>\n\t\t\t\t<\/div>\n\t\t\t\t\t\t\t\t<\/div>\n\t\t\t\t<\/div>\n\t\t\t\t\t<\/div>\n\t\t<\/div>\n\t\t\t\t<div class=\"elementor-column elementor-col-50 elementor-inner-column elementor-element elementor-element-29b05b63\" data-id=\"29b05b63\" data-element_type=\"column\">\n\t\t\t<div class=\"elementor-widget-wrap elementor-element-populated\">\n\t\t\t\t\t\t<div class=\"elementor-element elementor-element-a39dc9d elementor-arrows-position-inside elementor-pagination-position-outside elementor-widget elementor-widget-image-carousel\" data-id=\"a39dc9d\" data-element_type=\"widget\" data-settings=\"{&quot;slides_to_show&quot;:&quot;1&quot;,&quot;navigation&quot;:&quot;both&quot;,&quot;autoplay&quot;:&quot;yes&quot;,&quot;pause_on_hover&quot;:&quot;yes&quot;,&quot;pause_on_interaction&quot;:&quot;yes&quot;,&quot;autoplay_speed&quot;:5000,&quot;infinite&quot;:&quot;yes&quot;,&quot;effect&quot;:&quot;slide&quot;,&quot;speed&quot;:500}\" data-widget_type=\"image-carousel.default\">\n\t\t\t\t<div class=\"elementor-widget-container\">\n\t\t\t\t\t\t\t<div class=\"elementor-image-carousel-wrapper swiper\" role=\"region\" aria-roledescription=\"carousel\" aria-label=\"Bild Karussell\" dir=\"ltr\">\n\t\t\t<div class=\"elementor-image-carousel swiper-wrapper\" aria-live=\"off\">\n\t\t\t\t\t\t\t\t<div class=\"swiper-slide\" role=\"group\" aria-roledescription=\"slide\" aria-label=\"1 sur 7\"><figure class=\"swiper-slide-inner\"><img decoding=\"async\" class=\"swiper-slide-image\" src=\"https:\/\/hunziker.ag\/wp-content\/uploads\/2025\/11\/caravan-ausstellung-bern-240605-1024x682.jpg\" alt=\"APPAREIL PHOTO NUM\u00c9RIQUE OLYMPUS\" \/><\/figure><\/div><div class=\"swiper-slide\" role=\"group\" aria-roledescription=\"slide\" aria-label=\"2 sur 7\"><figure class=\"swiper-slide-inner\"><img decoding=\"async\" class=\"swiper-slide-image\" src=\"https:\/\/hunziker.ag\/wp-content\/uploads\/2025\/11\/caravan-ausstellung-bern-240278-1024x682.jpg\" alt=\"APPAREIL PHOTO NUM\u00c9RIQUE OLYMPUS\" \/><\/figure><\/div><div class=\"swiper-slide\" role=\"group\" aria-roledescription=\"slide\" aria-label=\"3 sur 7\"><figure class=\"swiper-slide-inner\"><img decoding=\"async\" class=\"swiper-slide-image\" src=\"https:\/\/hunziker.ag\/wp-content\/uploads\/2025\/11\/caravan-ausstellung-bern-240483-1024x682.jpg\" alt=\"APPAREIL PHOTO NUM\u00c9RIQUE OLYMPUS\" \/><\/figure><\/div><div class=\"swiper-slide\" role=\"group\" aria-roledescription=\"slide\" aria-label=\"4 sur 7\"><figure class=\"swiper-slide-inner\"><img decoding=\"async\" class=\"swiper-slide-image\" src=\"https:\/\/hunziker.ag\/wp-content\/uploads\/2025\/11\/caravan-ausstellung-bern-240585-1024x682.jpg\" alt=\"APPAREIL PHOTO NUM\u00c9RIQUE OLYMPUS\" \/><\/figure><\/div><div class=\"swiper-slide\" role=\"group\" aria-roledescription=\"slide\" aria-label=\"5 sur 7\"><figure class=\"swiper-slide-inner\"><img decoding=\"async\" class=\"swiper-slide-image\" src=\"https:\/\/hunziker.ag\/wp-content\/uploads\/2025\/11\/caravan-ausstellung-bern-240249-1024x682.jpg\" alt=\"APPAREIL PHOTO NUM\u00c9RIQUE OLYMPUS\" \/><\/figure><\/div><div class=\"swiper-slide\" role=\"group\" aria-roledescription=\"slide\" aria-label=\"6 sur 7\"><figure class=\"swiper-slide-inner\"><img decoding=\"async\" class=\"swiper-slide-image\" src=\"https:\/\/hunziker.ag\/wp-content\/uploads\/2025\/11\/caravan-ausstellung-bern-240537-1024x682.jpg\" alt=\"APPAREIL PHOTO NUM\u00c9RIQUE OLYMPUS\" \/><\/figure><\/div><div class=\"swiper-slide\" role=\"group\" aria-roledescription=\"slide\" aria-label=\"7 sur 7\"><figure class=\"swiper-slide-inner\"><img decoding=\"async\" class=\"swiper-slide-image\" src=\"https:\/\/hunziker.ag\/wp-content\/uploads\/2025\/11\/caravan-ausstellung-bern-240524-1024x682.jpg\" alt=\"APPAREIL PHOTO NUM\u00c9RIQUE OLYMPUS\" \/><\/figure><\/div>\t\t\t<\/div>\n\t\t\t\t\t\t\t\t\t\t\t\t<div class=\"elementor-swiper-button elementor-swiper-button-prev\" role=\"button\" tabindex=\"0\">\n\t\t\t\t\t\t<i aria-hidden=\"true\" class=\"eicon-chevron-left\"><\/i>\t\t\t\t\t<\/div>\n\t\t\t\t\t<div class=\"elementor-swiper-button elementor-swiper-button-next\" role=\"button\" tabindex=\"0\">\n\t\t\t\t\t\t<i aria-hidden=\"true\" class=\"eicon-chevron-right\"><\/i>\t\t\t\t\t<\/div>\n\t\t\t\t\n\t\t\t\t\t\t\t\t\t<div class=\"swiper-pagination\"><\/div>\n\t\t\t\t\t\t\t\t\t<\/div>\n\t\t\t\t\t\t<\/div>\n\t\t\t\t<\/div>\n\t\t\t\t<div class=\"elementor-element elementor-element-89c2dee elementor-widget__width-initial elementor-widget elementor-widget-image\" data-id=\"89c2dee\" data-element_type=\"widget\" data-widget_type=\"image.default\">\n\t\t\t\t<div class=\"elementor-widget-container\">\n\t\t\t\t\t\t\t\t\t\t\t\t\t\t\t\t<a href=\"https:\/\/lausanne2025.ch\/de\/\">\n\t\t\t\t\t\t\t<img fetchpriority=\"high\" decoding=\"async\" width=\"300\" height=\"172\" src=\"https:\/\/hunziker.ag\/wp-content\/uploads\/2025\/11\/SCS_Logo_rgb_farbig-300x172.png\" class=\"attachment-medium size-medium wp-image-9702\" alt=\"\" srcset=\"https:\/\/hunziker.ag\/wp-content\/uploads\/2025\/11\/SCS_Logo_rgb_farbig-300x172.png 300w, https:\/\/hunziker.ag\/wp-content\/uploads\/2025\/11\/SCS_Logo_rgb_farbig-1024x586.png 1024w, https:\/\/hunziker.ag\/wp-content\/uploads\/2025\/11\/SCS_Logo_rgb_farbig-768x439.png 768w, https:\/\/hunziker.ag\/wp-content\/uploads\/2025\/11\/SCS_Logo_rgb_farbig.png 1035w\" sizes=\"(max-width: 300px) 100vw, 300px\" \/>\t\t\t\t\t\t\t\t<\/a>\n\t\t\t\t\t\t\t\t\t\t\t\t\t\t\t<\/div>\n\t\t\t\t<\/div>\n\t\t\t\t\t<\/div>\n\t\t<\/div>\n\t\t\t\t\t<\/div>\n\t\t<\/section>\n\t\t\t\t\t<\/div>\n\t\t<\/div>\n\t\t\t\t\t<\/div>\n\t\t<\/section>\n\t\t\t\t<section class=\"elementor-section elementor-top-section elementor-element elementor-element-c940eb1 elementor-section-boxed elementor-section-height-default elementor-section-height-default\" data-id=\"c940eb1\" data-element_type=\"section\">\n\t\t\t\t\t\t<div class=\"elementor-container elementor-column-gap-default\">\n\t\t\t\t\t<div class=\"elementor-column elementor-col-100 elementor-top-column elementor-element elementor-element-c123e02\" data-id=\"c123e02\" data-element_type=\"column\">\n\t\t\t<div class=\"elementor-widget-wrap\">\n\t\t\t\t\t\t\t<\/div>\n\t\t<\/div>\n\t\t\t\t\t<\/div>\n\t\t<\/section>\n\t\t\t\t<\/div>\n\t\t","protected":false},"excerpt":{"rendered":"<p>Pour le Suisse Caravan Salon \u00e0 Berne, nous avons r\u00e9alis\u00e9 trois grandes tentes spacieuses avec \u00e9clairage et portes vitr\u00e9es &#8211; fonctionnelles, r\u00e9sistantes aux intemp\u00e9ries et id\u00e9ales pour la pr\u00e9sentation de camping-cars et de mat\u00e9riel de camping.<\/p>\n","protected":false},"author":4,"featured_media":9698,"comment_status":"closed","ping_status":"closed","sticky":false,"template":"elementor_header_footer","format":"standard","meta":{"footnotes":""},"categories":[75],"tags":[],"class_list":["post-9723","post","type-post","status-publish","format-standard","has-post-thumbnail","hentry","category-foires-et-salons"],"yoast_head":"<!-- This site is optimized with the Yoast SEO plugin v26.4 - https:\/\/yoast.com\/wordpress\/plugins\/seo\/ -->\n<title>Parfaitement couvertes - nos tentes au Suisse Caravan Salon - Hunziker AG<\/title>\n<meta name=\"robots\" content=\"index, follow, max-snippet:-1, max-image-preview:large, max-video-preview:-1\" \/>\n<link rel=\"canonical\" href=\"https:\/\/hunziker.ag\/fr\/2025\/10\/28\/parfaitement-couvertes-nos-tentes-au-suisse-caravan-salon\/\" \/>\n<meta property=\"og:locale\" content=\"fr_FR\" \/>\n<meta property=\"og:type\" content=\"article\" \/>\n<meta property=\"og:title\" content=\"Parfaitement couvertes - nos tentes au Suisse Caravan Salon - Hunziker AG\" \/>\n<meta property=\"og:description\" content=\"Pour le Suisse Caravan Salon \u00e0 Berne, nous avons r\u00e9alis\u00e9 trois grandes tentes spacieuses avec \u00e9clairage et portes vitr\u00e9es - fonctionnelles, r\u00e9sistantes aux intemp\u00e9ries et id\u00e9ales pour la pr\u00e9sentation de camping-cars et de mat\u00e9riel de camping.\" \/>\n<meta property=\"og:url\" content=\"https:\/\/hunziker.ag\/fr\/2025\/10\/28\/parfaitement-couvertes-nos-tentes-au-suisse-caravan-salon\/\" \/>\n<meta property=\"og:site_name\" content=\"Hunziker AG\" \/>\n<meta property=\"article:publisher\" content=\"https:\/\/www.facebook.com\/hunzikerag\" \/>\n<meta property=\"article:published_time\" content=\"2025-10-28T07:43:33+00:00\" \/>\n<meta property=\"article:modified_time\" content=\"2025-11-19T14:27:49+00:00\" \/>\n<meta property=\"og:image\" content=\"https:\/\/hunziker.ag\/wp-content\/uploads\/2025\/11\/caravan-ausstellung-bern-240585.jpg\" \/>\n\t<meta property=\"og:image:width\" content=\"2000\" \/>\n\t<meta property=\"og:image:height\" content=\"1333\" \/>\n\t<meta property=\"og:image:type\" content=\"image\/jpeg\" \/>\n<meta name=\"author\" content=\"marketing\" \/>\n<meta name=\"twitter:card\" content=\"summary_large_image\" \/>\n<meta name=\"twitter:label1\" content=\"\u00c9crit par\" \/>\n\t<meta name=\"twitter:data1\" content=\"marketing\" \/>\n\t<meta name=\"twitter:label2\" content=\"Dur\u00e9e de lecture estim\u00e9e\" \/>\n\t<meta name=\"twitter:data2\" content=\"1 minute\" \/>\n<script type=\"application\/ld+json\" class=\"yoast-schema-graph\">{\"@context\":\"https:\/\/schema.org\",\"@graph\":[{\"@type\":\"Article\",\"@id\":\"https:\/\/hunziker.ag\/fr\/2025\/10\/28\/parfaitement-couvertes-nos-tentes-au-suisse-caravan-salon\/#article\",\"isPartOf\":{\"@id\":\"https:\/\/hunziker.ag\/fr\/2025\/10\/28\/parfaitement-couvertes-nos-tentes-au-suisse-caravan-salon\/\"},\"author\":{\"name\":\"marketing\",\"@id\":\"https:\/\/hunziker.ag\/fr\/#\/schema\/person\/6fe92adb69d3e140a24d67f0016f3f52\"},\"headline\":\"Parfaitement couvertes &#8211; nos tentes au Suisse Caravan Salon\",\"datePublished\":\"2025-10-28T07:43:33+00:00\",\"dateModified\":\"2025-11-19T14:27:49+00:00\",\"mainEntityOfPage\":{\"@id\":\"https:\/\/hunziker.ag\/fr\/2025\/10\/28\/parfaitement-couvertes-nos-tentes-au-suisse-caravan-salon\/\"},\"wordCount\":183,\"publisher\":{\"@id\":\"https:\/\/hunziker.ag\/fr\/#organization\"},\"image\":{\"@id\":\"https:\/\/hunziker.ag\/fr\/2025\/10\/28\/parfaitement-couvertes-nos-tentes-au-suisse-caravan-salon\/#primaryimage\"},\"thumbnailUrl\":\"https:\/\/hunziker.ag\/wp-content\/uploads\/2025\/11\/caravan-ausstellung-bern-240585.jpg\",\"articleSection\":[\"Foires et salons\"],\"inLanguage\":\"fr-FR\"},{\"@type\":\"WebPage\",\"@id\":\"https:\/\/hunziker.ag\/fr\/2025\/10\/28\/parfaitement-couvertes-nos-tentes-au-suisse-caravan-salon\/\",\"url\":\"https:\/\/hunziker.ag\/fr\/2025\/10\/28\/parfaitement-couvertes-nos-tentes-au-suisse-caravan-salon\/\",\"name\":\"Parfaitement couvertes - nos tentes au Suisse Caravan Salon - Hunziker AG\",\"isPartOf\":{\"@id\":\"https:\/\/hunziker.ag\/fr\/#website\"},\"primaryImageOfPage\":{\"@id\":\"https:\/\/hunziker.ag\/fr\/2025\/10\/28\/parfaitement-couvertes-nos-tentes-au-suisse-caravan-salon\/#primaryimage\"},\"image\":{\"@id\":\"https:\/\/hunziker.ag\/fr\/2025\/10\/28\/parfaitement-couvertes-nos-tentes-au-suisse-caravan-salon\/#primaryimage\"},\"thumbnailUrl\":\"https:\/\/hunziker.ag\/wp-content\/uploads\/2025\/11\/caravan-ausstellung-bern-240585.jpg\",\"datePublished\":\"2025-10-28T07:43:33+00:00\",\"dateModified\":\"2025-11-19T14:27:49+00:00\",\"breadcrumb\":{\"@id\":\"https:\/\/hunziker.ag\/fr\/2025\/10\/28\/parfaitement-couvertes-nos-tentes-au-suisse-caravan-salon\/#breadcrumb\"},\"inLanguage\":\"fr-FR\",\"potentialAction\":[{\"@type\":\"ReadAction\",\"target\":[\"https:\/\/hunziker.ag\/fr\/2025\/10\/28\/parfaitement-couvertes-nos-tentes-au-suisse-caravan-salon\/\"]}]},{\"@type\":\"ImageObject\",\"inLanguage\":\"fr-FR\",\"@id\":\"https:\/\/hunziker.ag\/fr\/2025\/10\/28\/parfaitement-couvertes-nos-tentes-au-suisse-caravan-salon\/#primaryimage\",\"url\":\"https:\/\/hunziker.ag\/wp-content\/uploads\/2025\/11\/caravan-ausstellung-bern-240585.jpg\",\"contentUrl\":\"https:\/\/hunziker.ag\/wp-content\/uploads\/2025\/11\/caravan-ausstellung-bern-240585.jpg\",\"width\":2000,\"height\":1333},{\"@type\":\"BreadcrumbList\",\"@id\":\"https:\/\/hunziker.ag\/fr\/2025\/10\/28\/parfaitement-couvertes-nos-tentes-au-suisse-caravan-salon\/#breadcrumb\",\"itemListElement\":[{\"@type\":\"ListItem\",\"position\":1,\"name\":\"Startseite\",\"item\":\"https:\/\/hunziker.ag\/fr\/home\/\"},{\"@type\":\"ListItem\",\"position\":2,\"name\":\"Parfaitement couvertes &#8211; nos tentes au Suisse Caravan Salon\"}]},{\"@type\":\"WebSite\",\"@id\":\"https:\/\/hunziker.ag\/fr\/#website\",\"url\":\"https:\/\/hunziker.ag\/fr\/\",\"name\":\"Hunziker AG\",\"description\":\"Mobile Bauten in jeder Dimension\",\"publisher\":{\"@id\":\"https:\/\/hunziker.ag\/fr\/#organization\"},\"potentialAction\":[{\"@type\":\"SearchAction\",\"target\":{\"@type\":\"EntryPoint\",\"urlTemplate\":\"https:\/\/hunziker.ag\/fr\/?s={search_term_string}\"},\"query-input\":{\"@type\":\"PropertyValueSpecification\",\"valueRequired\":true,\"valueName\":\"search_term_string\"}}],\"inLanguage\":\"fr-FR\"},{\"@type\":\"Organization\",\"@id\":\"https:\/\/hunziker.ag\/fr\/#organization\",\"name\":\"Hunziker AG\",\"url\":\"https:\/\/hunziker.ag\/fr\/\",\"logo\":{\"@type\":\"ImageObject\",\"inLanguage\":\"fr-FR\",\"@id\":\"https:\/\/hunziker.ag\/fr\/#\/schema\/logo\/image\/\",\"url\":\"https:\/\/hunziker.ag\/wp-content\/uploads\/2021\/05\/Favicon_01.png\",\"contentUrl\":\"https:\/\/hunziker.ag\/wp-content\/uploads\/2021\/05\/Favicon_01.png\",\"width\":512,\"height\":512,\"caption\":\"Hunziker AG\"},\"image\":{\"@id\":\"https:\/\/hunziker.ag\/fr\/#\/schema\/logo\/image\/\"},\"sameAs\":[\"https:\/\/www.facebook.com\/hunzikerag\",\"https:\/\/www.instagram.com\/hunzikerag\/\",\"https:\/\/www.linkedin.com\/company\/3173208\/\"]},{\"@type\":\"Person\",\"@id\":\"https:\/\/hunziker.ag\/fr\/#\/schema\/person\/6fe92adb69d3e140a24d67f0016f3f52\",\"name\":\"marketing\"}]}<\/script>\n<!-- \/ Yoast SEO plugin. -->","yoast_head_json":{"title":"Parfaitement couvertes - nos tentes au Suisse Caravan Salon - Hunziker AG","robots":{"index":"index","follow":"follow","max-snippet":"max-snippet:-1","max-image-preview":"max-image-preview:large","max-video-preview":"max-video-preview:-1"},"canonical":"https:\/\/hunziker.ag\/fr\/2025\/10\/28\/parfaitement-couvertes-nos-tentes-au-suisse-caravan-salon\/","og_locale":"fr_FR","og_type":"article","og_title":"Parfaitement couvertes - nos tentes au Suisse Caravan Salon - Hunziker AG","og_description":"Pour le Suisse Caravan Salon \u00e0 Berne, nous avons r\u00e9alis\u00e9 trois grandes tentes spacieuses avec \u00e9clairage et portes vitr\u00e9es - fonctionnelles, r\u00e9sistantes aux intemp\u00e9ries et id\u00e9ales pour la pr\u00e9sentation de camping-cars et de mat\u00e9riel de camping.","og_url":"https:\/\/hunziker.ag\/fr\/2025\/10\/28\/parfaitement-couvertes-nos-tentes-au-suisse-caravan-salon\/","og_site_name":"Hunziker AG","article_publisher":"https:\/\/www.facebook.com\/hunzikerag","article_published_time":"2025-10-28T07:43:33+00:00","article_modified_time":"2025-11-19T14:27:49+00:00","og_image":[{"width":2000,"height":1333,"url":"https:\/\/hunziker.ag\/wp-content\/uploads\/2025\/11\/caravan-ausstellung-bern-240585.jpg","type":"image\/jpeg"}],"author":"marketing","twitter_card":"summary_large_image","twitter_misc":{"\u00c9crit par":"marketing","Dur\u00e9e de lecture estim\u00e9e":"1 minute"},"schema":{"@context":"https:\/\/schema.org","@graph":[{"@type":"Article","@id":"https:\/\/hunziker.ag\/fr\/2025\/10\/28\/parfaitement-couvertes-nos-tentes-au-suisse-caravan-salon\/#article","isPartOf":{"@id":"https:\/\/hunziker.ag\/fr\/2025\/10\/28\/parfaitement-couvertes-nos-tentes-au-suisse-caravan-salon\/"},"author":{"name":"marketing","@id":"https:\/\/hunziker.ag\/fr\/#\/schema\/person\/6fe92adb69d3e140a24d67f0016f3f52"},"headline":"Parfaitement couvertes &#8211; nos tentes au Suisse Caravan Salon","datePublished":"2025-10-28T07:43:33+00:00","dateModified":"2025-11-19T14:27:49+00:00","mainEntityOfPage":{"@id":"https:\/\/hunziker.ag\/fr\/2025\/10\/28\/parfaitement-couvertes-nos-tentes-au-suisse-caravan-salon\/"},"wordCount":183,"publisher":{"@id":"https:\/\/hunziker.ag\/fr\/#organization"},"image":{"@id":"https:\/\/hunziker.ag\/fr\/2025\/10\/28\/parfaitement-couvertes-nos-tentes-au-suisse-caravan-salon\/#primaryimage"},"thumbnailUrl":"https:\/\/hunziker.ag\/wp-content\/uploads\/2025\/11\/caravan-ausstellung-bern-240585.jpg","articleSection":["Foires et salons"],"inLanguage":"fr-FR"},{"@type":"WebPage","@id":"https:\/\/hunziker.ag\/fr\/2025\/10\/28\/parfaitement-couvertes-nos-tentes-au-suisse-caravan-salon\/","url":"https:\/\/hunziker.ag\/fr\/2025\/10\/28\/parfaitement-couvertes-nos-tentes-au-suisse-caravan-salon\/","name":"Parfaitement couvertes - nos tentes au Suisse Caravan Salon - Hunziker AG","isPartOf":{"@id":"https:\/\/hunziker.ag\/fr\/#website"},"primaryImageOfPage":{"@id":"https:\/\/hunziker.ag\/fr\/2025\/10\/28\/parfaitement-couvertes-nos-tentes-au-suisse-caravan-salon\/#primaryimage"},"image":{"@id":"https:\/\/hunziker.ag\/fr\/2025\/10\/28\/parfaitement-couvertes-nos-tentes-au-suisse-caravan-salon\/#primaryimage"},"thumbnailUrl":"https:\/\/hunziker.ag\/wp-content\/uploads\/2025\/11\/caravan-ausstellung-bern-240585.jpg","datePublished":"2025-10-28T07:43:33+00:00","dateModified":"2025-11-19T14:27:49+00:00","breadcrumb":{"@id":"https:\/\/hunziker.ag\/fr\/2025\/10\/28\/parfaitement-couvertes-nos-tentes-au-suisse-caravan-salon\/#breadcrumb"},"inLanguage":"fr-FR","potentialAction":[{"@type":"ReadAction","target":["https:\/\/hunziker.ag\/fr\/2025\/10\/28\/parfaitement-couvertes-nos-tentes-au-suisse-caravan-salon\/"]}]},{"@type":"ImageObject","inLanguage":"fr-FR","@id":"https:\/\/hunziker.ag\/fr\/2025\/10\/28\/parfaitement-couvertes-nos-tentes-au-suisse-caravan-salon\/#primaryimage","url":"https:\/\/hunziker.ag\/wp-content\/uploads\/2025\/11\/caravan-ausstellung-bern-240585.jpg","contentUrl":"https:\/\/hunziker.ag\/wp-content\/uploads\/2025\/11\/caravan-ausstellung-bern-240585.jpg","width":2000,"height":1333},{"@type":"BreadcrumbList","@id":"https:\/\/hunziker.ag\/fr\/2025\/10\/28\/parfaitement-couvertes-nos-tentes-au-suisse-caravan-salon\/#breadcrumb","itemListElement":[{"@type":"ListItem","position":1,"name":"Startseite","item":"https:\/\/hunziker.ag\/fr\/home\/"},{"@type":"ListItem","position":2,"name":"Parfaitement couvertes &#8211; nos tentes au Suisse Caravan Salon"}]},{"@type":"WebSite","@id":"https:\/\/hunziker.ag\/fr\/#website","url":"https:\/\/hunziker.ag\/fr\/","name":"Hunziker AG","description":"Mobile Bauten in jeder Dimension","publisher":{"@id":"https:\/\/hunziker.ag\/fr\/#organization"},"potentialAction":[{"@type":"SearchAction","target":{"@type":"EntryPoint","urlTemplate":"https:\/\/hunziker.ag\/fr\/?s={search_term_string}"},"query-input":{"@type":"PropertyValueSpecification","valueRequired":true,"valueName":"search_term_string"}}],"inLanguage":"fr-FR"},{"@type":"Organization","@id":"https:\/\/hunziker.ag\/fr\/#organization","name":"Hunziker AG","url":"https:\/\/hunziker.ag\/fr\/","logo":{"@type":"ImageObject","inLanguage":"fr-FR","@id":"https:\/\/hunziker.ag\/fr\/#\/schema\/logo\/image\/","url":"https:\/\/hunziker.ag\/wp-content\/uploads\/2021\/05\/Favicon_01.png","contentUrl":"https:\/\/hunziker.ag\/wp-content\/uploads\/2021\/05\/Favicon_01.png","width":512,"height":512,"caption":"Hunziker AG"},"image":{"@id":"https:\/\/hunziker.ag\/fr\/#\/schema\/logo\/image\/"},"sameAs":["https:\/\/www.facebook.com\/hunzikerag","https:\/\/www.instagram.com\/hunzikerag\/","https:\/\/www.linkedin.com\/company\/3173208\/"]},{"@type":"Person","@id":"https:\/\/hunziker.ag\/fr\/#\/schema\/person\/6fe92adb69d3e140a24d67f0016f3f52","name":"marketing"}]}},"_links":{"self":[{"href":"https:\/\/hunziker.ag\/fr\/wp-json\/wp\/v2\/posts\/9723","targetHints":{"allow":["GET"]}}],"collection":[{"href":"https:\/\/hunziker.ag\/fr\/wp-json\/wp\/v2\/posts"}],"about":[{"href":"https:\/\/hunziker.ag\/fr\/wp-json\/wp\/v2\/types\/post"}],"author":[{"embeddable":true,"href":"https:\/\/hunziker.ag\/fr\/wp-json\/wp\/v2\/users\/4"}],"replies":[{"embeddable":true,"href":"https:\/\/hunziker.ag\/fr\/wp-json\/wp\/v2\/comments?post=9723"}],"version-history":[{"count":4,"href":"https:\/\/hunziker.ag\/fr\/wp-json\/wp\/v2\/posts\/9723\/revisions"}],"predecessor-version":[{"id":9973,"href":"https:\/\/hunziker.ag\/fr\/wp-json\/wp\/v2\/posts\/9723\/revisions\/9973"}],"wp:featuredmedia":[{"embeddable":true,"href":"https:\/\/hunziker.ag\/fr\/wp-json\/wp\/v2\/media\/9698"}],"wp:attachment":[{"href":"https:\/\/hunziker.ag\/fr\/wp-json\/wp\/v2\/media?parent=9723"}],"wp:term":[{"taxonomy":"category","embeddable":true,"href":"https:\/\/hunziker.ag\/fr\/wp-json\/wp\/v2\/categories?post=9723"},{"taxonomy":"post_tag","embeddable":true,"href":"https:\/\/hunziker.ag\/fr\/wp-json\/wp\/v2\/tags?post=9723"}],"curies":[{"name":"wp","href":"https:\/\/api.w.org\/{rel}","templated":true}]}}