{"id":9661,"date":"2023-10-28T07:09:40","date_gmt":"2023-10-28T05:09:40","guid":{"rendered":"https:\/\/hunziker.ag\/2023\/10\/28\/tente-sur-lile\/"},"modified":"2025-11-07T13:41:30","modified_gmt":"2025-11-07T12:41:30","slug":"tente-sur-lile","status":"publish","type":"post","link":"https:\/\/hunziker.ag\/fr\/2023\/10\/28\/tente-sur-lile\/","title":{"rendered":"TENTE SUR L&rsquo;\u00ceLE"},"content":{"rendered":"\t\t<div data-elementor-type=\"wp-post\" data-elementor-id=\"9661\" class=\"elementor elementor-9661 elementor-6915\" data-elementor-post-type=\"post\">\n\t\t\t\t\t\t<section class=\"elementor-section elementor-top-section elementor-element elementor-element-a666e1c elementor-section-height-min-height elementor-section-content-middle elementor-section-boxed elementor-section-height-default elementor-section-items-middle\" data-id=\"a666e1c\" data-element_type=\"section\" data-settings=\"{&quot;background_background&quot;:&quot;classic&quot;}\">\n\t\t\t\t\t\t<div class=\"elementor-container elementor-column-gap-default\">\n\t\t\t\t\t<div class=\"elementor-column elementor-col-100 elementor-top-column elementor-element elementor-element-30542295\" data-id=\"30542295\" data-element_type=\"column\" data-settings=\"{&quot;background_background&quot;:&quot;classic&quot;}\">\n\t\t\t<div class=\"elementor-widget-wrap elementor-element-populated\">\n\t\t\t\t\t\t<section class=\"elementor-section elementor-inner-section elementor-element elementor-element-4544f77c elementor-section-content-middle elementor-section-boxed elementor-section-height-default elementor-section-height-default\" data-id=\"4544f77c\" data-element_type=\"section\">\n\t\t\t\t\t\t<div class=\"elementor-container elementor-column-gap-default\">\n\t\t\t\t\t<div class=\"elementor-column elementor-col-50 elementor-inner-column elementor-element elementor-element-5c174452\" data-id=\"5c174452\" data-element_type=\"column\">\n\t\t\t<div class=\"elementor-widget-wrap elementor-element-populated\">\n\t\t\t\t\t\t<div class=\"elementor-element elementor-element-e90e420 elementor-widget elementor-widget-theme-post-title elementor-page-title elementor-widget-heading\" data-id=\"e90e420\" data-element_type=\"widget\" data-widget_type=\"theme-post-title.default\">\n\t\t\t\t<div class=\"elementor-widget-container\">\n\t\t\t\t\t<h1 class=\"elementor-heading-title elementor-size-default\">TENTE SUR L&rsquo;\u00ceLE<\/h1>\t\t\t\t<\/div>\n\t\t\t\t<\/div>\n\t\t\t\t<div class=\"elementor-element elementor-element-5ab2aa4 elementor-widget elementor-widget-theme-post-excerpt\" data-id=\"5ab2aa4\" data-element_type=\"widget\" data-widget_type=\"theme-post-excerpt.default\">\n\t\t\t\t<div class=\"elementor-widget-container\">\n\t\t\t\t\tPour l'Oktoberfest zurichois sur le Bausch\u00e4nzli, Hunziker AG a install\u00e9 plusieurs tentes avec des b\u00e2ches imprim\u00e9es et a fourni divers mobiliers.\t\t\t\t<\/div>\n\t\t\t\t<\/div>\n\t\t\t\t<div class=\"elementor-element elementor-element-3f8d83dc elementor-widget elementor-widget-text-editor\" data-id=\"3f8d83dc\" data-element_type=\"widget\" data-widget_type=\"text-editor.default\">\n\t\t\t\t<div class=\"elementor-widget-container\">\n\t\t\t\t\t\t\t\t\t<p>\u00ab\u00a0Oans, zwoa, g&rsquo;suffa\u00a0\u00bb est le slogan du Bausch\u00e4nzli \u00e0 Zurich depuis le 5 octobre 2023. Pour l&rsquo;Oktoberfest de Zurich, Hunziker AG a pu fournir plusieurs tentes de r\u00e9ception, des barri\u00e8res, des \u00e9clairages, des garnitures de table et des d\u00e9corations. La particularit\u00e9 et le d\u00e9fi de ce projet \u00e9taient sa situation sur l&rsquo;\u00eele fluviale artificielle de la Limmat. Une grue mobile a donc d\u00fb \u00eatre utilis\u00e9e pour le montage de la structure principale. Les b\u00e2ches imprim\u00e9es dans le style chalet ou losange ont \u00e9galement attir\u00e9 l&rsquo;attention. Au total, les tables et les bancs de Hunziker AG ont accueilli environ 800 personnes. Les travaux de montage ont dur\u00e9 14 jours.      <\/p>\t\t\t\t\t\t\t\t<\/div>\n\t\t\t\t<\/div>\n\t\t\t\t<div class=\"elementor-element elementor-element-a1ce2fa elementor-align-left elementor-widget elementor-widget-button\" data-id=\"a1ce2fa\" data-element_type=\"widget\" data-widget_type=\"button.default\">\n\t\t\t\t<div class=\"elementor-widget-container\">\n\t\t\t\t\t\t\t\t\t<div class=\"elementor-button-wrapper\">\n\t\t\t\t\t<a class=\"elementor-button elementor-size-sm\" role=\"button\" id=\"back-button\">\n\t\t\t\t\t\t<span class=\"elementor-button-content-wrapper\">\n\t\t\t\t\t\t<span class=\"elementor-button-icon\">\n\t\t\t\t<i aria-hidden=\"true\" class=\"fas fa-arrow-left\"><\/i>\t\t\t<\/span>\n\t\t\t\t\t\t\t\t\t<span class=\"elementor-button-text\">Retour<\/span>\n\t\t\t\t\t<\/span>\n\t\t\t\t\t<\/a>\n\t\t\t\t<\/div>\n\t\t\t\t\t\t\t\t<\/div>\n\t\t\t\t<\/div>\n\t\t\t\t\t<\/div>\n\t\t<\/div>\n\t\t\t\t<div class=\"elementor-column elementor-col-50 elementor-inner-column elementor-element elementor-element-5699f3a3\" data-id=\"5699f3a3\" data-element_type=\"column\">\n\t\t\t<div class=\"elementor-widget-wrap elementor-element-populated\">\n\t\t\t\t\t\t<div class=\"elementor-element elementor-element-157b524d elementor-pagination-position-outside elementor-widget elementor-widget-image-carousel\" data-id=\"157b524d\" data-element_type=\"widget\" data-settings=\"{&quot;slides_to_show&quot;:&quot;1&quot;,&quot;navigation&quot;:&quot;dots&quot;,&quot;slides_to_show_tablet&quot;:&quot;1&quot;,&quot;autoplay&quot;:&quot;yes&quot;,&quot;pause_on_hover&quot;:&quot;yes&quot;,&quot;pause_on_interaction&quot;:&quot;yes&quot;,&quot;autoplay_speed&quot;:5000,&quot;infinite&quot;:&quot;yes&quot;,&quot;effect&quot;:&quot;slide&quot;,&quot;speed&quot;:500}\" data-widget_type=\"image-carousel.default\">\n\t\t\t\t<div class=\"elementor-widget-container\">\n\t\t\t\t\t\t\t<div class=\"elementor-image-carousel-wrapper swiper\" role=\"region\" aria-roledescription=\"carousel\" aria-label=\"Carrousel d\u2019images\" dir=\"ltr\">\n\t\t\t<div class=\"elementor-image-carousel swiper-wrapper\" aria-live=\"off\">\n\t\t\t\t\t\t\t\t<div class=\"swiper-slide\" role=\"group\" aria-roledescription=\"slide\" aria-label=\"1 sur 3\"><a data-elementor-open-lightbox=\"yes\" data-elementor-lightbox-slideshow=\"157b524d\" data-elementor-lightbox-title=\"Zurich Bausch\u00e4nzli 2019 DSC5621\" data-e-action-hash=\"#elementor-action%3Aaction%3Dlightbox%26settings%3DeyJpZCI6ODM3NywidXJsIjoiaHR0cHM6XC9cL2h1bnppa2VyLmFnXC93cC1jb250ZW50XC91cGxvYWRzXC8yMDIzXC8xMVwvWnVlcmljaF9CYXVzY2hhZW56bGlfMjAxOV9EU0M1NjIxLXNjYWxlZC5qcGciLCJzbGlkZXNob3ciOiIxNTdiNTI0ZCJ9\" href=\"https:\/\/hunziker.ag\/wp-content\/uploads\/2023\/11\/Zuerich_Bauschaenzli_2019_DSC5621-scaled.jpg\"><figure class=\"swiper-slide-inner\"><img decoding=\"async\" class=\"swiper-slide-image\" src=\"https:\/\/hunziker.ag\/wp-content\/uploads\/2023\/11\/Zuerich_Bauschaenzli_2019_DSC5621-scaled.jpg\" alt=\"Louer une tente de r\u00e9ception, louer un banc de f\u00eate, louer des si\u00e8ges de f\u00eate, louer un chapiteau, d\u00e9coration, b\u00e2ches imprim\u00e9es\" \/><\/figure><\/a><\/div><div class=\"swiper-slide\" role=\"group\" aria-roledescription=\"slide\" aria-label=\"2 sur 3\"><a data-elementor-open-lightbox=\"yes\" data-elementor-lightbox-slideshow=\"157b524d\" data-elementor-lightbox-title=\"Zurich Bausch\u00e4nzli 2019 MB10196\" data-e-action-hash=\"#elementor-action%3Aaction%3Dlightbox%26settings%3DeyJpZCI6ODM3OCwidXJsIjoiaHR0cHM6XC9cL2h1bnppa2VyLmFnXC93cC1jb250ZW50XC91cGxvYWRzXC8yMDIzXC8xMVwvWnVlcmljaF9CYXVzY2hhZW56bGlfMjAxOV9NQjEwMTk2LXNjYWxlZC5qcGciLCJzbGlkZXNob3ciOiIxNTdiNTI0ZCJ9\" href=\"https:\/\/hunziker.ag\/wp-content\/uploads\/2023\/11\/Zuerich_Bauschaenzli_2019_MB10196-scaled.jpg\"><figure class=\"swiper-slide-inner\"><img decoding=\"async\" class=\"swiper-slide-image\" src=\"https:\/\/hunziker.ag\/wp-content\/uploads\/2023\/11\/Zuerich_Bauschaenzli_2019_MB10196-scaled.jpg\" alt=\"Louer une tente de r\u00e9ception, louer un banc de f\u00eate, louer des si\u00e8ges de f\u00eate, louer un chapiteau, d\u00e9coration, b\u00e2ches imprim\u00e9es\" \/><\/figure><\/a><\/div><div class=\"swiper-slide\" role=\"group\" aria-roledescription=\"slide\" aria-label=\"3 sur 3\"><a data-elementor-open-lightbox=\"yes\" data-elementor-lightbox-slideshow=\"157b524d\" data-elementor-lightbox-title=\"Zurich Bausch\u00e4nzli 2019 DSC5659\" data-e-action-hash=\"#elementor-action%3Aaction%3Dlightbox%26settings%3DeyJpZCI6ODM3OSwidXJsIjoiaHR0cHM6XC9cL2h1bnppa2VyLmFnXC93cC1jb250ZW50XC91cGxvYWRzXC8yMDIzXC8xMVwvWnVlcmljaF9CYXVzY2hhZW56bGlfMjAxOV9EU0M1NjU5LXNjYWxlZC5qcGciLCJzbGlkZXNob3ciOiIxNTdiNTI0ZCJ9\" href=\"https:\/\/hunziker.ag\/wp-content\/uploads\/2023\/11\/Zuerich_Bauschaenzli_2019_DSC5659-scaled.jpg\"><figure class=\"swiper-slide-inner\"><img decoding=\"async\" class=\"swiper-slide-image\" src=\"https:\/\/hunziker.ag\/wp-content\/uploads\/2023\/11\/Zuerich_Bauschaenzli_2019_DSC5659-scaled.jpg\" alt=\"Louer une tente de r\u00e9ception, louer un banc de f\u00eate, louer des si\u00e8ges de f\u00eate, louer un chapiteau, d\u00e9coration, b\u00e2ches imprim\u00e9es\" \/><\/figure><\/a><\/div>\t\t\t<\/div>\n\t\t\t\t\t\t\t\n\t\t\t\t\t\t\t\t\t<div class=\"swiper-pagination\"><\/div>\n\t\t\t\t\t\t\t\t\t<\/div>\n\t\t\t\t\t\t<\/div>\n\t\t\t\t<\/div>\n\t\t\t\t\t<\/div>\n\t\t<\/div>\n\t\t\t\t\t<\/div>\n\t\t<\/section>\n\t\t\t\t\t<\/div>\n\t\t<\/div>\n\t\t\t\t\t<\/div>\n\t\t<\/section>\n\t\t\t\t<\/div>\n\t\t","protected":false},"excerpt":{"rendered":"<p>Pour l&rsquo;Oktoberfest zurichois sur le Bausch\u00e4nzli, Hunziker AG a install\u00e9 plusieurs tentes avec des b\u00e2ches imprim\u00e9es et a fourni divers mobiliers.<\/p>\n","protected":false},"author":2,"featured_media":8378,"comment_status":"closed","ping_status":"open","sticky":false,"template":"elementor_header_footer","format":"standard","meta":{"footnotes":""},"categories":[66],"tags":[],"class_list":["post-9661","post","type-post","status-publish","format-standard","has-post-thumbnail","hentry","category-kultur-fr"],"yoast_head":"<!-- This site is optimized with the Yoast SEO plugin v26.4 - https:\/\/yoast.com\/wordpress\/plugins\/seo\/ -->\n<title>TENTE SUR L&#039;\u00ceLE - Hunziker AG<\/title>\n<meta name=\"robots\" content=\"index, follow, max-snippet:-1, max-image-preview:large, max-video-preview:-1\" \/>\n<link rel=\"canonical\" href=\"https:\/\/hunziker.ag\/fr\/2023\/10\/28\/tente-sur-lile\/\" \/>\n<meta property=\"og:locale\" content=\"fr_FR\" \/>\n<meta property=\"og:type\" content=\"article\" \/>\n<meta property=\"og:title\" content=\"TENTE SUR L&#039;\u00ceLE - Hunziker AG\" \/>\n<meta property=\"og:description\" content=\"Pour l&#039;Oktoberfest zurichois sur le Bausch\u00e4nzli, Hunziker AG a install\u00e9 plusieurs tentes avec des b\u00e2ches imprim\u00e9es et a fourni divers mobiliers.\" \/>\n<meta property=\"og:url\" content=\"https:\/\/hunziker.ag\/fr\/2023\/10\/28\/tente-sur-lile\/\" \/>\n<meta property=\"og:site_name\" content=\"Hunziker AG\" \/>\n<meta property=\"article:publisher\" content=\"https:\/\/www.facebook.com\/hunzikerag\" \/>\n<meta property=\"article:published_time\" content=\"2023-10-28T05:09:40+00:00\" \/>\n<meta property=\"article:modified_time\" content=\"2025-11-07T12:41:30+00:00\" \/>\n<meta property=\"og:image\" content=\"https:\/\/hunziker.ag\/wp-content\/uploads\/2023\/11\/Zuerich_Bauschaenzli_2019_MB10196-scaled.jpg\" \/>\n\t<meta property=\"og:image:width\" content=\"2560\" \/>\n\t<meta property=\"og:image:height\" content=\"1703\" \/>\n\t<meta property=\"og:image:type\" content=\"image\/jpeg\" \/>\n<meta name=\"author\" content=\"hunziker\" \/>\n<meta name=\"twitter:card\" content=\"summary_large_image\" \/>\n<meta name=\"twitter:label1\" content=\"\u00c9crit par\" \/>\n\t<meta name=\"twitter:data1\" content=\"hunziker\" \/>\n\t<meta name=\"twitter:label2\" content=\"Dur\u00e9e de lecture estim\u00e9e\" \/>\n\t<meta name=\"twitter:data2\" content=\"1 minute\" \/>\n<script type=\"application\/ld+json\" class=\"yoast-schema-graph\">{\"@context\":\"https:\/\/schema.org\",\"@graph\":[{\"@type\":\"Article\",\"@id\":\"https:\/\/hunziker.ag\/fr\/2023\/10\/28\/tente-sur-lile\/#article\",\"isPartOf\":{\"@id\":\"https:\/\/hunziker.ag\/fr\/2023\/10\/28\/tente-sur-lile\/\"},\"author\":{\"name\":\"hunziker\",\"@id\":\"https:\/\/hunziker.ag\/fr\/#\/schema\/person\/5ba60237fbbb91cea570f311bd09f036\"},\"headline\":\"TENTE SUR L&rsquo;\u00ceLE\",\"datePublished\":\"2023-10-28T05:09:40+00:00\",\"dateModified\":\"2025-11-07T12:41:30+00:00\",\"mainEntityOfPage\":{\"@id\":\"https:\/\/hunziker.ag\/fr\/2023\/10\/28\/tente-sur-lile\/\"},\"wordCount\":120,\"publisher\":{\"@id\":\"https:\/\/hunziker.ag\/fr\/#organization\"},\"image\":{\"@id\":\"https:\/\/hunziker.ag\/fr\/2023\/10\/28\/tente-sur-lile\/#primaryimage\"},\"thumbnailUrl\":\"https:\/\/hunziker.ag\/wp-content\/uploads\/2023\/11\/Zuerich_Bauschaenzli_2019_MB10196-scaled.jpg\",\"articleSection\":[\"Kultur\"],\"inLanguage\":\"fr-FR\"},{\"@type\":\"WebPage\",\"@id\":\"https:\/\/hunziker.ag\/fr\/2023\/10\/28\/tente-sur-lile\/\",\"url\":\"https:\/\/hunziker.ag\/fr\/2023\/10\/28\/tente-sur-lile\/\",\"name\":\"TENTE SUR L'\u00ceLE - Hunziker AG\",\"isPartOf\":{\"@id\":\"https:\/\/hunziker.ag\/fr\/#website\"},\"primaryImageOfPage\":{\"@id\":\"https:\/\/hunziker.ag\/fr\/2023\/10\/28\/tente-sur-lile\/#primaryimage\"},\"image\":{\"@id\":\"https:\/\/hunziker.ag\/fr\/2023\/10\/28\/tente-sur-lile\/#primaryimage\"},\"thumbnailUrl\":\"https:\/\/hunziker.ag\/wp-content\/uploads\/2023\/11\/Zuerich_Bauschaenzli_2019_MB10196-scaled.jpg\",\"datePublished\":\"2023-10-28T05:09:40+00:00\",\"dateModified\":\"2025-11-07T12:41:30+00:00\",\"breadcrumb\":{\"@id\":\"https:\/\/hunziker.ag\/fr\/2023\/10\/28\/tente-sur-lile\/#breadcrumb\"},\"inLanguage\":\"fr-FR\",\"potentialAction\":[{\"@type\":\"ReadAction\",\"target\":[\"https:\/\/hunziker.ag\/fr\/2023\/10\/28\/tente-sur-lile\/\"]}]},{\"@type\":\"ImageObject\",\"inLanguage\":\"fr-FR\",\"@id\":\"https:\/\/hunziker.ag\/fr\/2023\/10\/28\/tente-sur-lile\/#primaryimage\",\"url\":\"https:\/\/hunziker.ag\/wp-content\/uploads\/2023\/11\/Zuerich_Bauschaenzli_2019_MB10196-scaled.jpg\",\"contentUrl\":\"https:\/\/hunziker.ag\/wp-content\/uploads\/2023\/11\/Zuerich_Bauschaenzli_2019_MB10196-scaled.jpg\",\"width\":2560,\"height\":1703,\"caption\":\"Louer une tente de r\u00e9ception, louer un banc de f\u00eate, louer des si\u00e8ges de f\u00eate, louer un chapiteau, d\u00e9coration, b\u00e2ches imprim\u00e9es\"},{\"@type\":\"BreadcrumbList\",\"@id\":\"https:\/\/hunziker.ag\/fr\/2023\/10\/28\/tente-sur-lile\/#breadcrumb\",\"itemListElement\":[{\"@type\":\"ListItem\",\"position\":1,\"name\":\"Startseite\",\"item\":\"https:\/\/hunziker.ag\/fr\/home\/\"},{\"@type\":\"ListItem\",\"position\":2,\"name\":\"TENTE SUR L&#8217;\u00ceLE\"}]},{\"@type\":\"WebSite\",\"@id\":\"https:\/\/hunziker.ag\/fr\/#website\",\"url\":\"https:\/\/hunziker.ag\/fr\/\",\"name\":\"Hunziker AG\",\"description\":\"Mobile Bauten in jeder Dimension\",\"publisher\":{\"@id\":\"https:\/\/hunziker.ag\/fr\/#organization\"},\"potentialAction\":[{\"@type\":\"SearchAction\",\"target\":{\"@type\":\"EntryPoint\",\"urlTemplate\":\"https:\/\/hunziker.ag\/fr\/?s={search_term_string}\"},\"query-input\":{\"@type\":\"PropertyValueSpecification\",\"valueRequired\":true,\"valueName\":\"search_term_string\"}}],\"inLanguage\":\"fr-FR\"},{\"@type\":\"Organization\",\"@id\":\"https:\/\/hunziker.ag\/fr\/#organization\",\"name\":\"Hunziker AG\",\"url\":\"https:\/\/hunziker.ag\/fr\/\",\"logo\":{\"@type\":\"ImageObject\",\"inLanguage\":\"fr-FR\",\"@id\":\"https:\/\/hunziker.ag\/fr\/#\/schema\/logo\/image\/\",\"url\":\"https:\/\/hunziker.ag\/wp-content\/uploads\/2021\/05\/Favicon_01.png\",\"contentUrl\":\"https:\/\/hunziker.ag\/wp-content\/uploads\/2021\/05\/Favicon_01.png\",\"width\":512,\"height\":512,\"caption\":\"Hunziker AG\"},\"image\":{\"@id\":\"https:\/\/hunziker.ag\/fr\/#\/schema\/logo\/image\/\"},\"sameAs\":[\"https:\/\/www.facebook.com\/hunzikerag\",\"https:\/\/www.instagram.com\/hunzikerag\/\",\"https:\/\/www.linkedin.com\/company\/3173208\/\"]},{\"@type\":\"Person\",\"@id\":\"https:\/\/hunziker.ag\/fr\/#\/schema\/person\/5ba60237fbbb91cea570f311bd09f036\",\"name\":\"hunziker\",\"sameAs\":[\"https:\/\/hunziker.ag\"]}]}<\/script>\n<!-- \/ Yoast SEO plugin. -->","yoast_head_json":{"title":"TENTE SUR L'\u00ceLE - Hunziker AG","robots":{"index":"index","follow":"follow","max-snippet":"max-snippet:-1","max-image-preview":"max-image-preview:large","max-video-preview":"max-video-preview:-1"},"canonical":"https:\/\/hunziker.ag\/fr\/2023\/10\/28\/tente-sur-lile\/","og_locale":"fr_FR","og_type":"article","og_title":"TENTE SUR L'\u00ceLE - Hunziker AG","og_description":"Pour l'Oktoberfest zurichois sur le Bausch\u00e4nzli, Hunziker AG a install\u00e9 plusieurs tentes avec des b\u00e2ches imprim\u00e9es et a fourni divers mobiliers.","og_url":"https:\/\/hunziker.ag\/fr\/2023\/10\/28\/tente-sur-lile\/","og_site_name":"Hunziker AG","article_publisher":"https:\/\/www.facebook.com\/hunzikerag","article_published_time":"2023-10-28T05:09:40+00:00","article_modified_time":"2025-11-07T12:41:30+00:00","og_image":[{"width":2560,"height":1703,"url":"https:\/\/hunziker.ag\/wp-content\/uploads\/2023\/11\/Zuerich_Bauschaenzli_2019_MB10196-scaled.jpg","type":"image\/jpeg"}],"author":"hunziker","twitter_card":"summary_large_image","twitter_misc":{"\u00c9crit par":"hunziker","Dur\u00e9e de lecture estim\u00e9e":"1 minute"},"schema":{"@context":"https:\/\/schema.org","@graph":[{"@type":"Article","@id":"https:\/\/hunziker.ag\/fr\/2023\/10\/28\/tente-sur-lile\/#article","isPartOf":{"@id":"https:\/\/hunziker.ag\/fr\/2023\/10\/28\/tente-sur-lile\/"},"author":{"name":"hunziker","@id":"https:\/\/hunziker.ag\/fr\/#\/schema\/person\/5ba60237fbbb91cea570f311bd09f036"},"headline":"TENTE SUR L&rsquo;\u00ceLE","datePublished":"2023-10-28T05:09:40+00:00","dateModified":"2025-11-07T12:41:30+00:00","mainEntityOfPage":{"@id":"https:\/\/hunziker.ag\/fr\/2023\/10\/28\/tente-sur-lile\/"},"wordCount":120,"publisher":{"@id":"https:\/\/hunziker.ag\/fr\/#organization"},"image":{"@id":"https:\/\/hunziker.ag\/fr\/2023\/10\/28\/tente-sur-lile\/#primaryimage"},"thumbnailUrl":"https:\/\/hunziker.ag\/wp-content\/uploads\/2023\/11\/Zuerich_Bauschaenzli_2019_MB10196-scaled.jpg","articleSection":["Kultur"],"inLanguage":"fr-FR"},{"@type":"WebPage","@id":"https:\/\/hunziker.ag\/fr\/2023\/10\/28\/tente-sur-lile\/","url":"https:\/\/hunziker.ag\/fr\/2023\/10\/28\/tente-sur-lile\/","name":"TENTE SUR L'\u00ceLE - Hunziker AG","isPartOf":{"@id":"https:\/\/hunziker.ag\/fr\/#website"},"primaryImageOfPage":{"@id":"https:\/\/hunziker.ag\/fr\/2023\/10\/28\/tente-sur-lile\/#primaryimage"},"image":{"@id":"https:\/\/hunziker.ag\/fr\/2023\/10\/28\/tente-sur-lile\/#primaryimage"},"thumbnailUrl":"https:\/\/hunziker.ag\/wp-content\/uploads\/2023\/11\/Zuerich_Bauschaenzli_2019_MB10196-scaled.jpg","datePublished":"2023-10-28T05:09:40+00:00","dateModified":"2025-11-07T12:41:30+00:00","breadcrumb":{"@id":"https:\/\/hunziker.ag\/fr\/2023\/10\/28\/tente-sur-lile\/#breadcrumb"},"inLanguage":"fr-FR","potentialAction":[{"@type":"ReadAction","target":["https:\/\/hunziker.ag\/fr\/2023\/10\/28\/tente-sur-lile\/"]}]},{"@type":"ImageObject","inLanguage":"fr-FR","@id":"https:\/\/hunziker.ag\/fr\/2023\/10\/28\/tente-sur-lile\/#primaryimage","url":"https:\/\/hunziker.ag\/wp-content\/uploads\/2023\/11\/Zuerich_Bauschaenzli_2019_MB10196-scaled.jpg","contentUrl":"https:\/\/hunziker.ag\/wp-content\/uploads\/2023\/11\/Zuerich_Bauschaenzli_2019_MB10196-scaled.jpg","width":2560,"height":1703,"caption":"Louer une tente de r\u00e9ception, louer un banc de f\u00eate, louer des si\u00e8ges de f\u00eate, louer un chapiteau, d\u00e9coration, b\u00e2ches imprim\u00e9es"},{"@type":"BreadcrumbList","@id":"https:\/\/hunziker.ag\/fr\/2023\/10\/28\/tente-sur-lile\/#breadcrumb","itemListElement":[{"@type":"ListItem","position":1,"name":"Startseite","item":"https:\/\/hunziker.ag\/fr\/home\/"},{"@type":"ListItem","position":2,"name":"TENTE SUR L&#8217;\u00ceLE"}]},{"@type":"WebSite","@id":"https:\/\/hunziker.ag\/fr\/#website","url":"https:\/\/hunziker.ag\/fr\/","name":"Hunziker AG","description":"Mobile Bauten in jeder Dimension","publisher":{"@id":"https:\/\/hunziker.ag\/fr\/#organization"},"potentialAction":[{"@type":"SearchAction","target":{"@type":"EntryPoint","urlTemplate":"https:\/\/hunziker.ag\/fr\/?s={search_term_string}"},"query-input":{"@type":"PropertyValueSpecification","valueRequired":true,"valueName":"search_term_string"}}],"inLanguage":"fr-FR"},{"@type":"Organization","@id":"https:\/\/hunziker.ag\/fr\/#organization","name":"Hunziker AG","url":"https:\/\/hunziker.ag\/fr\/","logo":{"@type":"ImageObject","inLanguage":"fr-FR","@id":"https:\/\/hunziker.ag\/fr\/#\/schema\/logo\/image\/","url":"https:\/\/hunziker.ag\/wp-content\/uploads\/2021\/05\/Favicon_01.png","contentUrl":"https:\/\/hunziker.ag\/wp-content\/uploads\/2021\/05\/Favicon_01.png","width":512,"height":512,"caption":"Hunziker AG"},"image":{"@id":"https:\/\/hunziker.ag\/fr\/#\/schema\/logo\/image\/"},"sameAs":["https:\/\/www.facebook.com\/hunzikerag","https:\/\/www.instagram.com\/hunzikerag\/","https:\/\/www.linkedin.com\/company\/3173208\/"]},{"@type":"Person","@id":"https:\/\/hunziker.ag\/fr\/#\/schema\/person\/5ba60237fbbb91cea570f311bd09f036","name":"hunziker","sameAs":["https:\/\/hunziker.ag"]}]}},"_links":{"self":[{"href":"https:\/\/hunziker.ag\/fr\/wp-json\/wp\/v2\/posts\/9661","targetHints":{"allow":["GET"]}}],"collection":[{"href":"https:\/\/hunziker.ag\/fr\/wp-json\/wp\/v2\/posts"}],"about":[{"href":"https:\/\/hunziker.ag\/fr\/wp-json\/wp\/v2\/types\/post"}],"author":[{"embeddable":true,"href":"https:\/\/hunziker.ag\/fr\/wp-json\/wp\/v2\/users\/2"}],"replies":[{"embeddable":true,"href":"https:\/\/hunziker.ag\/fr\/wp-json\/wp\/v2\/comments?post=9661"}],"version-history":[{"count":1,"href":"https:\/\/hunziker.ag\/fr\/wp-json\/wp\/v2\/posts\/9661\/revisions"}],"predecessor-version":[{"id":9662,"href":"https:\/\/hunziker.ag\/fr\/wp-json\/wp\/v2\/posts\/9661\/revisions\/9662"}],"wp:featuredmedia":[{"embeddable":true,"href":"https:\/\/hunziker.ag\/fr\/wp-json\/wp\/v2\/media\/8378"}],"wp:attachment":[{"href":"https:\/\/hunziker.ag\/fr\/wp-json\/wp\/v2\/media?parent=9661"}],"wp:term":[{"taxonomy":"category","embeddable":true,"href":"https:\/\/hunziker.ag\/fr\/wp-json\/wp\/v2\/categories?post=9661"},{"taxonomy":"post_tag","embeddable":true,"href":"https:\/\/hunziker.ag\/fr\/wp-json\/wp\/v2\/tags?post=9661"}],"curies":[{"name":"wp","href":"https:\/\/api.w.org\/{rel}","templated":true}]}}