{"id":9659,"date":"2024-06-03T15:33:58","date_gmt":"2024-06-03T13:33:58","guid":{"rendered":"https:\/\/hunziker.ag\/2024\/06\/03\/projet-panoramique-toit-de-bateau-sur-le-lac-de-bienne\/"},"modified":"2025-11-07T13:41:29","modified_gmt":"2025-11-07T12:41:29","slug":"projet-panoramique-toit-de-bateau-sur-le-lac-de-bienne","status":"publish","type":"post","link":"https:\/\/hunziker.ag\/fr\/2024\/06\/03\/projet-panoramique-toit-de-bateau-sur-le-lac-de-bienne\/","title":{"rendered":"Projet panoramique : toit de bateau sur le lac de Bienne"},"content":{"rendered":"\t\t<div data-elementor-type=\"wp-post\" data-elementor-id=\"9659\" class=\"elementor elementor-9659 elementor-7183\" data-elementor-post-type=\"post\">\n\t\t\t\t\t\t<section class=\"elementor-section elementor-top-section elementor-element elementor-element-a666e1c elementor-section-height-min-height elementor-section-content-middle elementor-section-boxed elementor-section-height-default elementor-section-items-middle\" data-id=\"a666e1c\" data-element_type=\"section\" data-settings=\"{&quot;background_background&quot;:&quot;classic&quot;}\">\n\t\t\t\t\t\t<div class=\"elementor-container elementor-column-gap-default\">\n\t\t\t\t\t<div class=\"elementor-column elementor-col-100 elementor-top-column elementor-element elementor-element-30542295\" data-id=\"30542295\" data-element_type=\"column\" data-settings=\"{&quot;background_background&quot;:&quot;classic&quot;}\">\n\t\t\t<div class=\"elementor-widget-wrap elementor-element-populated\">\n\t\t\t\t\t\t<section class=\"elementor-section elementor-inner-section elementor-element elementor-element-4544f77c elementor-section-content-middle elementor-section-boxed elementor-section-height-default elementor-section-height-default\" data-id=\"4544f77c\" data-element_type=\"section\">\n\t\t\t\t\t\t<div class=\"elementor-container elementor-column-gap-default\">\n\t\t\t\t\t<div class=\"elementor-column elementor-col-50 elementor-inner-column elementor-element elementor-element-5c174452\" data-id=\"5c174452\" data-element_type=\"column\">\n\t\t\t<div class=\"elementor-widget-wrap elementor-element-populated\">\n\t\t\t\t\t\t<div class=\"elementor-element elementor-element-e90e420 elementor-widget elementor-widget-theme-post-title elementor-page-title elementor-widget-heading\" data-id=\"e90e420\" data-element_type=\"widget\" data-widget_type=\"theme-post-title.default\">\n\t\t\t\t<div class=\"elementor-widget-container\">\n\t\t\t\t\t<h1 class=\"elementor-heading-title elementor-size-default\">Projet panoramique : toit de bateau sur le lac de Bienne<\/h1>\t\t\t\t<\/div>\n\t\t\t\t<\/div>\n\t\t\t\t<div class=\"elementor-element elementor-element-bcfea42 elementor-widget elementor-widget-text-editor\" data-id=\"bcfea42\" data-element_type=\"widget\" data-widget_type=\"text-editor.default\">\n\t\t\t\t<div class=\"elementor-widget-container\">\n\t\t\t\t\t\t\t\t\t<p>Pendant plus de six semaines, le bateau \u00ab\u00a0Chasseral\u00a0\u00bb a \u00e9t\u00e9 prot\u00e9g\u00e9 du vent, des intemp\u00e9ries et de la neige par notre installation de tentes.<\/p><p><strong>Particularit\u00e9s de ce projet:<\/strong><\/p><ul><li><strong>Impossible, impossible :<\/strong> ce projet montre notre capacit\u00e9 \u00e0 r\u00e9aliser des solutions sur mesure pour des environnements exigeants.<\/li><li><strong>Ach\u00e8vement<\/strong>: la tente n&rsquo;a pu \u00eatre achev\u00e9e qu&rsquo;apr\u00e8s l&rsquo;arriv\u00e9e du bateau de ligne.<\/li><li><strong>Stabilit\u00e9<\/strong>: la fa\u00e7ade donnant sur le lac est soutenue par des poutres en fer sp\u00e9cialement con\u00e7ues \u00e0 cet effet.<\/li><li><strong>Flexibilit\u00e9<\/strong>: un c\u00f4t\u00e9 longitudinal complet de la tente est mont\u00e9 sur des adaptateurs de plaques de base sp\u00e9cialement fabriqu\u00e9s \u00e0 cet effet.<\/li><\/ul>\t\t\t\t\t\t\t\t<\/div>\n\t\t\t\t<\/div>\n\t\t\t\t<div class=\"elementor-element elementor-element-a1ce2fa elementor-align-left elementor-widget elementor-widget-button\" data-id=\"a1ce2fa\" data-element_type=\"widget\" data-widget_type=\"button.default\">\n\t\t\t\t<div class=\"elementor-widget-container\">\n\t\t\t\t\t\t\t\t\t<div class=\"elementor-button-wrapper\">\n\t\t\t\t\t<a class=\"elementor-button elementor-size-sm\" role=\"button\" id=\"back-button\">\n\t\t\t\t\t\t<span class=\"elementor-button-content-wrapper\">\n\t\t\t\t\t\t<span class=\"elementor-button-icon\">\n\t\t\t\t<i aria-hidden=\"true\" class=\"fas fa-arrow-left\"><\/i>\t\t\t<\/span>\n\t\t\t\t\t\t\t\t\t<span class=\"elementor-button-text\">Retour<\/span>\n\t\t\t\t\t<\/span>\n\t\t\t\t\t<\/a>\n\t\t\t\t<\/div>\n\t\t\t\t\t\t\t\t<\/div>\n\t\t\t\t<\/div>\n\t\t\t\t\t<\/div>\n\t\t<\/div>\n\t\t\t\t<div class=\"elementor-column elementor-col-50 elementor-inner-column elementor-element elementor-element-5699f3a3\" data-id=\"5699f3a3\" data-element_type=\"column\">\n\t\t\t<div class=\"elementor-widget-wrap elementor-element-populated\">\n\t\t\t\t\t\t<div class=\"elementor-element elementor-element-f78bbd8 elementor-arrows-position-inside elementor-pagination-position-outside elementor-widget elementor-widget-image-carousel\" data-id=\"f78bbd8\" data-element_type=\"widget\" data-settings=\"{&quot;slides_to_show&quot;:&quot;1&quot;,&quot;navigation&quot;:&quot;both&quot;,&quot;autoplay&quot;:&quot;yes&quot;,&quot;pause_on_hover&quot;:&quot;yes&quot;,&quot;pause_on_interaction&quot;:&quot;yes&quot;,&quot;autoplay_speed&quot;:5000,&quot;infinite&quot;:&quot;yes&quot;,&quot;effect&quot;:&quot;slide&quot;,&quot;speed&quot;:500}\" data-widget_type=\"image-carousel.default\">\n\t\t\t\t<div class=\"elementor-widget-container\">\n\t\t\t\t\t\t\t<div class=\"elementor-image-carousel-wrapper swiper\" role=\"region\" aria-roledescription=\"carousel\" aria-label=\"Carrousel d\u2019images\" dir=\"ltr\">\n\t\t\t<div class=\"elementor-image-carousel swiper-wrapper\" aria-live=\"off\">\n\t\t\t\t\t\t\t\t<div class=\"swiper-slide\" role=\"group\" aria-roledescription=\"slide\" aria-label=\"1 sur 4\"><figure class=\"swiper-slide-inner\"><img decoding=\"async\" class=\"swiper-slide-image\" src=\"https:\/\/hunziker.ag\/wp-content\/uploads\/2024\/06\/IMG_1014-1024x768.jpg\" alt=\"Abri de bateau\" \/><\/figure><\/div><div class=\"swiper-slide\" role=\"group\" aria-roledescription=\"slide\" aria-label=\"2 sur 4\"><figure class=\"swiper-slide-inner\"><img decoding=\"async\" class=\"swiper-slide-image\" src=\"https:\/\/hunziker.ag\/wp-content\/uploads\/2024\/06\/IMG_1020-1024x768.jpg\" alt=\"Abri de bateau\" \/><\/figure><\/div><div class=\"swiper-slide\" role=\"group\" aria-roledescription=\"slide\" aria-label=\"3 sur 4\"><figure class=\"swiper-slide-inner\"><img decoding=\"async\" class=\"swiper-slide-image\" src=\"https:\/\/hunziker.ag\/wp-content\/uploads\/2024\/06\/IMG_1051-1024x768.jpg\" alt=\"Abri de bateau\" \/><\/figure><\/div><div class=\"swiper-slide\" role=\"group\" aria-roledescription=\"slide\" aria-label=\"4 sur 4\"><figure class=\"swiper-slide-inner\"><img decoding=\"async\" class=\"swiper-slide-image\" src=\"https:\/\/hunziker.ag\/wp-content\/uploads\/2024\/06\/IMG_1057-1024x768.jpg\" alt=\"Abri de bateau\" \/><\/figure><\/div>\t\t\t<\/div>\n\t\t\t\t\t\t\t\t\t\t\t\t<div class=\"elementor-swiper-button elementor-swiper-button-prev\" role=\"button\" tabindex=\"0\">\n\t\t\t\t\t\t<i aria-hidden=\"true\" class=\"eicon-chevron-left\"><\/i>\t\t\t\t\t<\/div>\n\t\t\t\t\t<div class=\"elementor-swiper-button elementor-swiper-button-next\" role=\"button\" tabindex=\"0\">\n\t\t\t\t\t\t<i aria-hidden=\"true\" class=\"eicon-chevron-right\"><\/i>\t\t\t\t\t<\/div>\n\t\t\t\t\n\t\t\t\t\t\t\t\t\t<div class=\"swiper-pagination\"><\/div>\n\t\t\t\t\t\t\t\t\t<\/div>\n\t\t\t\t\t\t<\/div>\n\t\t\t\t<\/div>\n\t\t\t\t\t<\/div>\n\t\t<\/div>\n\t\t\t\t\t<\/div>\n\t\t<\/section>\n\t\t\t\t\t<\/div>\n\t\t<\/div>\n\t\t\t\t\t<\/div>\n\t\t<\/section>\n\t\t\t\t<section class=\"elementor-section elementor-top-section elementor-element elementor-element-219f8e0 elementor-section-boxed elementor-section-height-default elementor-section-height-default\" data-id=\"219f8e0\" data-element_type=\"section\">\n\t\t\t\t\t\t<div class=\"elementor-container elementor-column-gap-default\">\n\t\t\t\t\t<div class=\"elementor-column elementor-col-100 elementor-top-column elementor-element elementor-element-7f4f137\" data-id=\"7f4f137\" data-element_type=\"column\">\n\t\t\t<div class=\"elementor-widget-wrap\">\n\t\t\t\t\t\t\t<\/div>\n\t\t<\/div>\n\t\t\t\t\t<\/div>\n\t\t<\/section>\n\t\t\t\t<section class=\"elementor-section elementor-top-section elementor-element elementor-element-81afc5b elementor-section-boxed elementor-section-height-default elementor-section-height-default\" data-id=\"81afc5b\" data-element_type=\"section\">\n\t\t\t\t\t\t<div class=\"elementor-container elementor-column-gap-default\">\n\t\t\t\t\t<div class=\"elementor-column elementor-col-100 elementor-top-column elementor-element elementor-element-569070a\" data-id=\"569070a\" data-element_type=\"column\">\n\t\t\t<div class=\"elementor-widget-wrap\">\n\t\t\t\t\t\t\t<\/div>\n\t\t<\/div>\n\t\t\t\t\t<\/div>\n\t\t<\/section>\n\t\t\t\t<\/div>\n\t\t","protected":false},"excerpt":{"rendered":"<p>Oh\u00e9 du bateau pour notre dernier projet \u00e0 long terme sur le lac de Bienne : un toit de bateau innovant.  <\/p>\n","protected":false},"author":2,"featured_media":8424,"comment_status":"closed","ping_status":"closed","sticky":false,"template":"elementor_header_footer","format":"standard","meta":{"footnotes":""},"categories":[67],"tags":[],"class_list":["post-9659","post","type-post","status-publish","format-standard","has-post-thumbnail","hentry","category-constructions-speciales"],"yoast_head":"<!-- This site is optimized with the Yoast SEO plugin v26.4 - https:\/\/yoast.com\/wordpress\/plugins\/seo\/ -->\n<title>Projet panoramique : toit de bateau sur le lac de Bienne - Hunziker AG<\/title>\n<meta name=\"robots\" content=\"index, follow, max-snippet:-1, max-image-preview:large, max-video-preview:-1\" \/>\n<link rel=\"canonical\" href=\"https:\/\/hunziker.ag\/fr\/2024\/06\/03\/projet-panoramique-toit-de-bateau-sur-le-lac-de-bienne\/\" \/>\n<meta property=\"og:locale\" content=\"fr_FR\" \/>\n<meta property=\"og:type\" content=\"article\" \/>\n<meta property=\"og:title\" content=\"Projet panoramique : toit de bateau sur le lac de Bienne - Hunziker AG\" \/>\n<meta property=\"og:description\" content=\"Oh\u00e9 du bateau pour notre dernier projet \u00e0 long terme sur le lac de Bienne : un toit de bateau innovant.\" \/>\n<meta property=\"og:url\" content=\"https:\/\/hunziker.ag\/fr\/2024\/06\/03\/projet-panoramique-toit-de-bateau-sur-le-lac-de-bienne\/\" \/>\n<meta property=\"og:site_name\" content=\"Hunziker AG\" \/>\n<meta property=\"article:publisher\" content=\"https:\/\/www.facebook.com\/hunzikerag\" \/>\n<meta property=\"article:published_time\" content=\"2024-06-03T13:33:58+00:00\" \/>\n<meta property=\"article:modified_time\" content=\"2025-11-07T12:41:29+00:00\" \/>\n<meta property=\"og:image\" content=\"https:\/\/hunziker.ag\/wp-content\/uploads\/2024\/06\/IMG_1051-scaled.jpg\" \/>\n\t<meta property=\"og:image:width\" content=\"2560\" \/>\n\t<meta property=\"og:image:height\" content=\"1920\" \/>\n\t<meta property=\"og:image:type\" content=\"image\/jpeg\" \/>\n<meta name=\"author\" content=\"hunziker\" \/>\n<meta name=\"twitter:card\" content=\"summary_large_image\" \/>\n<meta name=\"twitter:label1\" content=\"\u00c9crit par\" \/>\n\t<meta name=\"twitter:data1\" content=\"hunziker\" \/>\n\t<meta name=\"twitter:label2\" content=\"Dur\u00e9e de lecture estim\u00e9e\" \/>\n\t<meta name=\"twitter:data2\" content=\"1 minute\" \/>\n<script type=\"application\/ld+json\" class=\"yoast-schema-graph\">{\"@context\":\"https:\/\/schema.org\",\"@graph\":[{\"@type\":\"Article\",\"@id\":\"https:\/\/hunziker.ag\/fr\/2024\/06\/03\/projet-panoramique-toit-de-bateau-sur-le-lac-de-bienne\/#article\",\"isPartOf\":{\"@id\":\"https:\/\/hunziker.ag\/fr\/2024\/06\/03\/projet-panoramique-toit-de-bateau-sur-le-lac-de-bienne\/\"},\"author\":{\"name\":\"hunziker\",\"@id\":\"https:\/\/hunziker.ag\/fr\/#\/schema\/person\/5ba60237fbbb91cea570f311bd09f036\"},\"headline\":\"Projet panoramique : toit de bateau sur le lac de Bienne\",\"datePublished\":\"2024-06-03T13:33:58+00:00\",\"dateModified\":\"2025-11-07T12:41:29+00:00\",\"mainEntityOfPage\":{\"@id\":\"https:\/\/hunziker.ag\/fr\/2024\/06\/03\/projet-panoramique-toit-de-bateau-sur-le-lac-de-bienne\/\"},\"wordCount\":124,\"publisher\":{\"@id\":\"https:\/\/hunziker.ag\/fr\/#organization\"},\"image\":{\"@id\":\"https:\/\/hunziker.ag\/fr\/2024\/06\/03\/projet-panoramique-toit-de-bateau-sur-le-lac-de-bienne\/#primaryimage\"},\"thumbnailUrl\":\"https:\/\/hunziker.ag\/wp-content\/uploads\/2024\/06\/IMG_1051-scaled.jpg\",\"articleSection\":[\"Constructions sp\u00e9ciales\"],\"inLanguage\":\"fr-FR\"},{\"@type\":\"WebPage\",\"@id\":\"https:\/\/hunziker.ag\/fr\/2024\/06\/03\/projet-panoramique-toit-de-bateau-sur-le-lac-de-bienne\/\",\"url\":\"https:\/\/hunziker.ag\/fr\/2024\/06\/03\/projet-panoramique-toit-de-bateau-sur-le-lac-de-bienne\/\",\"name\":\"Projet panoramique : toit de bateau sur le lac de Bienne - Hunziker AG\",\"isPartOf\":{\"@id\":\"https:\/\/hunziker.ag\/fr\/#website\"},\"primaryImageOfPage\":{\"@id\":\"https:\/\/hunziker.ag\/fr\/2024\/06\/03\/projet-panoramique-toit-de-bateau-sur-le-lac-de-bienne\/#primaryimage\"},\"image\":{\"@id\":\"https:\/\/hunziker.ag\/fr\/2024\/06\/03\/projet-panoramique-toit-de-bateau-sur-le-lac-de-bienne\/#primaryimage\"},\"thumbnailUrl\":\"https:\/\/hunziker.ag\/wp-content\/uploads\/2024\/06\/IMG_1051-scaled.jpg\",\"datePublished\":\"2024-06-03T13:33:58+00:00\",\"dateModified\":\"2025-11-07T12:41:29+00:00\",\"breadcrumb\":{\"@id\":\"https:\/\/hunziker.ag\/fr\/2024\/06\/03\/projet-panoramique-toit-de-bateau-sur-le-lac-de-bienne\/#breadcrumb\"},\"inLanguage\":\"fr-FR\",\"potentialAction\":[{\"@type\":\"ReadAction\",\"target\":[\"https:\/\/hunziker.ag\/fr\/2024\/06\/03\/projet-panoramique-toit-de-bateau-sur-le-lac-de-bienne\/\"]}]},{\"@type\":\"ImageObject\",\"inLanguage\":\"fr-FR\",\"@id\":\"https:\/\/hunziker.ag\/fr\/2024\/06\/03\/projet-panoramique-toit-de-bateau-sur-le-lac-de-bienne\/#primaryimage\",\"url\":\"https:\/\/hunziker.ag\/wp-content\/uploads\/2024\/06\/IMG_1051-scaled.jpg\",\"contentUrl\":\"https:\/\/hunziker.ag\/wp-content\/uploads\/2024\/06\/IMG_1051-scaled.jpg\",\"width\":2560,\"height\":1920,\"caption\":\"Abri de bateau\"},{\"@type\":\"BreadcrumbList\",\"@id\":\"https:\/\/hunziker.ag\/fr\/2024\/06\/03\/projet-panoramique-toit-de-bateau-sur-le-lac-de-bienne\/#breadcrumb\",\"itemListElement\":[{\"@type\":\"ListItem\",\"position\":1,\"name\":\"Startseite\",\"item\":\"https:\/\/hunziker.ag\/fr\/home\/\"},{\"@type\":\"ListItem\",\"position\":2,\"name\":\"Projet panoramique : toit de bateau sur le lac de Bienne\"}]},{\"@type\":\"WebSite\",\"@id\":\"https:\/\/hunziker.ag\/fr\/#website\",\"url\":\"https:\/\/hunziker.ag\/fr\/\",\"name\":\"Hunziker AG\",\"description\":\"Mobile Bauten in jeder Dimension\",\"publisher\":{\"@id\":\"https:\/\/hunziker.ag\/fr\/#organization\"},\"potentialAction\":[{\"@type\":\"SearchAction\",\"target\":{\"@type\":\"EntryPoint\",\"urlTemplate\":\"https:\/\/hunziker.ag\/fr\/?s={search_term_string}\"},\"query-input\":{\"@type\":\"PropertyValueSpecification\",\"valueRequired\":true,\"valueName\":\"search_term_string\"}}],\"inLanguage\":\"fr-FR\"},{\"@type\":\"Organization\",\"@id\":\"https:\/\/hunziker.ag\/fr\/#organization\",\"name\":\"Hunziker AG\",\"url\":\"https:\/\/hunziker.ag\/fr\/\",\"logo\":{\"@type\":\"ImageObject\",\"inLanguage\":\"fr-FR\",\"@id\":\"https:\/\/hunziker.ag\/fr\/#\/schema\/logo\/image\/\",\"url\":\"https:\/\/hunziker.ag\/wp-content\/uploads\/2021\/05\/Favicon_01.png\",\"contentUrl\":\"https:\/\/hunziker.ag\/wp-content\/uploads\/2021\/05\/Favicon_01.png\",\"width\":512,\"height\":512,\"caption\":\"Hunziker AG\"},\"image\":{\"@id\":\"https:\/\/hunziker.ag\/fr\/#\/schema\/logo\/image\/\"},\"sameAs\":[\"https:\/\/www.facebook.com\/hunzikerag\",\"https:\/\/www.instagram.com\/hunzikerag\/\",\"https:\/\/www.linkedin.com\/company\/3173208\/\"]},{\"@type\":\"Person\",\"@id\":\"https:\/\/hunziker.ag\/fr\/#\/schema\/person\/5ba60237fbbb91cea570f311bd09f036\",\"name\":\"hunziker\",\"sameAs\":[\"https:\/\/hunziker.ag\"]}]}<\/script>\n<!-- \/ Yoast SEO plugin. -->","yoast_head_json":{"title":"Projet panoramique : toit de bateau sur le lac de Bienne - Hunziker AG","robots":{"index":"index","follow":"follow","max-snippet":"max-snippet:-1","max-image-preview":"max-image-preview:large","max-video-preview":"max-video-preview:-1"},"canonical":"https:\/\/hunziker.ag\/fr\/2024\/06\/03\/projet-panoramique-toit-de-bateau-sur-le-lac-de-bienne\/","og_locale":"fr_FR","og_type":"article","og_title":"Projet panoramique : toit de bateau sur le lac de Bienne - Hunziker AG","og_description":"Oh\u00e9 du bateau pour notre dernier projet \u00e0 long terme sur le lac de Bienne : un toit de bateau innovant.","og_url":"https:\/\/hunziker.ag\/fr\/2024\/06\/03\/projet-panoramique-toit-de-bateau-sur-le-lac-de-bienne\/","og_site_name":"Hunziker AG","article_publisher":"https:\/\/www.facebook.com\/hunzikerag","article_published_time":"2024-06-03T13:33:58+00:00","article_modified_time":"2025-11-07T12:41:29+00:00","og_image":[{"width":2560,"height":1920,"url":"https:\/\/hunziker.ag\/wp-content\/uploads\/2024\/06\/IMG_1051-scaled.jpg","type":"image\/jpeg"}],"author":"hunziker","twitter_card":"summary_large_image","twitter_misc":{"\u00c9crit par":"hunziker","Dur\u00e9e de lecture estim\u00e9e":"1 minute"},"schema":{"@context":"https:\/\/schema.org","@graph":[{"@type":"Article","@id":"https:\/\/hunziker.ag\/fr\/2024\/06\/03\/projet-panoramique-toit-de-bateau-sur-le-lac-de-bienne\/#article","isPartOf":{"@id":"https:\/\/hunziker.ag\/fr\/2024\/06\/03\/projet-panoramique-toit-de-bateau-sur-le-lac-de-bienne\/"},"author":{"name":"hunziker","@id":"https:\/\/hunziker.ag\/fr\/#\/schema\/person\/5ba60237fbbb91cea570f311bd09f036"},"headline":"Projet panoramique : toit de bateau sur le lac de Bienne","datePublished":"2024-06-03T13:33:58+00:00","dateModified":"2025-11-07T12:41:29+00:00","mainEntityOfPage":{"@id":"https:\/\/hunziker.ag\/fr\/2024\/06\/03\/projet-panoramique-toit-de-bateau-sur-le-lac-de-bienne\/"},"wordCount":124,"publisher":{"@id":"https:\/\/hunziker.ag\/fr\/#organization"},"image":{"@id":"https:\/\/hunziker.ag\/fr\/2024\/06\/03\/projet-panoramique-toit-de-bateau-sur-le-lac-de-bienne\/#primaryimage"},"thumbnailUrl":"https:\/\/hunziker.ag\/wp-content\/uploads\/2024\/06\/IMG_1051-scaled.jpg","articleSection":["Constructions sp\u00e9ciales"],"inLanguage":"fr-FR"},{"@type":"WebPage","@id":"https:\/\/hunziker.ag\/fr\/2024\/06\/03\/projet-panoramique-toit-de-bateau-sur-le-lac-de-bienne\/","url":"https:\/\/hunziker.ag\/fr\/2024\/06\/03\/projet-panoramique-toit-de-bateau-sur-le-lac-de-bienne\/","name":"Projet panoramique : toit de bateau sur le lac de Bienne - Hunziker AG","isPartOf":{"@id":"https:\/\/hunziker.ag\/fr\/#website"},"primaryImageOfPage":{"@id":"https:\/\/hunziker.ag\/fr\/2024\/06\/03\/projet-panoramique-toit-de-bateau-sur-le-lac-de-bienne\/#primaryimage"},"image":{"@id":"https:\/\/hunziker.ag\/fr\/2024\/06\/03\/projet-panoramique-toit-de-bateau-sur-le-lac-de-bienne\/#primaryimage"},"thumbnailUrl":"https:\/\/hunziker.ag\/wp-content\/uploads\/2024\/06\/IMG_1051-scaled.jpg","datePublished":"2024-06-03T13:33:58+00:00","dateModified":"2025-11-07T12:41:29+00:00","breadcrumb":{"@id":"https:\/\/hunziker.ag\/fr\/2024\/06\/03\/projet-panoramique-toit-de-bateau-sur-le-lac-de-bienne\/#breadcrumb"},"inLanguage":"fr-FR","potentialAction":[{"@type":"ReadAction","target":["https:\/\/hunziker.ag\/fr\/2024\/06\/03\/projet-panoramique-toit-de-bateau-sur-le-lac-de-bienne\/"]}]},{"@type":"ImageObject","inLanguage":"fr-FR","@id":"https:\/\/hunziker.ag\/fr\/2024\/06\/03\/projet-panoramique-toit-de-bateau-sur-le-lac-de-bienne\/#primaryimage","url":"https:\/\/hunziker.ag\/wp-content\/uploads\/2024\/06\/IMG_1051-scaled.jpg","contentUrl":"https:\/\/hunziker.ag\/wp-content\/uploads\/2024\/06\/IMG_1051-scaled.jpg","width":2560,"height":1920,"caption":"Abri de bateau"},{"@type":"BreadcrumbList","@id":"https:\/\/hunziker.ag\/fr\/2024\/06\/03\/projet-panoramique-toit-de-bateau-sur-le-lac-de-bienne\/#breadcrumb","itemListElement":[{"@type":"ListItem","position":1,"name":"Startseite","item":"https:\/\/hunziker.ag\/fr\/home\/"},{"@type":"ListItem","position":2,"name":"Projet panoramique : toit de bateau sur le lac de Bienne"}]},{"@type":"WebSite","@id":"https:\/\/hunziker.ag\/fr\/#website","url":"https:\/\/hunziker.ag\/fr\/","name":"Hunziker AG","description":"Mobile Bauten in jeder Dimension","publisher":{"@id":"https:\/\/hunziker.ag\/fr\/#organization"},"potentialAction":[{"@type":"SearchAction","target":{"@type":"EntryPoint","urlTemplate":"https:\/\/hunziker.ag\/fr\/?s={search_term_string}"},"query-input":{"@type":"PropertyValueSpecification","valueRequired":true,"valueName":"search_term_string"}}],"inLanguage":"fr-FR"},{"@type":"Organization","@id":"https:\/\/hunziker.ag\/fr\/#organization","name":"Hunziker AG","url":"https:\/\/hunziker.ag\/fr\/","logo":{"@type":"ImageObject","inLanguage":"fr-FR","@id":"https:\/\/hunziker.ag\/fr\/#\/schema\/logo\/image\/","url":"https:\/\/hunziker.ag\/wp-content\/uploads\/2021\/05\/Favicon_01.png","contentUrl":"https:\/\/hunziker.ag\/wp-content\/uploads\/2021\/05\/Favicon_01.png","width":512,"height":512,"caption":"Hunziker AG"},"image":{"@id":"https:\/\/hunziker.ag\/fr\/#\/schema\/logo\/image\/"},"sameAs":["https:\/\/www.facebook.com\/hunzikerag","https:\/\/www.instagram.com\/hunzikerag\/","https:\/\/www.linkedin.com\/company\/3173208\/"]},{"@type":"Person","@id":"https:\/\/hunziker.ag\/fr\/#\/schema\/person\/5ba60237fbbb91cea570f311bd09f036","name":"hunziker","sameAs":["https:\/\/hunziker.ag"]}]}},"_links":{"self":[{"href":"https:\/\/hunziker.ag\/fr\/wp-json\/wp\/v2\/posts\/9659","targetHints":{"allow":["GET"]}}],"collection":[{"href":"https:\/\/hunziker.ag\/fr\/wp-json\/wp\/v2\/posts"}],"about":[{"href":"https:\/\/hunziker.ag\/fr\/wp-json\/wp\/v2\/types\/post"}],"author":[{"embeddable":true,"href":"https:\/\/hunziker.ag\/fr\/wp-json\/wp\/v2\/users\/2"}],"replies":[{"embeddable":true,"href":"https:\/\/hunziker.ag\/fr\/wp-json\/wp\/v2\/comments?post=9659"}],"version-history":[{"count":1,"href":"https:\/\/hunziker.ag\/fr\/wp-json\/wp\/v2\/posts\/9659\/revisions"}],"predecessor-version":[{"id":9660,"href":"https:\/\/hunziker.ag\/fr\/wp-json\/wp\/v2\/posts\/9659\/revisions\/9660"}],"wp:featuredmedia":[{"embeddable":true,"href":"https:\/\/hunziker.ag\/fr\/wp-json\/wp\/v2\/media\/8424"}],"wp:attachment":[{"href":"https:\/\/hunziker.ag\/fr\/wp-json\/wp\/v2\/media?parent=9659"}],"wp:term":[{"taxonomy":"category","embeddable":true,"href":"https:\/\/hunziker.ag\/fr\/wp-json\/wp\/v2\/categories?post=9659"},{"taxonomy":"post_tag","embeddable":true,"href":"https:\/\/hunziker.ag\/fr\/wp-json\/wp\/v2\/tags?post=9659"}],"curies":[{"name":"wp","href":"https:\/\/api.w.org\/{rel}","templated":true}]}}