{"id":9657,"date":"2024-07-08T12:47:31","date_gmt":"2024-07-08T10:47:31","guid":{"rendered":"https:\/\/hunziker.ag\/2024\/07\/08\/24-heures-de-cyclisme-et-de-velo\/"},"modified":"2025-11-19T16:33:18","modified_gmt":"2025-11-19T15:33:18","slug":"24-heures-de-cyclisme-et-de-velo","status":"publish","type":"post","link":"https:\/\/hunziker.ag\/fr\/2024\/07\/08\/24-heures-de-cyclisme-et-de-velo\/","title":{"rendered":"24 heures de cyclisme et de v\u00e9lo"},"content":{"rendered":"\t\t<div data-elementor-type=\"wp-post\" data-elementor-id=\"9657\" class=\"elementor elementor-9657 elementor-7284\" data-elementor-post-type=\"post\">\n\t\t\t\t\t\t<section class=\"elementor-section elementor-top-section elementor-element elementor-element-100209d4 elementor-section-height-min-height elementor-section-content-middle elementor-section-boxed elementor-section-height-default elementor-section-items-middle\" data-id=\"100209d4\" data-element_type=\"section\" data-settings=\"{&quot;background_background&quot;:&quot;classic&quot;}\">\n\t\t\t\t\t\t<div class=\"elementor-container elementor-column-gap-default\">\n\t\t\t\t\t<div class=\"elementor-column elementor-col-100 elementor-top-column elementor-element elementor-element-287cf6ac\" data-id=\"287cf6ac\" data-element_type=\"column\" data-settings=\"{&quot;background_background&quot;:&quot;classic&quot;}\">\n\t\t\t<div class=\"elementor-widget-wrap elementor-element-populated\">\n\t\t\t\t\t\t<section class=\"elementor-section elementor-inner-section elementor-element elementor-element-75d9a7b5 elementor-section-content-middle elementor-section-boxed elementor-section-height-default elementor-section-height-default\" data-id=\"75d9a7b5\" data-element_type=\"section\">\n\t\t\t\t\t\t<div class=\"elementor-container elementor-column-gap-default\">\n\t\t\t\t\t<div class=\"elementor-column elementor-col-50 elementor-inner-column elementor-element elementor-element-5304f424\" data-id=\"5304f424\" data-element_type=\"column\">\n\t\t\t<div class=\"elementor-widget-wrap elementor-element-populated\">\n\t\t\t\t\t\t<div class=\"elementor-element elementor-element-1f4c76db elementor-widget elementor-widget-theme-post-title elementor-page-title elementor-widget-heading\" data-id=\"1f4c76db\" data-element_type=\"widget\" data-widget_type=\"theme-post-title.default\">\n\t\t\t\t<div class=\"elementor-widget-container\">\n\t\t\t\t\t<h1 class=\"elementor-heading-title elementor-size-default\">24 heures de cyclisme et de v\u00e9lo<\/h1>\t\t\t\t<\/div>\n\t\t\t\t<\/div>\n\t\t\t\t<div class=\"elementor-element elementor-element-63dcc543 elementor-widget elementor-widget-text-editor\" data-id=\"63dcc543\" data-element_type=\"widget\" data-widget_type=\"text-editor.default\">\n\t\t\t\t<div class=\"elementor-widget-container\">\n\t\t\t\t\t\t\t\t\t<p>Chaque ann\u00e9e, l&rsquo;\u00e9v\u00e9nement cycliste \u00ab\u00a024h-Rennen\u00a0\u00bb est un moment fort pour la r\u00e9gion et les v\u00e9t\u00e9tistes passionn\u00e9s.  <\/p><p><span style=\"font-weight: bolder\">En tant qu&rsquo;entreprise Hunziker, nous avons fourni :<\/span><\/p><ul style=\"font-size: 18px;background-color: #ffffff\"><li style=\"font-size: 18px\"><b>Hall principal &#8211; <\/b>avec plancher en bois, rampes et goutti\u00e8res de liaison<\/li><li><strong>Tente cuisine &amp; tente principale ainsi que barri\u00e8res <\/strong>et <strong>cl\u00f4ture<\/strong><\/li><li style=\"font-size: 18px\"><strong>Mobilier<\/strong> &#8211; ensembles de tables et parasols<\/li><\/ul><div> <\/div><p>Cette ann\u00e9e, quelques collaborateurs de Hunziker \u00e9taient pr\u00e9sents et n&rsquo;ont pas voulu manquer cet \u00e9v\u00e9nement sp\u00e9cial !<\/p>\t\t\t\t\t\t\t\t<\/div>\n\t\t\t\t<\/div>\n\t\t\t\t<div class=\"elementor-element elementor-element-48a998af elementor-align-left elementor-widget elementor-widget-button\" data-id=\"48a998af\" data-element_type=\"widget\" data-widget_type=\"button.default\">\n\t\t\t\t<div class=\"elementor-widget-container\">\n\t\t\t\t\t\t\t\t\t<div class=\"elementor-button-wrapper\">\n\t\t\t\t\t<a class=\"elementor-button elementor-size-sm\" role=\"button\" id=\"back-button\">\n\t\t\t\t\t\t<span class=\"elementor-button-content-wrapper\">\n\t\t\t\t\t\t<span class=\"elementor-button-icon\">\n\t\t\t\t<i aria-hidden=\"true\" class=\"fas fa-arrow-left\"><\/i>\t\t\t<\/span>\n\t\t\t\t\t\t\t\t\t<span class=\"elementor-button-text\">Retour<\/span>\n\t\t\t\t\t<\/span>\n\t\t\t\t\t<\/a>\n\t\t\t\t<\/div>\n\t\t\t\t\t\t\t\t<\/div>\n\t\t\t\t<\/div>\n\t\t\t\t\t<\/div>\n\t\t<\/div>\n\t\t\t\t<div class=\"elementor-column elementor-col-50 elementor-inner-column elementor-element elementor-element-4545764\" data-id=\"4545764\" data-element_type=\"column\">\n\t\t\t<div class=\"elementor-widget-wrap elementor-element-populated\">\n\t\t\t\t\t\t<div class=\"elementor-element elementor-element-40909683 elementor-arrows-position-inside elementor-pagination-position-outside elementor-widget elementor-widget-image-carousel\" data-id=\"40909683\" data-element_type=\"widget\" data-settings=\"{&quot;slides_to_show&quot;:&quot;1&quot;,&quot;navigation&quot;:&quot;both&quot;,&quot;autoplay&quot;:&quot;yes&quot;,&quot;pause_on_hover&quot;:&quot;yes&quot;,&quot;pause_on_interaction&quot;:&quot;yes&quot;,&quot;autoplay_speed&quot;:5000,&quot;infinite&quot;:&quot;yes&quot;,&quot;effect&quot;:&quot;slide&quot;,&quot;speed&quot;:500}\" data-widget_type=\"image-carousel.default\">\n\t\t\t\t<div class=\"elementor-widget-container\">\n\t\t\t\t\t\t\t<div class=\"elementor-image-carousel-wrapper swiper\" role=\"region\" aria-roledescription=\"carousel\" aria-label=\"Image Carousel\" dir=\"ltr\">\n\t\t\t<div class=\"elementor-image-carousel swiper-wrapper\" aria-live=\"off\">\n\t\t\t\t\t\t\t\t<div class=\"swiper-slide\" role=\"group\" aria-roledescription=\"slide\" aria-label=\"1 sur 8\"><figure class=\"swiper-slide-inner\"><img decoding=\"async\" class=\"swiper-slide-image\" src=\"https:\/\/hunziker.ag\/wp-content\/uploads\/2024\/07\/24_1-1024x576.jpg\" alt=\"24 1\" \/><\/figure><\/div><div class=\"swiper-slide\" role=\"group\" aria-roledescription=\"slide\" aria-label=\"2 sur 8\"><figure class=\"swiper-slide-inner\"><img decoding=\"async\" class=\"swiper-slide-image\" src=\"https:\/\/hunziker.ag\/wp-content\/uploads\/2024\/07\/24_2-1024x576.jpg\" alt=\"24 2\" \/><\/figure><\/div><div class=\"swiper-slide\" role=\"group\" aria-roledescription=\"slide\" aria-label=\"3 sur 8\"><figure class=\"swiper-slide-inner\"><img decoding=\"async\" class=\"swiper-slide-image\" src=\"https:\/\/hunziker.ag\/wp-content\/uploads\/2024\/07\/24Stundenrennen-12-von-196-1024x683.jpg\" alt=\"Chapiteau, tente-cuisine\" \/><\/figure><\/div><div class=\"swiper-slide\" role=\"group\" aria-roledescription=\"slide\" aria-label=\"4 sur 8\"><figure class=\"swiper-slide-inner\"><img decoding=\"async\" class=\"swiper-slide-image\" src=\"https:\/\/hunziker.ag\/wp-content\/uploads\/2024\/07\/24Stundenrennen-193-von-196-1024x683.jpg\" alt=\"Chapiteau, tente-cuisine\" \/><\/figure><\/div><div class=\"swiper-slide\" role=\"group\" aria-roledescription=\"slide\" aria-label=\"5 sur 8\"><figure class=\"swiper-slide-inner\"><img decoding=\"async\" class=\"swiper-slide-image\" src=\"https:\/\/hunziker.ag\/wp-content\/uploads\/2024\/07\/24Stundenrennen-39-von-196-1024x683.jpg\" alt=\"Chapiteau, tente-cuisine\" \/><\/figure><\/div><div class=\"swiper-slide\" role=\"group\" aria-roledescription=\"slide\" aria-label=\"6 sur 8\"><figure class=\"swiper-slide-inner\"><img decoding=\"async\" class=\"swiper-slide-image\" src=\"https:\/\/hunziker.ag\/wp-content\/uploads\/2024\/07\/24Stundenrennen-69-von-256-1024x683.jpg\" alt=\"Chapiteau, tente-cuisine\" \/><\/figure><\/div><div class=\"swiper-slide\" role=\"group\" aria-roledescription=\"slide\" aria-label=\"7 sur 8\"><figure class=\"swiper-slide-inner\"><img decoding=\"async\" class=\"swiper-slide-image\" src=\"https:\/\/hunziker.ag\/wp-content\/uploads\/2024\/07\/24Stundenrennen-240-von-256-1024x683.jpg\" alt=\"Chapiteau, tente-cuisine\" \/><\/figure><\/div><div class=\"swiper-slide\" role=\"group\" aria-roledescription=\"slide\" aria-label=\"8 sur 8\"><figure class=\"swiper-slide-inner\"><img decoding=\"async\" class=\"swiper-slide-image\" src=\"https:\/\/hunziker.ag\/wp-content\/uploads\/2024\/07\/24Stundenrennen-256-von-256-1024x683.jpg\" alt=\"Chapiteau, tente-cuisine\" \/><\/figure><\/div>\t\t\t<\/div>\n\t\t\t\t\t\t\t\t\t\t\t\t<div class=\"elementor-swiper-button elementor-swiper-button-prev\" role=\"button\" tabindex=\"0\">\n\t\t\t\t\t\t<i aria-hidden=\"true\" class=\"eicon-chevron-left\"><\/i>\t\t\t\t\t<\/div>\n\t\t\t\t\t<div class=\"elementor-swiper-button elementor-swiper-button-next\" role=\"button\" tabindex=\"0\">\n\t\t\t\t\t\t<i aria-hidden=\"true\" class=\"eicon-chevron-right\"><\/i>\t\t\t\t\t<\/div>\n\t\t\t\t\n\t\t\t\t\t\t\t\t\t<div class=\"swiper-pagination\"><\/div>\n\t\t\t\t\t\t\t\t\t<\/div>\n\t\t\t\t\t\t<\/div>\n\t\t\t\t<\/div>\n\t\t\t\t\t<\/div>\n\t\t<\/div>\n\t\t\t\t\t<\/div>\n\t\t<\/section>\n\t\t\t\t\t<\/div>\n\t\t<\/div>\n\t\t\t\t\t<\/div>\n\t\t<\/section>\n\t\t\t\t<\/div>\n\t\t","protected":false},"excerpt":{"rendered":"<p>La course de 24 heures \u00e0 Sch\u00f6tz en 2024 avec des tentes et du mobilier de Hunziker.<\/p>\n","protected":false},"author":2,"featured_media":8453,"comment_status":"closed","ping_status":"closed","sticky":false,"template":"elementor_header_footer","format":"standard","meta":{"footnotes":""},"categories":[72],"tags":[],"class_list":["post-9657","post","type-post","status-publish","format-standard","has-post-thumbnail","hentry","category-sport-fr"],"yoast_head":"<!-- This site is optimized with the Yoast SEO plugin v26.4 - https:\/\/yoast.com\/wordpress\/plugins\/seo\/ -->\n<title>24 heures de cyclisme et de v\u00e9lo - Hunziker AG<\/title>\n<meta name=\"robots\" content=\"index, follow, max-snippet:-1, max-image-preview:large, max-video-preview:-1\" \/>\n<link rel=\"canonical\" href=\"https:\/\/hunziker.ag\/fr\/2024\/07\/08\/24-heures-de-cyclisme-et-de-velo\/\" \/>\n<meta property=\"og:locale\" content=\"fr_FR\" \/>\n<meta property=\"og:type\" content=\"article\" \/>\n<meta property=\"og:title\" content=\"24 heures de cyclisme et de v\u00e9lo - Hunziker AG\" \/>\n<meta property=\"og:description\" content=\"La course de 24 heures \u00e0 Sch\u00f6tz en 2024 avec des tentes et du mobilier de Hunziker.\" \/>\n<meta property=\"og:url\" content=\"https:\/\/hunziker.ag\/fr\/2024\/07\/08\/24-heures-de-cyclisme-et-de-velo\/\" \/>\n<meta property=\"og:site_name\" content=\"Hunziker AG\" \/>\n<meta property=\"article:publisher\" content=\"https:\/\/www.facebook.com\/hunzikerag\" \/>\n<meta property=\"article:published_time\" content=\"2024-07-08T10:47:31+00:00\" \/>\n<meta property=\"article:modified_time\" content=\"2025-11-19T15:33:18+00:00\" \/>\n<meta property=\"og:image\" content=\"https:\/\/hunziker.ag\/wp-content\/uploads\/2024\/07\/24Stundenrennen-12-von-196.jpg\" \/>\n\t<meta property=\"og:image:width\" content=\"8256\" \/>\n\t<meta property=\"og:image:height\" content=\"5504\" \/>\n\t<meta property=\"og:image:type\" content=\"image\/jpeg\" \/>\n<meta name=\"author\" content=\"hunziker\" \/>\n<meta name=\"twitter:card\" content=\"summary_large_image\" \/>\n<meta name=\"twitter:label1\" content=\"\u00c9crit par\" \/>\n\t<meta name=\"twitter:data1\" content=\"hunziker\" \/>\n<script type=\"application\/ld+json\" class=\"yoast-schema-graph\">{\"@context\":\"https:\/\/schema.org\",\"@graph\":[{\"@type\":\"Article\",\"@id\":\"https:\/\/hunziker.ag\/fr\/2024\/07\/08\/24-heures-de-cyclisme-et-de-velo\/#article\",\"isPartOf\":{\"@id\":\"https:\/\/hunziker.ag\/fr\/2024\/07\/08\/24-heures-de-cyclisme-et-de-velo\/\"},\"author\":{\"name\":\"hunziker\",\"@id\":\"https:\/\/hunziker.ag\/fr\/#\/schema\/person\/5ba60237fbbb91cea570f311bd09f036\"},\"headline\":\"24 heures de cyclisme et de v\u00e9lo\",\"datePublished\":\"2024-07-08T10:47:31+00:00\",\"dateModified\":\"2025-11-19T15:33:18+00:00\",\"mainEntityOfPage\":{\"@id\":\"https:\/\/hunziker.ag\/fr\/2024\/07\/08\/24-heures-de-cyclisme-et-de-velo\/\"},\"wordCount\":92,\"publisher\":{\"@id\":\"https:\/\/hunziker.ag\/fr\/#organization\"},\"image\":{\"@id\":\"https:\/\/hunziker.ag\/fr\/2024\/07\/08\/24-heures-de-cyclisme-et-de-velo\/#primaryimage\"},\"thumbnailUrl\":\"https:\/\/hunziker.ag\/wp-content\/uploads\/2024\/07\/24Stundenrennen-12-von-196.jpg\",\"articleSection\":[\"Sport\"],\"inLanguage\":\"fr-FR\"},{\"@type\":\"WebPage\",\"@id\":\"https:\/\/hunziker.ag\/fr\/2024\/07\/08\/24-heures-de-cyclisme-et-de-velo\/\",\"url\":\"https:\/\/hunziker.ag\/fr\/2024\/07\/08\/24-heures-de-cyclisme-et-de-velo\/\",\"name\":\"24 heures de cyclisme et de v\u00e9lo - Hunziker AG\",\"isPartOf\":{\"@id\":\"https:\/\/hunziker.ag\/fr\/#website\"},\"primaryImageOfPage\":{\"@id\":\"https:\/\/hunziker.ag\/fr\/2024\/07\/08\/24-heures-de-cyclisme-et-de-velo\/#primaryimage\"},\"image\":{\"@id\":\"https:\/\/hunziker.ag\/fr\/2024\/07\/08\/24-heures-de-cyclisme-et-de-velo\/#primaryimage\"},\"thumbnailUrl\":\"https:\/\/hunziker.ag\/wp-content\/uploads\/2024\/07\/24Stundenrennen-12-von-196.jpg\",\"datePublished\":\"2024-07-08T10:47:31+00:00\",\"dateModified\":\"2025-11-19T15:33:18+00:00\",\"breadcrumb\":{\"@id\":\"https:\/\/hunziker.ag\/fr\/2024\/07\/08\/24-heures-de-cyclisme-et-de-velo\/#breadcrumb\"},\"inLanguage\":\"fr-FR\",\"potentialAction\":[{\"@type\":\"ReadAction\",\"target\":[\"https:\/\/hunziker.ag\/fr\/2024\/07\/08\/24-heures-de-cyclisme-et-de-velo\/\"]}]},{\"@type\":\"ImageObject\",\"inLanguage\":\"fr-FR\",\"@id\":\"https:\/\/hunziker.ag\/fr\/2024\/07\/08\/24-heures-de-cyclisme-et-de-velo\/#primaryimage\",\"url\":\"https:\/\/hunziker.ag\/wp-content\/uploads\/2024\/07\/24Stundenrennen-12-von-196.jpg\",\"contentUrl\":\"https:\/\/hunziker.ag\/wp-content\/uploads\/2024\/07\/24Stundenrennen-12-von-196.jpg\",\"width\":8256,\"height\":5504,\"caption\":\"Chapiteau, tente-cuisine\"},{\"@type\":\"BreadcrumbList\",\"@id\":\"https:\/\/hunziker.ag\/fr\/2024\/07\/08\/24-heures-de-cyclisme-et-de-velo\/#breadcrumb\",\"itemListElement\":[{\"@type\":\"ListItem\",\"position\":1,\"name\":\"Startseite\",\"item\":\"https:\/\/hunziker.ag\/fr\/home\/\"},{\"@type\":\"ListItem\",\"position\":2,\"name\":\"24 heures de cyclisme et de v\u00e9lo\"}]},{\"@type\":\"WebSite\",\"@id\":\"https:\/\/hunziker.ag\/fr\/#website\",\"url\":\"https:\/\/hunziker.ag\/fr\/\",\"name\":\"Hunziker AG\",\"description\":\"Mobile Bauten in jeder Dimension\",\"publisher\":{\"@id\":\"https:\/\/hunziker.ag\/fr\/#organization\"},\"potentialAction\":[{\"@type\":\"SearchAction\",\"target\":{\"@type\":\"EntryPoint\",\"urlTemplate\":\"https:\/\/hunziker.ag\/fr\/?s={search_term_string}\"},\"query-input\":{\"@type\":\"PropertyValueSpecification\",\"valueRequired\":true,\"valueName\":\"search_term_string\"}}],\"inLanguage\":\"fr-FR\"},{\"@type\":\"Organization\",\"@id\":\"https:\/\/hunziker.ag\/fr\/#organization\",\"name\":\"Hunziker AG\",\"url\":\"https:\/\/hunziker.ag\/fr\/\",\"logo\":{\"@type\":\"ImageObject\",\"inLanguage\":\"fr-FR\",\"@id\":\"https:\/\/hunziker.ag\/fr\/#\/schema\/logo\/image\/\",\"url\":\"https:\/\/hunziker.ag\/wp-content\/uploads\/2021\/05\/Favicon_01.png\",\"contentUrl\":\"https:\/\/hunziker.ag\/wp-content\/uploads\/2021\/05\/Favicon_01.png\",\"width\":512,\"height\":512,\"caption\":\"Hunziker AG\"},\"image\":{\"@id\":\"https:\/\/hunziker.ag\/fr\/#\/schema\/logo\/image\/\"},\"sameAs\":[\"https:\/\/www.facebook.com\/hunzikerag\",\"https:\/\/www.instagram.com\/hunzikerag\/\",\"https:\/\/www.linkedin.com\/company\/3173208\/\"]},{\"@type\":\"Person\",\"@id\":\"https:\/\/hunziker.ag\/fr\/#\/schema\/person\/5ba60237fbbb91cea570f311bd09f036\",\"name\":\"hunziker\",\"sameAs\":[\"https:\/\/hunziker.ag\"]}]}<\/script>\n<!-- \/ Yoast SEO plugin. -->","yoast_head_json":{"title":"24 heures de cyclisme et de v\u00e9lo - Hunziker AG","robots":{"index":"index","follow":"follow","max-snippet":"max-snippet:-1","max-image-preview":"max-image-preview:large","max-video-preview":"max-video-preview:-1"},"canonical":"https:\/\/hunziker.ag\/fr\/2024\/07\/08\/24-heures-de-cyclisme-et-de-velo\/","og_locale":"fr_FR","og_type":"article","og_title":"24 heures de cyclisme et de v\u00e9lo - Hunziker AG","og_description":"La course de 24 heures \u00e0 Sch\u00f6tz en 2024 avec des tentes et du mobilier de Hunziker.","og_url":"https:\/\/hunziker.ag\/fr\/2024\/07\/08\/24-heures-de-cyclisme-et-de-velo\/","og_site_name":"Hunziker AG","article_publisher":"https:\/\/www.facebook.com\/hunzikerag","article_published_time":"2024-07-08T10:47:31+00:00","article_modified_time":"2025-11-19T15:33:18+00:00","og_image":[{"width":8256,"height":5504,"url":"https:\/\/hunziker.ag\/wp-content\/uploads\/2024\/07\/24Stundenrennen-12-von-196.jpg","type":"image\/jpeg"}],"author":"hunziker","twitter_card":"summary_large_image","twitter_misc":{"\u00c9crit par":"hunziker"},"schema":{"@context":"https:\/\/schema.org","@graph":[{"@type":"Article","@id":"https:\/\/hunziker.ag\/fr\/2024\/07\/08\/24-heures-de-cyclisme-et-de-velo\/#article","isPartOf":{"@id":"https:\/\/hunziker.ag\/fr\/2024\/07\/08\/24-heures-de-cyclisme-et-de-velo\/"},"author":{"name":"hunziker","@id":"https:\/\/hunziker.ag\/fr\/#\/schema\/person\/5ba60237fbbb91cea570f311bd09f036"},"headline":"24 heures de cyclisme et de v\u00e9lo","datePublished":"2024-07-08T10:47:31+00:00","dateModified":"2025-11-19T15:33:18+00:00","mainEntityOfPage":{"@id":"https:\/\/hunziker.ag\/fr\/2024\/07\/08\/24-heures-de-cyclisme-et-de-velo\/"},"wordCount":92,"publisher":{"@id":"https:\/\/hunziker.ag\/fr\/#organization"},"image":{"@id":"https:\/\/hunziker.ag\/fr\/2024\/07\/08\/24-heures-de-cyclisme-et-de-velo\/#primaryimage"},"thumbnailUrl":"https:\/\/hunziker.ag\/wp-content\/uploads\/2024\/07\/24Stundenrennen-12-von-196.jpg","articleSection":["Sport"],"inLanguage":"fr-FR"},{"@type":"WebPage","@id":"https:\/\/hunziker.ag\/fr\/2024\/07\/08\/24-heures-de-cyclisme-et-de-velo\/","url":"https:\/\/hunziker.ag\/fr\/2024\/07\/08\/24-heures-de-cyclisme-et-de-velo\/","name":"24 heures de cyclisme et de v\u00e9lo - Hunziker AG","isPartOf":{"@id":"https:\/\/hunziker.ag\/fr\/#website"},"primaryImageOfPage":{"@id":"https:\/\/hunziker.ag\/fr\/2024\/07\/08\/24-heures-de-cyclisme-et-de-velo\/#primaryimage"},"image":{"@id":"https:\/\/hunziker.ag\/fr\/2024\/07\/08\/24-heures-de-cyclisme-et-de-velo\/#primaryimage"},"thumbnailUrl":"https:\/\/hunziker.ag\/wp-content\/uploads\/2024\/07\/24Stundenrennen-12-von-196.jpg","datePublished":"2024-07-08T10:47:31+00:00","dateModified":"2025-11-19T15:33:18+00:00","breadcrumb":{"@id":"https:\/\/hunziker.ag\/fr\/2024\/07\/08\/24-heures-de-cyclisme-et-de-velo\/#breadcrumb"},"inLanguage":"fr-FR","potentialAction":[{"@type":"ReadAction","target":["https:\/\/hunziker.ag\/fr\/2024\/07\/08\/24-heures-de-cyclisme-et-de-velo\/"]}]},{"@type":"ImageObject","inLanguage":"fr-FR","@id":"https:\/\/hunziker.ag\/fr\/2024\/07\/08\/24-heures-de-cyclisme-et-de-velo\/#primaryimage","url":"https:\/\/hunziker.ag\/wp-content\/uploads\/2024\/07\/24Stundenrennen-12-von-196.jpg","contentUrl":"https:\/\/hunziker.ag\/wp-content\/uploads\/2024\/07\/24Stundenrennen-12-von-196.jpg","width":8256,"height":5504,"caption":"Chapiteau, tente-cuisine"},{"@type":"BreadcrumbList","@id":"https:\/\/hunziker.ag\/fr\/2024\/07\/08\/24-heures-de-cyclisme-et-de-velo\/#breadcrumb","itemListElement":[{"@type":"ListItem","position":1,"name":"Startseite","item":"https:\/\/hunziker.ag\/fr\/home\/"},{"@type":"ListItem","position":2,"name":"24 heures de cyclisme et de v\u00e9lo"}]},{"@type":"WebSite","@id":"https:\/\/hunziker.ag\/fr\/#website","url":"https:\/\/hunziker.ag\/fr\/","name":"Hunziker AG","description":"Mobile Bauten in jeder Dimension","publisher":{"@id":"https:\/\/hunziker.ag\/fr\/#organization"},"potentialAction":[{"@type":"SearchAction","target":{"@type":"EntryPoint","urlTemplate":"https:\/\/hunziker.ag\/fr\/?s={search_term_string}"},"query-input":{"@type":"PropertyValueSpecification","valueRequired":true,"valueName":"search_term_string"}}],"inLanguage":"fr-FR"},{"@type":"Organization","@id":"https:\/\/hunziker.ag\/fr\/#organization","name":"Hunziker AG","url":"https:\/\/hunziker.ag\/fr\/","logo":{"@type":"ImageObject","inLanguage":"fr-FR","@id":"https:\/\/hunziker.ag\/fr\/#\/schema\/logo\/image\/","url":"https:\/\/hunziker.ag\/wp-content\/uploads\/2021\/05\/Favicon_01.png","contentUrl":"https:\/\/hunziker.ag\/wp-content\/uploads\/2021\/05\/Favicon_01.png","width":512,"height":512,"caption":"Hunziker AG"},"image":{"@id":"https:\/\/hunziker.ag\/fr\/#\/schema\/logo\/image\/"},"sameAs":["https:\/\/www.facebook.com\/hunzikerag","https:\/\/www.instagram.com\/hunzikerag\/","https:\/\/www.linkedin.com\/company\/3173208\/"]},{"@type":"Person","@id":"https:\/\/hunziker.ag\/fr\/#\/schema\/person\/5ba60237fbbb91cea570f311bd09f036","name":"hunziker","sameAs":["https:\/\/hunziker.ag"]}]}},"_links":{"self":[{"href":"https:\/\/hunziker.ag\/fr\/wp-json\/wp\/v2\/posts\/9657","targetHints":{"allow":["GET"]}}],"collection":[{"href":"https:\/\/hunziker.ag\/fr\/wp-json\/wp\/v2\/posts"}],"about":[{"href":"https:\/\/hunziker.ag\/fr\/wp-json\/wp\/v2\/types\/post"}],"author":[{"embeddable":true,"href":"https:\/\/hunziker.ag\/fr\/wp-json\/wp\/v2\/users\/2"}],"replies":[{"embeddable":true,"href":"https:\/\/hunziker.ag\/fr\/wp-json\/wp\/v2\/comments?post=9657"}],"version-history":[{"count":4,"href":"https:\/\/hunziker.ag\/fr\/wp-json\/wp\/v2\/posts\/9657\/revisions"}],"predecessor-version":[{"id":9989,"href":"https:\/\/hunziker.ag\/fr\/wp-json\/wp\/v2\/posts\/9657\/revisions\/9989"}],"wp:featuredmedia":[{"embeddable":true,"href":"https:\/\/hunziker.ag\/fr\/wp-json\/wp\/v2\/media\/8453"}],"wp:attachment":[{"href":"https:\/\/hunziker.ag\/fr\/wp-json\/wp\/v2\/media?parent=9657"}],"wp:term":[{"taxonomy":"category","embeddable":true,"href":"https:\/\/hunziker.ag\/fr\/wp-json\/wp\/v2\/categories?post=9657"},{"taxonomy":"post_tag","embeddable":true,"href":"https:\/\/hunziker.ag\/fr\/wp-json\/wp\/v2\/tags?post=9657"}],"curies":[{"name":"wp","href":"https:\/\/api.w.org\/{rel}","templated":true}]}}