{"id":9653,"date":"2024-10-21T14:34:18","date_gmt":"2024-10-21T12:34:18","guid":{"rendered":"https:\/\/hunziker.ag\/2024\/10\/21\/le-vent-souffle-oktoberfest-a-la-gare-centrale-de-zurich\/"},"modified":"2025-11-19T15:40:52","modified_gmt":"2025-11-19T14:40:52","slug":"le-vent-souffle-oktoberfest-a-la-gare-centrale-de-zurich","status":"publish","type":"post","link":"https:\/\/hunziker.ag\/fr\/2024\/10\/21\/le-vent-souffle-oktoberfest-a-la-gare-centrale-de-zurich\/","title":{"rendered":"Le vent souffle ! Oktoberfest \u00e0 la gare centrale de Zurich"},"content":{"rendered":"\t\t<div data-elementor-type=\"wp-post\" data-elementor-id=\"9653\" class=\"elementor elementor-9653 elementor-7606\" data-elementor-post-type=\"post\">\n\t\t\t\t\t\t<section class=\"elementor-section elementor-top-section elementor-element elementor-element-d34e2b8 elementor-section-height-min-height elementor-section-content-middle elementor-section-boxed elementor-section-height-default elementor-section-items-middle\" data-id=\"d34e2b8\" data-element_type=\"section\" data-settings=\"{&quot;background_background&quot;:&quot;classic&quot;}\">\n\t\t\t\t\t\t<div class=\"elementor-container elementor-column-gap-default\">\n\t\t\t\t\t<div class=\"elementor-column elementor-col-100 elementor-top-column elementor-element elementor-element-25bb0a1\" data-id=\"25bb0a1\" data-element_type=\"column\" data-settings=\"{&quot;background_background&quot;:&quot;classic&quot;}\">\n\t\t\t<div class=\"elementor-widget-wrap elementor-element-populated\">\n\t\t\t\t\t\t<section class=\"elementor-section elementor-inner-section elementor-element elementor-element-f16853d elementor-section-content-middle elementor-section-boxed elementor-section-height-default elementor-section-height-default\" data-id=\"f16853d\" data-element_type=\"section\">\n\t\t\t\t\t\t<div class=\"elementor-container elementor-column-gap-default\">\n\t\t\t\t\t<div class=\"elementor-column elementor-col-50 elementor-inner-column elementor-element elementor-element-2ead4e46\" data-id=\"2ead4e46\" data-element_type=\"column\">\n\t\t\t<div class=\"elementor-widget-wrap elementor-element-populated\">\n\t\t\t\t\t\t<div class=\"elementor-element elementor-element-31292850 elementor-widget elementor-widget-theme-post-title elementor-page-title elementor-widget-heading\" data-id=\"31292850\" data-element_type=\"widget\" data-widget_type=\"theme-post-title.default\">\n\t\t\t\t<div class=\"elementor-widget-container\">\n\t\t\t\t\t<h1 class=\"elementor-heading-title elementor-size-default\">Le vent souffle ! Oktoberfest \u00e0 la gare centrale de Zurich<\/h1>\t\t\t\t<\/div>\n\t\t\t\t<\/div>\n\t\t\t\t<div class=\"elementor-element elementor-element-21b09663 elementor-widget elementor-widget-text-editor\" data-id=\"21b09663\" data-element_type=\"widget\" data-widget_type=\"text-editor.default\">\n\t\t\t\t<div class=\"elementor-widget-container\">\n\t\t\t\t\t\t\t\t\t<p>Hunziker Zeltbau a eu l&rsquo;honneur d&rsquo;\u00eatre pr\u00e9sent \u00e0 l&rsquo;Oktoberfest de cette ann\u00e9e \u00e0 la gare centrale de Zurich ! Pendant plus de trois semaines et demie, nous avons livr\u00e9 notre <strong>chapiteau, une estrade VIP et de solides ensembles de tables<\/strong> &#8211; tout ce dont le c\u0153ur de l&rsquo;Oktoberfest pouvait r\u00eaver ! <\/p><p>Pendant cette p\u00e9riode, la gaudriole et la musique \u00e9taient en t\u00eate de liste, et nous \u00e9tions au c\u0153ur de l&rsquo;action plut\u00f4t que de nous contenter d&rsquo;y participer. Un grand merci \u00e0 tous pour cette formidable mission ! Nous sommes impatients de recommencer en 2025 &#8211; pfiat eich !    <\/p>\t\t\t\t\t\t\t\t<\/div>\n\t\t\t\t<\/div>\n\t\t\t\t<div class=\"elementor-element elementor-element-62909d28 elementor-align-left elementor-widget elementor-widget-button\" data-id=\"62909d28\" data-element_type=\"widget\" data-widget_type=\"button.default\">\n\t\t\t\t<div class=\"elementor-widget-container\">\n\t\t\t\t\t\t\t\t\t<div class=\"elementor-button-wrapper\">\n\t\t\t\t\t<a class=\"elementor-button elementor-size-sm\" role=\"button\" id=\"back-button\">\n\t\t\t\t\t\t<span class=\"elementor-button-content-wrapper\">\n\t\t\t\t\t\t<span class=\"elementor-button-icon\">\n\t\t\t\t<i aria-hidden=\"true\" class=\"fas fa-arrow-left\"><\/i>\t\t\t<\/span>\n\t\t\t\t\t\t\t\t\t<span class=\"elementor-button-text\">Retour<\/span>\n\t\t\t\t\t<\/span>\n\t\t\t\t\t<\/a>\n\t\t\t\t<\/div>\n\t\t\t\t\t\t\t\t<\/div>\n\t\t\t\t<\/div>\n\t\t\t\t\t<\/div>\n\t\t<\/div>\n\t\t\t\t<div class=\"elementor-column elementor-col-50 elementor-inner-column elementor-element elementor-element-29b05b63\" data-id=\"29b05b63\" data-element_type=\"column\">\n\t\t\t<div class=\"elementor-widget-wrap elementor-element-populated\">\n\t\t\t\t\t\t<div class=\"elementor-element elementor-element-a39dc9d elementor-arrows-position-inside elementor-pagination-position-outside elementor-widget elementor-widget-image-carousel\" data-id=\"a39dc9d\" data-element_type=\"widget\" data-settings=\"{&quot;slides_to_show&quot;:&quot;1&quot;,&quot;navigation&quot;:&quot;both&quot;,&quot;autoplay&quot;:&quot;yes&quot;,&quot;pause_on_hover&quot;:&quot;yes&quot;,&quot;pause_on_interaction&quot;:&quot;yes&quot;,&quot;autoplay_speed&quot;:5000,&quot;infinite&quot;:&quot;yes&quot;,&quot;effect&quot;:&quot;slide&quot;,&quot;speed&quot;:500}\" data-widget_type=\"image-carousel.default\">\n\t\t\t\t<div class=\"elementor-widget-container\">\n\t\t\t\t\t\t\t<div class=\"elementor-image-carousel-wrapper swiper\" role=\"region\" aria-roledescription=\"carousel\" aria-label=\"Image Carousel\" dir=\"ltr\">\n\t\t\t<div class=\"elementor-image-carousel swiper-wrapper\" aria-live=\"off\">\n\t\t\t\t\t\t\t\t<div class=\"swiper-slide\" role=\"group\" aria-roledescription=\"slide\" aria-label=\"1 sur 6\"><figure class=\"swiper-slide-inner\"><img decoding=\"async\" class=\"swiper-slide-image\" src=\"https:\/\/hunziker.ag\/wp-content\/uploads\/2024\/10\/Bild-1-768x1024.jpg\" alt=\"Image 1\" \/><\/figure><\/div><div class=\"swiper-slide\" role=\"group\" aria-roledescription=\"slide\" aria-label=\"2 sur 6\"><figure class=\"swiper-slide-inner\"><img decoding=\"async\" class=\"swiper-slide-image\" src=\"https:\/\/hunziker.ag\/wp-content\/uploads\/2024\/10\/Bild-2-768x1024.jpg\" alt=\"Image 2\" \/><\/figure><\/div><div class=\"swiper-slide\" role=\"group\" aria-roledescription=\"slide\" aria-label=\"3 sur 6\"><figure class=\"swiper-slide-inner\"><img decoding=\"async\" class=\"swiper-slide-image\" src=\"https:\/\/hunziker.ag\/wp-content\/uploads\/2024\/10\/Bild-3-768x1024.jpg\" alt=\"Image 3\" \/><\/figure><\/div><div class=\"swiper-slide\" role=\"group\" aria-roledescription=\"slide\" aria-label=\"4 sur 6\"><figure class=\"swiper-slide-inner\"><img decoding=\"async\" class=\"swiper-slide-image\" src=\"https:\/\/hunziker.ag\/wp-content\/uploads\/2024\/10\/Bild-4-768x1024.jpg\" alt=\"Image 4\" \/><\/figure><\/div><div class=\"swiper-slide\" role=\"group\" aria-roledescription=\"slide\" aria-label=\"5 sur 6\"><figure class=\"swiper-slide-inner\"><img decoding=\"async\" class=\"swiper-slide-image\" src=\"https:\/\/hunziker.ag\/wp-content\/uploads\/2024\/10\/Bild-5-1024x551.jpg\" alt=\"Image 5\" \/><\/figure><\/div><div class=\"swiper-slide\" role=\"group\" aria-roledescription=\"slide\" aria-label=\"6 sur 6\"><figure class=\"swiper-slide-inner\"><img decoding=\"async\" class=\"swiper-slide-image\" src=\"https:\/\/hunziker.ag\/wp-content\/uploads\/2024\/10\/Bild-6-768x1024.jpg\" alt=\"Image 6\" \/><\/figure><\/div>\t\t\t<\/div>\n\t\t\t\t\t\t\t\t\t\t\t\t<div class=\"elementor-swiper-button elementor-swiper-button-prev\" role=\"button\" tabindex=\"0\">\n\t\t\t\t\t\t<i aria-hidden=\"true\" class=\"eicon-chevron-left\"><\/i>\t\t\t\t\t<\/div>\n\t\t\t\t\t<div class=\"elementor-swiper-button elementor-swiper-button-next\" role=\"button\" tabindex=\"0\">\n\t\t\t\t\t\t<i aria-hidden=\"true\" class=\"eicon-chevron-right\"><\/i>\t\t\t\t\t<\/div>\n\t\t\t\t\n\t\t\t\t\t\t\t\t\t<div class=\"swiper-pagination\"><\/div>\n\t\t\t\t\t\t\t\t\t<\/div>\n\t\t\t\t\t\t<\/div>\n\t\t\t\t<\/div>\n\t\t\t\t\t<\/div>\n\t\t<\/div>\n\t\t\t\t\t<\/div>\n\t\t<\/section>\n\t\t\t\t\t<\/div>\n\t\t<\/div>\n\t\t\t\t\t<\/div>\n\t\t<\/section>\n\t\t\t\t<\/div>\n\t\t","protected":false},"excerpt":{"rendered":"<p>Pendant trois semaines et demie, la f\u00eate de la bi\u00e8re \u00ab\u00a0Z\u00fcri Wiesn\u00a0\u00bb a eu lieu \u00e0 la gare centrale de Zurich.  <\/p>\n","protected":false},"author":2,"featured_media":8504,"comment_status":"closed","ping_status":"closed","sticky":false,"template":"elementor_header_footer","format":"standard","meta":{"footnotes":""},"categories":[66],"tags":[],"class_list":["post-9653","post","type-post","status-publish","format-standard","has-post-thumbnail","hentry","category-kultur-fr"],"yoast_head":"<!-- This site is optimized with the Yoast SEO plugin v26.4 - https:\/\/yoast.com\/wordpress\/plugins\/seo\/ -->\n<title>Le vent souffle ! Oktoberfest \u00e0 la gare centrale de Zurich - Hunziker AG<\/title>\n<meta name=\"robots\" content=\"index, follow, max-snippet:-1, max-image-preview:large, max-video-preview:-1\" \/>\n<link rel=\"canonical\" href=\"https:\/\/hunziker.ag\/fr\/2024\/10\/21\/le-vent-souffle-oktoberfest-a-la-gare-centrale-de-zurich\/\" \/>\n<meta property=\"og:locale\" content=\"fr_FR\" \/>\n<meta property=\"og:type\" content=\"article\" \/>\n<meta property=\"og:title\" content=\"Le vent souffle ! Oktoberfest \u00e0 la gare centrale de Zurich - Hunziker AG\" \/>\n<meta property=\"og:description\" content=\"Pendant trois semaines et demie, la f\u00eate de la bi\u00e8re &quot;Z\u00fcri Wiesn&quot; a eu lieu \u00e0 la gare centrale de Zurich.\" \/>\n<meta property=\"og:url\" content=\"https:\/\/hunziker.ag\/fr\/2024\/10\/21\/le-vent-souffle-oktoberfest-a-la-gare-centrale-de-zurich\/\" \/>\n<meta property=\"og:site_name\" content=\"Hunziker AG\" \/>\n<meta property=\"article:publisher\" content=\"https:\/\/www.facebook.com\/hunzikerag\" \/>\n<meta property=\"article:published_time\" content=\"2024-10-21T12:34:18+00:00\" \/>\n<meta property=\"article:modified_time\" content=\"2025-11-19T14:40:52+00:00\" \/>\n<meta property=\"og:image\" content=\"https:\/\/hunziker.ag\/wp-content\/uploads\/2024\/10\/Bild-1-scaled.jpg\" \/>\n\t<meta property=\"og:image:width\" content=\"1920\" \/>\n\t<meta property=\"og:image:height\" content=\"2560\" \/>\n\t<meta property=\"og:image:type\" content=\"image\/jpeg\" \/>\n<meta name=\"author\" content=\"hunziker\" \/>\n<meta name=\"twitter:card\" content=\"summary_large_image\" \/>\n<meta name=\"twitter:label1\" content=\"\u00c9crit par\" \/>\n\t<meta name=\"twitter:data1\" content=\"hunziker\" \/>\n\t<meta name=\"twitter:label2\" content=\"Dur\u00e9e de lecture estim\u00e9e\" \/>\n\t<meta name=\"twitter:data2\" content=\"1 minute\" \/>\n<script type=\"application\/ld+json\" class=\"yoast-schema-graph\">{\"@context\":\"https:\/\/schema.org\",\"@graph\":[{\"@type\":\"Article\",\"@id\":\"https:\/\/hunziker.ag\/fr\/2024\/10\/21\/le-vent-souffle-oktoberfest-a-la-gare-centrale-de-zurich\/#article\",\"isPartOf\":{\"@id\":\"https:\/\/hunziker.ag\/fr\/2024\/10\/21\/le-vent-souffle-oktoberfest-a-la-gare-centrale-de-zurich\/\"},\"author\":{\"name\":\"hunziker\",\"@id\":\"https:\/\/hunziker.ag\/fr\/#\/schema\/person\/5ba60237fbbb91cea570f311bd09f036\"},\"headline\":\"Le vent souffle ! Oktoberfest \u00e0 la gare centrale de Zurich\",\"datePublished\":\"2024-10-21T12:34:18+00:00\",\"dateModified\":\"2025-11-19T14:40:52+00:00\",\"mainEntityOfPage\":{\"@id\":\"https:\/\/hunziker.ag\/fr\/2024\/10\/21\/le-vent-souffle-oktoberfest-a-la-gare-centrale-de-zurich\/\"},\"wordCount\":115,\"publisher\":{\"@id\":\"https:\/\/hunziker.ag\/fr\/#organization\"},\"image\":{\"@id\":\"https:\/\/hunziker.ag\/fr\/2024\/10\/21\/le-vent-souffle-oktoberfest-a-la-gare-centrale-de-zurich\/#primaryimage\"},\"thumbnailUrl\":\"https:\/\/hunziker.ag\/wp-content\/uploads\/2024\/10\/Bild-1-scaled.jpg\",\"articleSection\":[\"Kultur\"],\"inLanguage\":\"fr-FR\"},{\"@type\":\"WebPage\",\"@id\":\"https:\/\/hunziker.ag\/fr\/2024\/10\/21\/le-vent-souffle-oktoberfest-a-la-gare-centrale-de-zurich\/\",\"url\":\"https:\/\/hunziker.ag\/fr\/2024\/10\/21\/le-vent-souffle-oktoberfest-a-la-gare-centrale-de-zurich\/\",\"name\":\"Le vent souffle ! Oktoberfest \u00e0 la gare centrale de Zurich - Hunziker AG\",\"isPartOf\":{\"@id\":\"https:\/\/hunziker.ag\/fr\/#website\"},\"primaryImageOfPage\":{\"@id\":\"https:\/\/hunziker.ag\/fr\/2024\/10\/21\/le-vent-souffle-oktoberfest-a-la-gare-centrale-de-zurich\/#primaryimage\"},\"image\":{\"@id\":\"https:\/\/hunziker.ag\/fr\/2024\/10\/21\/le-vent-souffle-oktoberfest-a-la-gare-centrale-de-zurich\/#primaryimage\"},\"thumbnailUrl\":\"https:\/\/hunziker.ag\/wp-content\/uploads\/2024\/10\/Bild-1-scaled.jpg\",\"datePublished\":\"2024-10-21T12:34:18+00:00\",\"dateModified\":\"2025-11-19T14:40:52+00:00\",\"breadcrumb\":{\"@id\":\"https:\/\/hunziker.ag\/fr\/2024\/10\/21\/le-vent-souffle-oktoberfest-a-la-gare-centrale-de-zurich\/#breadcrumb\"},\"inLanguage\":\"fr-FR\",\"potentialAction\":[{\"@type\":\"ReadAction\",\"target\":[\"https:\/\/hunziker.ag\/fr\/2024\/10\/21\/le-vent-souffle-oktoberfest-a-la-gare-centrale-de-zurich\/\"]}]},{\"@type\":\"ImageObject\",\"inLanguage\":\"fr-FR\",\"@id\":\"https:\/\/hunziker.ag\/fr\/2024\/10\/21\/le-vent-souffle-oktoberfest-a-la-gare-centrale-de-zurich\/#primaryimage\",\"url\":\"https:\/\/hunziker.ag\/wp-content\/uploads\/2024\/10\/Bild-1-scaled.jpg\",\"contentUrl\":\"https:\/\/hunziker.ag\/wp-content\/uploads\/2024\/10\/Bild-1-scaled.jpg\",\"width\":1920,\"height\":2560},{\"@type\":\"BreadcrumbList\",\"@id\":\"https:\/\/hunziker.ag\/fr\/2024\/10\/21\/le-vent-souffle-oktoberfest-a-la-gare-centrale-de-zurich\/#breadcrumb\",\"itemListElement\":[{\"@type\":\"ListItem\",\"position\":1,\"name\":\"Startseite\",\"item\":\"https:\/\/hunziker.ag\/fr\/home\/\"},{\"@type\":\"ListItem\",\"position\":2,\"name\":\"Le vent souffle ! Oktoberfest \u00e0 la gare centrale de Zurich\"}]},{\"@type\":\"WebSite\",\"@id\":\"https:\/\/hunziker.ag\/fr\/#website\",\"url\":\"https:\/\/hunziker.ag\/fr\/\",\"name\":\"Hunziker AG\",\"description\":\"Mobile Bauten in jeder Dimension\",\"publisher\":{\"@id\":\"https:\/\/hunziker.ag\/fr\/#organization\"},\"potentialAction\":[{\"@type\":\"SearchAction\",\"target\":{\"@type\":\"EntryPoint\",\"urlTemplate\":\"https:\/\/hunziker.ag\/fr\/?s={search_term_string}\"},\"query-input\":{\"@type\":\"PropertyValueSpecification\",\"valueRequired\":true,\"valueName\":\"search_term_string\"}}],\"inLanguage\":\"fr-FR\"},{\"@type\":\"Organization\",\"@id\":\"https:\/\/hunziker.ag\/fr\/#organization\",\"name\":\"Hunziker AG\",\"url\":\"https:\/\/hunziker.ag\/fr\/\",\"logo\":{\"@type\":\"ImageObject\",\"inLanguage\":\"fr-FR\",\"@id\":\"https:\/\/hunziker.ag\/fr\/#\/schema\/logo\/image\/\",\"url\":\"https:\/\/hunziker.ag\/wp-content\/uploads\/2021\/05\/Favicon_01.png\",\"contentUrl\":\"https:\/\/hunziker.ag\/wp-content\/uploads\/2021\/05\/Favicon_01.png\",\"width\":512,\"height\":512,\"caption\":\"Hunziker AG\"},\"image\":{\"@id\":\"https:\/\/hunziker.ag\/fr\/#\/schema\/logo\/image\/\"},\"sameAs\":[\"https:\/\/www.facebook.com\/hunzikerag\",\"https:\/\/www.instagram.com\/hunzikerag\/\",\"https:\/\/www.linkedin.com\/company\/3173208\/\"]},{\"@type\":\"Person\",\"@id\":\"https:\/\/hunziker.ag\/fr\/#\/schema\/person\/5ba60237fbbb91cea570f311bd09f036\",\"name\":\"hunziker\",\"sameAs\":[\"https:\/\/hunziker.ag\"]}]}<\/script>\n<!-- \/ Yoast SEO plugin. -->","yoast_head_json":{"title":"Le vent souffle ! Oktoberfest \u00e0 la gare centrale de Zurich - Hunziker AG","robots":{"index":"index","follow":"follow","max-snippet":"max-snippet:-1","max-image-preview":"max-image-preview:large","max-video-preview":"max-video-preview:-1"},"canonical":"https:\/\/hunziker.ag\/fr\/2024\/10\/21\/le-vent-souffle-oktoberfest-a-la-gare-centrale-de-zurich\/","og_locale":"fr_FR","og_type":"article","og_title":"Le vent souffle ! Oktoberfest \u00e0 la gare centrale de Zurich - Hunziker AG","og_description":"Pendant trois semaines et demie, la f\u00eate de la bi\u00e8re \"Z\u00fcri Wiesn\" a eu lieu \u00e0 la gare centrale de Zurich.","og_url":"https:\/\/hunziker.ag\/fr\/2024\/10\/21\/le-vent-souffle-oktoberfest-a-la-gare-centrale-de-zurich\/","og_site_name":"Hunziker AG","article_publisher":"https:\/\/www.facebook.com\/hunzikerag","article_published_time":"2024-10-21T12:34:18+00:00","article_modified_time":"2025-11-19T14:40:52+00:00","og_image":[{"width":1920,"height":2560,"url":"https:\/\/hunziker.ag\/wp-content\/uploads\/2024\/10\/Bild-1-scaled.jpg","type":"image\/jpeg"}],"author":"hunziker","twitter_card":"summary_large_image","twitter_misc":{"\u00c9crit par":"hunziker","Dur\u00e9e de lecture estim\u00e9e":"1 minute"},"schema":{"@context":"https:\/\/schema.org","@graph":[{"@type":"Article","@id":"https:\/\/hunziker.ag\/fr\/2024\/10\/21\/le-vent-souffle-oktoberfest-a-la-gare-centrale-de-zurich\/#article","isPartOf":{"@id":"https:\/\/hunziker.ag\/fr\/2024\/10\/21\/le-vent-souffle-oktoberfest-a-la-gare-centrale-de-zurich\/"},"author":{"name":"hunziker","@id":"https:\/\/hunziker.ag\/fr\/#\/schema\/person\/5ba60237fbbb91cea570f311bd09f036"},"headline":"Le vent souffle ! Oktoberfest \u00e0 la gare centrale de Zurich","datePublished":"2024-10-21T12:34:18+00:00","dateModified":"2025-11-19T14:40:52+00:00","mainEntityOfPage":{"@id":"https:\/\/hunziker.ag\/fr\/2024\/10\/21\/le-vent-souffle-oktoberfest-a-la-gare-centrale-de-zurich\/"},"wordCount":115,"publisher":{"@id":"https:\/\/hunziker.ag\/fr\/#organization"},"image":{"@id":"https:\/\/hunziker.ag\/fr\/2024\/10\/21\/le-vent-souffle-oktoberfest-a-la-gare-centrale-de-zurich\/#primaryimage"},"thumbnailUrl":"https:\/\/hunziker.ag\/wp-content\/uploads\/2024\/10\/Bild-1-scaled.jpg","articleSection":["Kultur"],"inLanguage":"fr-FR"},{"@type":"WebPage","@id":"https:\/\/hunziker.ag\/fr\/2024\/10\/21\/le-vent-souffle-oktoberfest-a-la-gare-centrale-de-zurich\/","url":"https:\/\/hunziker.ag\/fr\/2024\/10\/21\/le-vent-souffle-oktoberfest-a-la-gare-centrale-de-zurich\/","name":"Le vent souffle ! Oktoberfest \u00e0 la gare centrale de Zurich - Hunziker AG","isPartOf":{"@id":"https:\/\/hunziker.ag\/fr\/#website"},"primaryImageOfPage":{"@id":"https:\/\/hunziker.ag\/fr\/2024\/10\/21\/le-vent-souffle-oktoberfest-a-la-gare-centrale-de-zurich\/#primaryimage"},"image":{"@id":"https:\/\/hunziker.ag\/fr\/2024\/10\/21\/le-vent-souffle-oktoberfest-a-la-gare-centrale-de-zurich\/#primaryimage"},"thumbnailUrl":"https:\/\/hunziker.ag\/wp-content\/uploads\/2024\/10\/Bild-1-scaled.jpg","datePublished":"2024-10-21T12:34:18+00:00","dateModified":"2025-11-19T14:40:52+00:00","breadcrumb":{"@id":"https:\/\/hunziker.ag\/fr\/2024\/10\/21\/le-vent-souffle-oktoberfest-a-la-gare-centrale-de-zurich\/#breadcrumb"},"inLanguage":"fr-FR","potentialAction":[{"@type":"ReadAction","target":["https:\/\/hunziker.ag\/fr\/2024\/10\/21\/le-vent-souffle-oktoberfest-a-la-gare-centrale-de-zurich\/"]}]},{"@type":"ImageObject","inLanguage":"fr-FR","@id":"https:\/\/hunziker.ag\/fr\/2024\/10\/21\/le-vent-souffle-oktoberfest-a-la-gare-centrale-de-zurich\/#primaryimage","url":"https:\/\/hunziker.ag\/wp-content\/uploads\/2024\/10\/Bild-1-scaled.jpg","contentUrl":"https:\/\/hunziker.ag\/wp-content\/uploads\/2024\/10\/Bild-1-scaled.jpg","width":1920,"height":2560},{"@type":"BreadcrumbList","@id":"https:\/\/hunziker.ag\/fr\/2024\/10\/21\/le-vent-souffle-oktoberfest-a-la-gare-centrale-de-zurich\/#breadcrumb","itemListElement":[{"@type":"ListItem","position":1,"name":"Startseite","item":"https:\/\/hunziker.ag\/fr\/home\/"},{"@type":"ListItem","position":2,"name":"Le vent souffle ! Oktoberfest \u00e0 la gare centrale de Zurich"}]},{"@type":"WebSite","@id":"https:\/\/hunziker.ag\/fr\/#website","url":"https:\/\/hunziker.ag\/fr\/","name":"Hunziker AG","description":"Mobile Bauten in jeder Dimension","publisher":{"@id":"https:\/\/hunziker.ag\/fr\/#organization"},"potentialAction":[{"@type":"SearchAction","target":{"@type":"EntryPoint","urlTemplate":"https:\/\/hunziker.ag\/fr\/?s={search_term_string}"},"query-input":{"@type":"PropertyValueSpecification","valueRequired":true,"valueName":"search_term_string"}}],"inLanguage":"fr-FR"},{"@type":"Organization","@id":"https:\/\/hunziker.ag\/fr\/#organization","name":"Hunziker AG","url":"https:\/\/hunziker.ag\/fr\/","logo":{"@type":"ImageObject","inLanguage":"fr-FR","@id":"https:\/\/hunziker.ag\/fr\/#\/schema\/logo\/image\/","url":"https:\/\/hunziker.ag\/wp-content\/uploads\/2021\/05\/Favicon_01.png","contentUrl":"https:\/\/hunziker.ag\/wp-content\/uploads\/2021\/05\/Favicon_01.png","width":512,"height":512,"caption":"Hunziker AG"},"image":{"@id":"https:\/\/hunziker.ag\/fr\/#\/schema\/logo\/image\/"},"sameAs":["https:\/\/www.facebook.com\/hunzikerag","https:\/\/www.instagram.com\/hunzikerag\/","https:\/\/www.linkedin.com\/company\/3173208\/"]},{"@type":"Person","@id":"https:\/\/hunziker.ag\/fr\/#\/schema\/person\/5ba60237fbbb91cea570f311bd09f036","name":"hunziker","sameAs":["https:\/\/hunziker.ag"]}]}},"_links":{"self":[{"href":"https:\/\/hunziker.ag\/fr\/wp-json\/wp\/v2\/posts\/9653","targetHints":{"allow":["GET"]}}],"collection":[{"href":"https:\/\/hunziker.ag\/fr\/wp-json\/wp\/v2\/posts"}],"about":[{"href":"https:\/\/hunziker.ag\/fr\/wp-json\/wp\/v2\/types\/post"}],"author":[{"embeddable":true,"href":"https:\/\/hunziker.ag\/fr\/wp-json\/wp\/v2\/users\/2"}],"replies":[{"embeddable":true,"href":"https:\/\/hunziker.ag\/fr\/wp-json\/wp\/v2\/comments?post=9653"}],"version-history":[{"count":4,"href":"https:\/\/hunziker.ag\/fr\/wp-json\/wp\/v2\/posts\/9653\/revisions"}],"predecessor-version":[{"id":10036,"href":"https:\/\/hunziker.ag\/fr\/wp-json\/wp\/v2\/posts\/9653\/revisions\/10036"}],"wp:featuredmedia":[{"embeddable":true,"href":"https:\/\/hunziker.ag\/fr\/wp-json\/wp\/v2\/media\/8504"}],"wp:attachment":[{"href":"https:\/\/hunziker.ag\/fr\/wp-json\/wp\/v2\/media?parent=9653"}],"wp:term":[{"taxonomy":"category","embeddable":true,"href":"https:\/\/hunziker.ag\/fr\/wp-json\/wp\/v2\/categories?post=9653"},{"taxonomy":"post_tag","embeddable":true,"href":"https:\/\/hunziker.ag\/fr\/wp-json\/wp\/v2\/tags?post=9653"}],"curies":[{"name":"wp","href":"https:\/\/api.w.org\/{rel}","templated":true}]}}