{"id":9064,"date":"2024-06-28T14:24:52","date_gmt":"2024-06-28T12:24:52","guid":{"rendered":"https:\/\/hunziker.ag\/2024\/06\/28\/fete-de-gymnastique-de-lassociation-lu-ow-nw-neuenkirch\/"},"modified":"2025-11-19T16:33:19","modified_gmt":"2025-11-19T15:33:19","slug":"fete-de-gymnastique-de-lassociation-lu-ow-nw-neuenkirch","status":"publish","type":"post","link":"https:\/\/hunziker.ag\/fr\/2024\/06\/28\/fete-de-gymnastique-de-lassociation-lu-ow-nw-neuenkirch\/","title":{"rendered":"F\u00eate de gymnastique de l&rsquo;association LU\/OW\/NW Neuenkirch"},"content":{"rendered":"\t\t<div data-elementor-type=\"wp-post\" data-elementor-id=\"9064\" class=\"elementor elementor-9064 elementor-7217\" data-elementor-post-type=\"post\">\n\t\t\t\t\t\t<section class=\"elementor-section elementor-top-section elementor-element elementor-element-4fad3caf elementor-section-height-min-height elementor-section-content-middle elementor-section-boxed elementor-section-height-default elementor-section-items-middle\" data-id=\"4fad3caf\" data-element_type=\"section\" data-settings=\"{&quot;background_background&quot;:&quot;classic&quot;}\">\n\t\t\t\t\t\t<div class=\"elementor-container elementor-column-gap-default\">\n\t\t\t\t\t<div class=\"elementor-column elementor-col-100 elementor-top-column elementor-element elementor-element-10a95bbb\" data-id=\"10a95bbb\" data-element_type=\"column\" data-settings=\"{&quot;background_background&quot;:&quot;classic&quot;}\">\n\t\t\t<div class=\"elementor-widget-wrap elementor-element-populated\">\n\t\t\t\t\t\t<section class=\"elementor-section elementor-inner-section elementor-element elementor-element-40df2299 elementor-section-content-middle elementor-section-boxed elementor-section-height-default elementor-section-height-default\" data-id=\"40df2299\" data-element_type=\"section\">\n\t\t\t\t\t\t<div class=\"elementor-container elementor-column-gap-default\">\n\t\t\t\t\t<div class=\"elementor-column elementor-col-50 elementor-inner-column elementor-element elementor-element-761ba7eb\" data-id=\"761ba7eb\" data-element_type=\"column\">\n\t\t\t<div class=\"elementor-widget-wrap elementor-element-populated\">\n\t\t\t\t\t\t<div class=\"elementor-element elementor-element-95dbfd1 elementor-widget elementor-widget-theme-post-title elementor-page-title elementor-widget-heading\" data-id=\"95dbfd1\" data-element_type=\"widget\" data-widget_type=\"theme-post-title.default\">\n\t\t\t\t<div class=\"elementor-widget-container\">\n\t\t\t\t\t<h1 class=\"elementor-heading-title elementor-size-default\">F\u00eate de gymnastique de l&rsquo;association LU\/OW\/NW Neuenkirch<\/h1>\t\t\t\t<\/div>\n\t\t\t\t<\/div>\n\t\t\t\t<div class=\"elementor-element elementor-element-78b35a71 elementor-widget__width-initial elementor-widget elementor-widget-text-editor\" data-id=\"78b35a71\" data-element_type=\"widget\" data-widget_type=\"text-editor.default\">\n\t\t\t\t<div class=\"elementor-widget-container\">\n\t\t\t\t\t\t\t\t\t<p>Les deux derniers week-ends, la passionnante manifestation des gymnastes a eu lieu. Chez Hunziker, nous \u00e9tions pr\u00e9sents les deux week-ends avec notre <\/p><ul><li><strong>Tente de gymnastique<\/strong><\/li><li><strong>Tente bar<\/strong><\/li><li><strong>Chapiteau<\/strong><\/li><li><strong>Tente \u00e0 bi\u00e8re<\/strong><\/li><li><strong>une sc\u00e8ne couverte<\/strong><\/li><li><strong>Mobilier<\/strong><\/li><\/ul><p><strong> <\/strong><\/p><p>sur place.<\/p><p>Lors de la f\u00eate de la gymnastique de cette ann\u00e9e, la pluie a \u00e9t\u00e9 une compagne presque permanente, ce qui a repr\u00e9sent\u00e9 un d\u00e9fi pour tous les participants. Malgr\u00e9 cela, les comp\u00e9titions et les festivit\u00e9s se sont d\u00e9roul\u00e9es sans encombre. Et le plus important : le mauvais temps n&rsquo;a en aucun cas g\u00e2ch\u00e9 l&rsquo;ambiance.  <\/p>\t\t\t\t\t\t\t\t<\/div>\n\t\t\t\t<\/div>\n\t\t\t\t<div class=\"elementor-element elementor-element-5f4d0249 elementor-align-left elementor-widget elementor-widget-button\" data-id=\"5f4d0249\" data-element_type=\"widget\" data-widget_type=\"button.default\">\n\t\t\t\t<div class=\"elementor-widget-container\">\n\t\t\t\t\t\t\t\t\t<div class=\"elementor-button-wrapper\">\n\t\t\t\t\t<a class=\"elementor-button elementor-size-sm\" role=\"button\" id=\"back-button\">\n\t\t\t\t\t\t<span class=\"elementor-button-content-wrapper\">\n\t\t\t\t\t\t<span class=\"elementor-button-icon\">\n\t\t\t\t<i aria-hidden=\"true\" class=\"fas fa-arrow-left\"><\/i>\t\t\t<\/span>\n\t\t\t\t\t\t\t\t\t<span class=\"elementor-button-text\">Retour<\/span>\n\t\t\t\t\t<\/span>\n\t\t\t\t\t<\/a>\n\t\t\t\t<\/div>\n\t\t\t\t\t\t\t\t<\/div>\n\t\t\t\t<\/div>\n\t\t\t\t\t<\/div>\n\t\t<\/div>\n\t\t\t\t<div class=\"elementor-column elementor-col-50 elementor-inner-column elementor-element elementor-element-35283a1e\" data-id=\"35283a1e\" data-element_type=\"column\">\n\t\t\t<div class=\"elementor-widget-wrap elementor-element-populated\">\n\t\t\t\t\t\t<div class=\"elementor-element elementor-element-7de010ae elementor-arrows-position-inside elementor-pagination-position-outside elementor-widget elementor-widget-image-carousel\" data-id=\"7de010ae\" data-element_type=\"widget\" data-settings=\"{&quot;slides_to_show&quot;:&quot;1&quot;,&quot;navigation&quot;:&quot;both&quot;,&quot;autoplay&quot;:&quot;yes&quot;,&quot;pause_on_hover&quot;:&quot;yes&quot;,&quot;pause_on_interaction&quot;:&quot;yes&quot;,&quot;autoplay_speed&quot;:5000,&quot;infinite&quot;:&quot;yes&quot;,&quot;effect&quot;:&quot;slide&quot;,&quot;speed&quot;:500}\" data-widget_type=\"image-carousel.default\">\n\t\t\t\t<div class=\"elementor-widget-container\">\n\t\t\t\t\t\t\t<div class=\"elementor-image-carousel-wrapper swiper\" role=\"region\" aria-roledescription=\"carousel\" aria-label=\"Bild Karussell\" dir=\"ltr\">\n\t\t\t<div class=\"elementor-image-carousel swiper-wrapper\" aria-live=\"off\">\n\t\t\t\t\t\t\t\t<div class=\"swiper-slide\" role=\"group\" aria-roledescription=\"slide\" aria-label=\"1 sur 8\"><figure class=\"swiper-slide-inner\"><img decoding=\"async\" class=\"swiper-slide-image\" src=\"https:\/\/hunziker.ag\/wp-content\/uploads\/2024\/06\/image-15.jpg\" alt=\"LIN\" \/><\/figure><\/div><div class=\"swiper-slide\" role=\"group\" aria-roledescription=\"slide\" aria-label=\"2 sur 8\"><figure class=\"swiper-slide-inner\"><img decoding=\"async\" class=\"swiper-slide-image\" src=\"https:\/\/hunziker.ag\/wp-content\/uploads\/2024\/06\/image-12.jpg\" alt=\"OLYMPUS DIGITAL CAMERA\" \/><\/figure><\/div><div class=\"swiper-slide\" role=\"group\" aria-roledescription=\"slide\" aria-label=\"3 sur 8\"><figure class=\"swiper-slide-inner\"><img decoding=\"async\" class=\"swiper-slide-image\" src=\"https:\/\/hunziker.ag\/wp-content\/uploads\/2024\/06\/image-16.jpg\" alt=\"Vereinswettk\u00e4mpfe Aktive\" \/><\/figure><\/div><div class=\"swiper-slide\" role=\"group\" aria-roledescription=\"slide\" aria-label=\"4 sur 8\"><figure class=\"swiper-slide-inner\"><img decoding=\"async\" class=\"swiper-slide-image\" src=\"https:\/\/hunziker.ag\/wp-content\/uploads\/2024\/06\/image-9-1024x683.jpg\" alt=\"OLYMPUS DIGITAL CAMERA\" \/><\/figure><\/div><div class=\"swiper-slide\" role=\"group\" aria-roledescription=\"slide\" aria-label=\"5 sur 8\"><figure class=\"swiper-slide-inner\"><img decoding=\"async\" class=\"swiper-slide-image\" src=\"https:\/\/hunziker.ag\/wp-content\/uploads\/2024\/06\/image-17.jpg\" alt=\"VTF 2024 Neuenkirch\" \/><\/figure><\/div><div class=\"swiper-slide\" role=\"group\" aria-roledescription=\"slide\" aria-label=\"6 sur 8\"><figure class=\"swiper-slide-inner\"><img decoding=\"async\" class=\"swiper-slide-image\" src=\"https:\/\/hunziker.ag\/wp-content\/uploads\/2024\/06\/image-10-1024x683.jpg\" alt=\"OLYMPUS DIGITAL CAMERA\" \/><\/figure><\/div><div class=\"swiper-slide\" role=\"group\" aria-roledescription=\"slide\" aria-label=\"7 sur 8\"><figure class=\"swiper-slide-inner\"><img decoding=\"async\" class=\"swiper-slide-image\" src=\"https:\/\/hunziker.ag\/wp-content\/uploads\/2024\/06\/image-11-1024x683.jpg\" alt=\"OLYMPUS DIGITAL CAMERA\" \/><\/figure><\/div><div class=\"swiper-slide\" role=\"group\" aria-roledescription=\"slide\" aria-label=\"8 sur 8\"><figure class=\"swiper-slide-inner\"><img decoding=\"async\" class=\"swiper-slide-image\" src=\"https:\/\/hunziker.ag\/wp-content\/uploads\/2024\/06\/image-14.jpg\" alt=\"image (14)\" \/><\/figure><\/div>\t\t\t<\/div>\n\t\t\t\t\t\t\t\t\t\t\t\t<div class=\"elementor-swiper-button elementor-swiper-button-prev\" role=\"button\" tabindex=\"0\">\n\t\t\t\t\t\t<i aria-hidden=\"true\" class=\"eicon-chevron-left\"><\/i>\t\t\t\t\t<\/div>\n\t\t\t\t\t<div class=\"elementor-swiper-button elementor-swiper-button-next\" role=\"button\" tabindex=\"0\">\n\t\t\t\t\t\t<i aria-hidden=\"true\" class=\"eicon-chevron-right\"><\/i>\t\t\t\t\t<\/div>\n\t\t\t\t\n\t\t\t\t\t\t\t\t\t<div class=\"swiper-pagination\"><\/div>\n\t\t\t\t\t\t\t\t\t<\/div>\n\t\t\t\t\t\t<\/div>\n\t\t\t\t<\/div>\n\t\t\t\t<div class=\"elementor-element elementor-element-28fe7ba elementor-widget elementor-widget-image\" data-id=\"28fe7ba\" data-element_type=\"widget\" data-widget_type=\"image.default\">\n\t\t\t\t<div class=\"elementor-widget-container\">\n\t\t\t\t\t\t\t\t\t\t\t\t\t\t\t\t<a href=\"https:\/\/www.neuenkirch2024.ch\/website\">\n\t\t\t\t\t\t\t<img decoding=\"async\" width=\"300\" height=\"111\" src=\"https:\/\/hunziker.ag\/wp-content\/uploads\/2024\/06\/Herunterladen-300x111.png\" class=\"attachment-medium size-medium wp-image-8441\" alt=\"\" srcset=\"https:\/\/hunziker.ag\/wp-content\/uploads\/2024\/06\/Herunterladen-300x111.png 300w, https:\/\/hunziker.ag\/wp-content\/uploads\/2024\/06\/Herunterladen.png 369w\" sizes=\"(max-width: 300px) 100vw, 300px\" \/>\t\t\t\t\t\t\t\t<\/a>\n\t\t\t\t\t\t\t\t\t\t\t\t\t\t\t<\/div>\n\t\t\t\t<\/div>\n\t\t\t\t\t<\/div>\n\t\t<\/div>\n\t\t\t\t\t<\/div>\n\t\t<\/section>\n\t\t\t\t\t<\/div>\n\t\t<\/div>\n\t\t\t\t\t<\/div>\n\t\t<\/section>\n\t\t\t\t<\/div>\n\t\t","protected":false},"excerpt":{"rendered":"<p>La f\u00eate de la f\u00e9d\u00e9ration LU\/OW\/NW \u00e0 Neuenkirch s&rsquo;est termin\u00e9e avec succ\u00e8s !<\/p>\n","protected":false},"author":2,"featured_media":8440,"comment_status":"closed","ping_status":"closed","sticky":false,"template":"elementor_header_footer","format":"standard","meta":{"footnotes":""},"categories":[72],"tags":[],"class_list":["post-9064","post","type-post","status-publish","format-standard","has-post-thumbnail","hentry","category-sport-fr"],"yoast_head":"<!-- This site is optimized with the Yoast SEO plugin v26.4 - https:\/\/yoast.com\/wordpress\/plugins\/seo\/ -->\n<title>F\u00eate de gymnastique de l&#039;association LU\/OW\/NW Neuenkirch - Hunziker AG<\/title>\n<meta name=\"robots\" content=\"index, follow, max-snippet:-1, max-image-preview:large, max-video-preview:-1\" \/>\n<link rel=\"canonical\" href=\"https:\/\/hunziker.ag\/fr\/2024\/06\/28\/fete-de-gymnastique-de-lassociation-lu-ow-nw-neuenkirch\/\" \/>\n<meta property=\"og:locale\" content=\"fr_FR\" \/>\n<meta property=\"og:type\" content=\"article\" \/>\n<meta property=\"og:title\" content=\"F\u00eate de gymnastique de l&#039;association LU\/OW\/NW Neuenkirch - Hunziker AG\" \/>\n<meta property=\"og:description\" content=\"La f\u00eate de la f\u00e9d\u00e9ration LU\/OW\/NW \u00e0 Neuenkirch s&#039;est termin\u00e9e avec succ\u00e8s !\" \/>\n<meta property=\"og:url\" content=\"https:\/\/hunziker.ag\/fr\/2024\/06\/28\/fete-de-gymnastique-de-lassociation-lu-ow-nw-neuenkirch\/\" \/>\n<meta property=\"og:site_name\" content=\"Hunziker AG\" \/>\n<meta property=\"article:publisher\" content=\"https:\/\/www.facebook.com\/hunzikerag\" \/>\n<meta property=\"article:published_time\" content=\"2024-06-28T12:24:52+00:00\" \/>\n<meta property=\"article:modified_time\" content=\"2025-11-19T15:33:19+00:00\" \/>\n<meta property=\"og:image\" content=\"https:\/\/hunziker.ag\/wp-content\/uploads\/2024\/06\/image-18.jpg\" \/>\n\t<meta property=\"og:image:width\" content=\"1000\" \/>\n\t<meta property=\"og:image:height\" content=\"667\" \/>\n\t<meta property=\"og:image:type\" content=\"image\/jpeg\" \/>\n<meta name=\"author\" content=\"hunziker\" \/>\n<meta name=\"twitter:card\" content=\"summary_large_image\" \/>\n<meta name=\"twitter:label1\" content=\"\u00c9crit par\" \/>\n\t<meta name=\"twitter:data1\" content=\"hunziker\" \/>\n<script type=\"application\/ld+json\" class=\"yoast-schema-graph\">{\"@context\":\"https:\/\/schema.org\",\"@graph\":[{\"@type\":\"Article\",\"@id\":\"https:\/\/hunziker.ag\/fr\/2024\/06\/28\/fete-de-gymnastique-de-lassociation-lu-ow-nw-neuenkirch\/#article\",\"isPartOf\":{\"@id\":\"https:\/\/hunziker.ag\/fr\/2024\/06\/28\/fete-de-gymnastique-de-lassociation-lu-ow-nw-neuenkirch\/\"},\"author\":{\"name\":\"hunziker\",\"@id\":\"https:\/\/hunziker.ag\/fr\/#\/schema\/person\/5ba60237fbbb91cea570f311bd09f036\"},\"headline\":\"F\u00eate de gymnastique de l&rsquo;association LU\/OW\/NW Neuenkirch\",\"datePublished\":\"2024-06-28T12:24:52+00:00\",\"dateModified\":\"2025-11-19T15:33:19+00:00\",\"mainEntityOfPage\":{\"@id\":\"https:\/\/hunziker.ag\/fr\/2024\/06\/28\/fete-de-gymnastique-de-lassociation-lu-ow-nw-neuenkirch\/\"},\"wordCount\":115,\"publisher\":{\"@id\":\"https:\/\/hunziker.ag\/fr\/#organization\"},\"image\":{\"@id\":\"https:\/\/hunziker.ag\/fr\/2024\/06\/28\/fete-de-gymnastique-de-lassociation-lu-ow-nw-neuenkirch\/#primaryimage\"},\"thumbnailUrl\":\"https:\/\/hunziker.ag\/wp-content\/uploads\/2024\/06\/image-18.jpg\",\"articleSection\":[\"Sport\"],\"inLanguage\":\"fr-FR\"},{\"@type\":\"WebPage\",\"@id\":\"https:\/\/hunziker.ag\/fr\/2024\/06\/28\/fete-de-gymnastique-de-lassociation-lu-ow-nw-neuenkirch\/\",\"url\":\"https:\/\/hunziker.ag\/fr\/2024\/06\/28\/fete-de-gymnastique-de-lassociation-lu-ow-nw-neuenkirch\/\",\"name\":\"F\u00eate de gymnastique de l'association LU\/OW\/NW Neuenkirch - Hunziker AG\",\"isPartOf\":{\"@id\":\"https:\/\/hunziker.ag\/fr\/#website\"},\"primaryImageOfPage\":{\"@id\":\"https:\/\/hunziker.ag\/fr\/2024\/06\/28\/fete-de-gymnastique-de-lassociation-lu-ow-nw-neuenkirch\/#primaryimage\"},\"image\":{\"@id\":\"https:\/\/hunziker.ag\/fr\/2024\/06\/28\/fete-de-gymnastique-de-lassociation-lu-ow-nw-neuenkirch\/#primaryimage\"},\"thumbnailUrl\":\"https:\/\/hunziker.ag\/wp-content\/uploads\/2024\/06\/image-18.jpg\",\"datePublished\":\"2024-06-28T12:24:52+00:00\",\"dateModified\":\"2025-11-19T15:33:19+00:00\",\"breadcrumb\":{\"@id\":\"https:\/\/hunziker.ag\/fr\/2024\/06\/28\/fete-de-gymnastique-de-lassociation-lu-ow-nw-neuenkirch\/#breadcrumb\"},\"inLanguage\":\"fr-FR\",\"potentialAction\":[{\"@type\":\"ReadAction\",\"target\":[\"https:\/\/hunziker.ag\/fr\/2024\/06\/28\/fete-de-gymnastique-de-lassociation-lu-ow-nw-neuenkirch\/\"]}]},{\"@type\":\"ImageObject\",\"inLanguage\":\"fr-FR\",\"@id\":\"https:\/\/hunziker.ag\/fr\/2024\/06\/28\/fete-de-gymnastique-de-lassociation-lu-ow-nw-neuenkirch\/#primaryimage\",\"url\":\"https:\/\/hunziker.ag\/wp-content\/uploads\/2024\/06\/image-18.jpg\",\"contentUrl\":\"https:\/\/hunziker.ag\/wp-content\/uploads\/2024\/06\/image-18.jpg\",\"width\":1000,\"height\":667,\"caption\":\"Vereinswettk\u00e4mpfe Aktive\"},{\"@type\":\"BreadcrumbList\",\"@id\":\"https:\/\/hunziker.ag\/fr\/2024\/06\/28\/fete-de-gymnastique-de-lassociation-lu-ow-nw-neuenkirch\/#breadcrumb\",\"itemListElement\":[{\"@type\":\"ListItem\",\"position\":1,\"name\":\"Startseite\",\"item\":\"https:\/\/hunziker.ag\/fr\/home\/\"},{\"@type\":\"ListItem\",\"position\":2,\"name\":\"F\u00eate de gymnastique de l&#8217;association LU\/OW\/NW Neuenkirch\"}]},{\"@type\":\"WebSite\",\"@id\":\"https:\/\/hunziker.ag\/fr\/#website\",\"url\":\"https:\/\/hunziker.ag\/fr\/\",\"name\":\"Hunziker AG\",\"description\":\"Mobile Bauten in jeder Dimension\",\"publisher\":{\"@id\":\"https:\/\/hunziker.ag\/fr\/#organization\"},\"potentialAction\":[{\"@type\":\"SearchAction\",\"target\":{\"@type\":\"EntryPoint\",\"urlTemplate\":\"https:\/\/hunziker.ag\/fr\/?s={search_term_string}\"},\"query-input\":{\"@type\":\"PropertyValueSpecification\",\"valueRequired\":true,\"valueName\":\"search_term_string\"}}],\"inLanguage\":\"fr-FR\"},{\"@type\":\"Organization\",\"@id\":\"https:\/\/hunziker.ag\/fr\/#organization\",\"name\":\"Hunziker AG\",\"url\":\"https:\/\/hunziker.ag\/fr\/\",\"logo\":{\"@type\":\"ImageObject\",\"inLanguage\":\"fr-FR\",\"@id\":\"https:\/\/hunziker.ag\/fr\/#\/schema\/logo\/image\/\",\"url\":\"https:\/\/hunziker.ag\/wp-content\/uploads\/2021\/05\/Favicon_01.png\",\"contentUrl\":\"https:\/\/hunziker.ag\/wp-content\/uploads\/2021\/05\/Favicon_01.png\",\"width\":512,\"height\":512,\"caption\":\"Hunziker AG\"},\"image\":{\"@id\":\"https:\/\/hunziker.ag\/fr\/#\/schema\/logo\/image\/\"},\"sameAs\":[\"https:\/\/www.facebook.com\/hunzikerag\",\"https:\/\/www.instagram.com\/hunzikerag\/\",\"https:\/\/www.linkedin.com\/company\/3173208\/\"]},{\"@type\":\"Person\",\"@id\":\"https:\/\/hunziker.ag\/fr\/#\/schema\/person\/5ba60237fbbb91cea570f311bd09f036\",\"name\":\"hunziker\",\"sameAs\":[\"https:\/\/hunziker.ag\"]}]}<\/script>\n<!-- \/ Yoast SEO plugin. -->","yoast_head_json":{"title":"F\u00eate de gymnastique de l'association LU\/OW\/NW Neuenkirch - Hunziker AG","robots":{"index":"index","follow":"follow","max-snippet":"max-snippet:-1","max-image-preview":"max-image-preview:large","max-video-preview":"max-video-preview:-1"},"canonical":"https:\/\/hunziker.ag\/fr\/2024\/06\/28\/fete-de-gymnastique-de-lassociation-lu-ow-nw-neuenkirch\/","og_locale":"fr_FR","og_type":"article","og_title":"F\u00eate de gymnastique de l'association LU\/OW\/NW Neuenkirch - Hunziker AG","og_description":"La f\u00eate de la f\u00e9d\u00e9ration LU\/OW\/NW \u00e0 Neuenkirch s'est termin\u00e9e avec succ\u00e8s !","og_url":"https:\/\/hunziker.ag\/fr\/2024\/06\/28\/fete-de-gymnastique-de-lassociation-lu-ow-nw-neuenkirch\/","og_site_name":"Hunziker AG","article_publisher":"https:\/\/www.facebook.com\/hunzikerag","article_published_time":"2024-06-28T12:24:52+00:00","article_modified_time":"2025-11-19T15:33:19+00:00","og_image":[{"width":1000,"height":667,"url":"https:\/\/hunziker.ag\/wp-content\/uploads\/2024\/06\/image-18.jpg","type":"image\/jpeg"}],"author":"hunziker","twitter_card":"summary_large_image","twitter_misc":{"\u00c9crit par":"hunziker"},"schema":{"@context":"https:\/\/schema.org","@graph":[{"@type":"Article","@id":"https:\/\/hunziker.ag\/fr\/2024\/06\/28\/fete-de-gymnastique-de-lassociation-lu-ow-nw-neuenkirch\/#article","isPartOf":{"@id":"https:\/\/hunziker.ag\/fr\/2024\/06\/28\/fete-de-gymnastique-de-lassociation-lu-ow-nw-neuenkirch\/"},"author":{"name":"hunziker","@id":"https:\/\/hunziker.ag\/fr\/#\/schema\/person\/5ba60237fbbb91cea570f311bd09f036"},"headline":"F\u00eate de gymnastique de l&rsquo;association LU\/OW\/NW Neuenkirch","datePublished":"2024-06-28T12:24:52+00:00","dateModified":"2025-11-19T15:33:19+00:00","mainEntityOfPage":{"@id":"https:\/\/hunziker.ag\/fr\/2024\/06\/28\/fete-de-gymnastique-de-lassociation-lu-ow-nw-neuenkirch\/"},"wordCount":115,"publisher":{"@id":"https:\/\/hunziker.ag\/fr\/#organization"},"image":{"@id":"https:\/\/hunziker.ag\/fr\/2024\/06\/28\/fete-de-gymnastique-de-lassociation-lu-ow-nw-neuenkirch\/#primaryimage"},"thumbnailUrl":"https:\/\/hunziker.ag\/wp-content\/uploads\/2024\/06\/image-18.jpg","articleSection":["Sport"],"inLanguage":"fr-FR"},{"@type":"WebPage","@id":"https:\/\/hunziker.ag\/fr\/2024\/06\/28\/fete-de-gymnastique-de-lassociation-lu-ow-nw-neuenkirch\/","url":"https:\/\/hunziker.ag\/fr\/2024\/06\/28\/fete-de-gymnastique-de-lassociation-lu-ow-nw-neuenkirch\/","name":"F\u00eate de gymnastique de l'association LU\/OW\/NW Neuenkirch - Hunziker AG","isPartOf":{"@id":"https:\/\/hunziker.ag\/fr\/#website"},"primaryImageOfPage":{"@id":"https:\/\/hunziker.ag\/fr\/2024\/06\/28\/fete-de-gymnastique-de-lassociation-lu-ow-nw-neuenkirch\/#primaryimage"},"image":{"@id":"https:\/\/hunziker.ag\/fr\/2024\/06\/28\/fete-de-gymnastique-de-lassociation-lu-ow-nw-neuenkirch\/#primaryimage"},"thumbnailUrl":"https:\/\/hunziker.ag\/wp-content\/uploads\/2024\/06\/image-18.jpg","datePublished":"2024-06-28T12:24:52+00:00","dateModified":"2025-11-19T15:33:19+00:00","breadcrumb":{"@id":"https:\/\/hunziker.ag\/fr\/2024\/06\/28\/fete-de-gymnastique-de-lassociation-lu-ow-nw-neuenkirch\/#breadcrumb"},"inLanguage":"fr-FR","potentialAction":[{"@type":"ReadAction","target":["https:\/\/hunziker.ag\/fr\/2024\/06\/28\/fete-de-gymnastique-de-lassociation-lu-ow-nw-neuenkirch\/"]}]},{"@type":"ImageObject","inLanguage":"fr-FR","@id":"https:\/\/hunziker.ag\/fr\/2024\/06\/28\/fete-de-gymnastique-de-lassociation-lu-ow-nw-neuenkirch\/#primaryimage","url":"https:\/\/hunziker.ag\/wp-content\/uploads\/2024\/06\/image-18.jpg","contentUrl":"https:\/\/hunziker.ag\/wp-content\/uploads\/2024\/06\/image-18.jpg","width":1000,"height":667,"caption":"Vereinswettk\u00e4mpfe Aktive"},{"@type":"BreadcrumbList","@id":"https:\/\/hunziker.ag\/fr\/2024\/06\/28\/fete-de-gymnastique-de-lassociation-lu-ow-nw-neuenkirch\/#breadcrumb","itemListElement":[{"@type":"ListItem","position":1,"name":"Startseite","item":"https:\/\/hunziker.ag\/fr\/home\/"},{"@type":"ListItem","position":2,"name":"F\u00eate de gymnastique de l&#8217;association LU\/OW\/NW Neuenkirch"}]},{"@type":"WebSite","@id":"https:\/\/hunziker.ag\/fr\/#website","url":"https:\/\/hunziker.ag\/fr\/","name":"Hunziker AG","description":"Mobile Bauten in jeder Dimension","publisher":{"@id":"https:\/\/hunziker.ag\/fr\/#organization"},"potentialAction":[{"@type":"SearchAction","target":{"@type":"EntryPoint","urlTemplate":"https:\/\/hunziker.ag\/fr\/?s={search_term_string}"},"query-input":{"@type":"PropertyValueSpecification","valueRequired":true,"valueName":"search_term_string"}}],"inLanguage":"fr-FR"},{"@type":"Organization","@id":"https:\/\/hunziker.ag\/fr\/#organization","name":"Hunziker AG","url":"https:\/\/hunziker.ag\/fr\/","logo":{"@type":"ImageObject","inLanguage":"fr-FR","@id":"https:\/\/hunziker.ag\/fr\/#\/schema\/logo\/image\/","url":"https:\/\/hunziker.ag\/wp-content\/uploads\/2021\/05\/Favicon_01.png","contentUrl":"https:\/\/hunziker.ag\/wp-content\/uploads\/2021\/05\/Favicon_01.png","width":512,"height":512,"caption":"Hunziker AG"},"image":{"@id":"https:\/\/hunziker.ag\/fr\/#\/schema\/logo\/image\/"},"sameAs":["https:\/\/www.facebook.com\/hunzikerag","https:\/\/www.instagram.com\/hunzikerag\/","https:\/\/www.linkedin.com\/company\/3173208\/"]},{"@type":"Person","@id":"https:\/\/hunziker.ag\/fr\/#\/schema\/person\/5ba60237fbbb91cea570f311bd09f036","name":"hunziker","sameAs":["https:\/\/hunziker.ag"]}]}},"_links":{"self":[{"href":"https:\/\/hunziker.ag\/fr\/wp-json\/wp\/v2\/posts\/9064","targetHints":{"allow":["GET"]}}],"collection":[{"href":"https:\/\/hunziker.ag\/fr\/wp-json\/wp\/v2\/posts"}],"about":[{"href":"https:\/\/hunziker.ag\/fr\/wp-json\/wp\/v2\/types\/post"}],"author":[{"embeddable":true,"href":"https:\/\/hunziker.ag\/fr\/wp-json\/wp\/v2\/users\/2"}],"replies":[{"embeddable":true,"href":"https:\/\/hunziker.ag\/fr\/wp-json\/wp\/v2\/comments?post=9064"}],"version-history":[{"count":5,"href":"https:\/\/hunziker.ag\/fr\/wp-json\/wp\/v2\/posts\/9064\/revisions"}],"predecessor-version":[{"id":10247,"href":"https:\/\/hunziker.ag\/fr\/wp-json\/wp\/v2\/posts\/9064\/revisions\/10247"}],"wp:featuredmedia":[{"embeddable":true,"href":"https:\/\/hunziker.ag\/fr\/wp-json\/wp\/v2\/media\/8440"}],"wp:attachment":[{"href":"https:\/\/hunziker.ag\/fr\/wp-json\/wp\/v2\/media?parent=9064"}],"wp:term":[{"taxonomy":"category","embeddable":true,"href":"https:\/\/hunziker.ag\/fr\/wp-json\/wp\/v2\/categories?post=9064"},{"taxonomy":"post_tag","embeddable":true,"href":"https:\/\/hunziker.ag\/fr\/wp-json\/wp\/v2\/tags?post=9064"}],"curies":[{"name":"wp","href":"https:\/\/api.w.org\/{rel}","templated":true}]}}