{"id":8790,"date":"2023-07-15T14:20:00","date_gmt":"2023-07-15T12:20:00","guid":{"rendered":"https:\/\/hunziker.ag\/2023\/07\/15\/116-fete-nationale-de-lutte-suisse-et-des-jeux-alpestres-2023\/"},"modified":"2025-11-14T10:57:32","modified_gmt":"2025-11-14T09:57:32","slug":"116-fete-nationale-de-lutte-suisse-et-des-jeux-alpestres-2023","status":"publish","type":"post","link":"https:\/\/hunziker.ag\/fr\/2023\/07\/15\/116-fete-nationale-de-lutte-suisse-et-des-jeux-alpestres-2023\/","title":{"rendered":"116. F\u00caTE NATIONALE DE LUTTE SUISSE ET DES JEUX ALPESTRES 2023"},"content":{"rendered":"\t\t<div data-elementor-type=\"wp-post\" data-elementor-id=\"8790\" class=\"elementor elementor-8790 elementor-6702\" data-elementor-post-type=\"post\">\n\t\t\t\t\t\t<section class=\"elementor-section elementor-top-section elementor-element elementor-element-a666e1c elementor-section-height-min-height elementor-section-content-middle elementor-section-boxed elementor-section-height-default elementor-section-items-middle\" data-id=\"a666e1c\" data-element_type=\"section\" data-settings=\"{&quot;background_background&quot;:&quot;classic&quot;}\">\n\t\t\t\t\t\t<div class=\"elementor-container elementor-column-gap-default\">\n\t\t\t\t\t<div class=\"elementor-column elementor-col-100 elementor-top-column elementor-element elementor-element-30542295\" data-id=\"30542295\" data-element_type=\"column\" data-settings=\"{&quot;background_background&quot;:&quot;classic&quot;}\">\n\t\t\t<div class=\"elementor-widget-wrap elementor-element-populated\">\n\t\t\t\t\t\t<section class=\"elementor-section elementor-inner-section elementor-element elementor-element-4544f77c elementor-section-content-middle elementor-section-boxed elementor-section-height-default elementor-section-height-default\" data-id=\"4544f77c\" data-element_type=\"section\">\n\t\t\t\t\t\t<div class=\"elementor-container elementor-column-gap-default\">\n\t\t\t\t\t<div class=\"elementor-column elementor-col-50 elementor-inner-column elementor-element elementor-element-5c174452\" data-id=\"5c174452\" data-element_type=\"column\">\n\t\t\t<div class=\"elementor-widget-wrap elementor-element-populated\">\n\t\t\t\t\t\t<div class=\"elementor-element elementor-element-e90e420 elementor-widget elementor-widget-theme-post-title elementor-page-title elementor-widget-heading\" data-id=\"e90e420\" data-element_type=\"widget\" data-widget_type=\"theme-post-title.default\">\n\t\t\t\t<div class=\"elementor-widget-container\">\n\t\t\t\t\t<h1 class=\"elementor-heading-title elementor-size-default\">116. F\u00caTE NATIONALE DE LUTTE SUISSE ET DES JEUX ALPESTRES 2023<\/h1>\t\t\t\t<\/div>\n\t\t\t\t<\/div>\n\t\t\t\t<div class=\"elementor-element elementor-element-5ab2aa4 elementor-widget elementor-widget-theme-post-excerpt\" data-id=\"5ab2aa4\" data-element_type=\"widget\" data-widget_type=\"theme-post-excerpt.default\">\n\t\t\t\t<div class=\"elementor-widget-container\">\n\t\t\t\t\tBeaucoup de travaux autour de la F\u00eate de lutte suisse et des jeux alpestres de Suisse centrale \u00e0 Dagmersellen.\t\t\t\t<\/div>\n\t\t\t\t<\/div>\n\t\t\t\t<div class=\"elementor-element elementor-element-3f8d83dc elementor-widget elementor-widget-text-editor\" data-id=\"3f8d83dc\" data-element_type=\"widget\" data-widget_type=\"text-editor.default\">\n\t\t\t\t<div class=\"elementor-widget-container\">\n\t\t\t\t\t\t\t\t\t<p>Pendant cinq jours, la commune de Lucerne a \u00e9t\u00e9 enti\u00e8rement plac\u00e9e sous le signe de la lutte. Pour que les nombreux visiteurs puissent profiter de ces journ\u00e9es sans souci, il fallait une infrastructure qui fonctionne bien. Il n&rsquo;a fallu que quatre jours \u00e0 Hunziker pour monter de nombreuses tentes de diff\u00e9rentes tailles ainsi que des ensembles de tables et des si\u00e8ges pour les nombreux visiteurs. La s\u00e9curit\u00e9 \u00e9tait assur\u00e9e par des barri\u00e8res d&rsquo;un kilom\u00e8tre de long.   <\/p><p>Gr\u00e2ce \u00e0 une planification minutieuse et au soutien de nombreux b\u00e9n\u00e9voles, les organisateurs peuvent se f\u00e9liciter du succ\u00e8s de l&rsquo;\u00e9v\u00e9nement.<\/p><p><img decoding=\"async\" class=\"emoji\" role=\"img\" src=\"https:\/\/s.w.org\/images\/core\/emoji\/14.0.0\/svg\/1f4f8.svg\" alt=\"\ud83d\udcf8\"> <a style=\"margin: 0px;padding: 0px;border: 0px;font: inherit;vertical-align: baseline;color: #99cc00\" href=\"https:\/\/www.studhalter.org\/\">https:\/\/www.studhalter.org\/<\/a><\/p>\t\t\t\t\t\t\t\t<\/div>\n\t\t\t\t<\/div>\n\t\t\t\t<div class=\"elementor-element elementor-element-a1ce2fa elementor-align-left elementor-widget elementor-widget-button\" data-id=\"a1ce2fa\" data-element_type=\"widget\" data-widget_type=\"button.default\">\n\t\t\t\t<div class=\"elementor-widget-container\">\n\t\t\t\t\t\t\t\t\t<div class=\"elementor-button-wrapper\">\n\t\t\t\t\t<a class=\"elementor-button elementor-size-sm\" role=\"button\" id=\"back-button\">\n\t\t\t\t\t\t<span class=\"elementor-button-content-wrapper\">\n\t\t\t\t\t\t<span class=\"elementor-button-icon\">\n\t\t\t\t<i aria-hidden=\"true\" class=\"fas fa-arrow-left\"><\/i>\t\t\t<\/span>\n\t\t\t\t\t\t\t\t\t<span class=\"elementor-button-text\">Retour<\/span>\n\t\t\t\t\t<\/span>\n\t\t\t\t\t<\/a>\n\t\t\t\t<\/div>\n\t\t\t\t\t\t\t\t<\/div>\n\t\t\t\t<\/div>\n\t\t\t\t\t<\/div>\n\t\t<\/div>\n\t\t\t\t<div class=\"elementor-column elementor-col-50 elementor-inner-column elementor-element elementor-element-5699f3a3\" data-id=\"5699f3a3\" data-element_type=\"column\">\n\t\t\t<div class=\"elementor-widget-wrap elementor-element-populated\">\n\t\t\t\t\t\t<div class=\"elementor-element elementor-element-157b524d elementor-pagination-position-outside elementor-widget elementor-widget-image-carousel\" data-id=\"157b524d\" data-element_type=\"widget\" data-settings=\"{&quot;slides_to_show&quot;:&quot;1&quot;,&quot;navigation&quot;:&quot;dots&quot;,&quot;slides_to_show_tablet&quot;:&quot;1&quot;,&quot;autoplay&quot;:&quot;yes&quot;,&quot;pause_on_hover&quot;:&quot;yes&quot;,&quot;pause_on_interaction&quot;:&quot;yes&quot;,&quot;autoplay_speed&quot;:5000,&quot;infinite&quot;:&quot;yes&quot;,&quot;effect&quot;:&quot;slide&quot;,&quot;speed&quot;:500}\" data-widget_type=\"image-carousel.default\">\n\t\t\t\t<div class=\"elementor-widget-container\">\n\t\t\t\t\t\t\t<div class=\"elementor-image-carousel-wrapper swiper\" role=\"region\" aria-roledescription=\"carousel\" aria-label=\"Carrousel d\u2019images\" dir=\"ltr\">\n\t\t\t<div class=\"elementor-image-carousel swiper-wrapper\" aria-live=\"off\">\n\t\t\t\t\t\t\t\t<div class=\"swiper-slide\" role=\"group\" aria-roledescription=\"slide\" aria-label=\"1 sur 7\"><a data-elementor-open-lightbox=\"yes\" data-elementor-lightbox-slideshow=\"157b524d\" data-elementor-lightbox-title=\"HUNZIKER WILLISAU : R\u00c9F\u00c9RENCE ISAF2023\" data-e-action-hash=\"#elementor-action%3Aaction%3Dlightbox%26settings%3DeyJpZCI6ODM0MywidXJsIjoiaHR0cHM6XC9cL2h1bnppa2VyLmFnXC93cC1jb250ZW50XC91cGxvYWRzXC8yMDIzXC8wOVwvU1I0ODA0MjdfTFJPLTIwNDhXRUIuanBnIiwic2xpZGVzaG93IjoiMTU3YjUyNGQifQ%3D%3D\" href=\"https:\/\/hunziker.ag\/wp-content\/uploads\/2023\/09\/SR480427_LRO-2048WEB.jpg\"><figure class=\"swiper-slide-inner\"><img decoding=\"async\" class=\"swiper-slide-image\" src=\"https:\/\/hunziker.ag\/wp-content\/uploads\/2023\/09\/SR480427_LRO-2048WEB.jpg\" alt=\"Location de chapiteau, location de tables, location de bancs, location de plancher en bois, location de tente cuisine, stand de vente\" \/><\/figure><\/a><\/div><div class=\"swiper-slide\" role=\"group\" aria-roledescription=\"slide\" aria-label=\"2 sur 7\"><a data-elementor-open-lightbox=\"yes\" data-elementor-lightbox-slideshow=\"157b524d\" data-elementor-lightbox-title=\"HUNZIKER WILLISAU : R\u00c9F\u00c9RENCE ISAF2023\" data-e-action-hash=\"#elementor-action%3Aaction%3Dlightbox%26settings%3DeyJpZCI6ODM0NywidXJsIjoiaHR0cHM6XC9cL2h1bnppa2VyLmFnXC93cC1jb250ZW50XC91cGxvYWRzXC8yMDIzXC8wOVwvU1I0Nzk5NzRfTFJPLTIwNDhXRUIuanBnIiwic2xpZGVzaG93IjoiMTU3YjUyNGQifQ%3D%3D\" href=\"https:\/\/hunziker.ag\/wp-content\/uploads\/2023\/09\/SR479974_LRO-2048WEB.jpg\"><figure class=\"swiper-slide-inner\"><img decoding=\"async\" class=\"swiper-slide-image\" src=\"https:\/\/hunziker.ag\/wp-content\/uploads\/2023\/09\/SR479974_LRO-2048WEB.jpg\" alt=\"Location de chapiteau, location de tables, location de bancs, location de plancher en bois, location de tente cuisine, stand de vente\" \/><\/figure><\/a><\/div><div class=\"swiper-slide\" role=\"group\" aria-roledescription=\"slide\" aria-label=\"3 sur 7\"><a data-elementor-open-lightbox=\"yes\" data-elementor-lightbox-slideshow=\"157b524d\" data-elementor-lightbox-title=\"HUNZIKER WILLISAU : R\u00c9F\u00c9RENCE ISAF2023\" data-e-action-hash=\"#elementor-action%3Aaction%3Dlightbox%26settings%3DeyJpZCI6ODM0NSwidXJsIjoiaHR0cHM6XC9cL2h1bnppa2VyLmFnXC93cC1jb250ZW50XC91cGxvYWRzXC8yMDIzXC8wOVwvU1I1MTQyOThfTFJPLTIwNDhXRUIuanBnIiwic2xpZGVzaG93IjoiMTU3YjUyNGQifQ%3D%3D\" href=\"https:\/\/hunziker.ag\/wp-content\/uploads\/2023\/09\/SR514298_LRO-2048WEB.jpg\"><figure class=\"swiper-slide-inner\"><img decoding=\"async\" class=\"swiper-slide-image\" src=\"https:\/\/hunziker.ag\/wp-content\/uploads\/2023\/09\/SR514298_LRO-2048WEB.jpg\" alt=\"Location de chapiteau, location de tables, location de bancs, location de plancher en bois, location de tente cuisine, stand de vente\" \/><\/figure><\/a><\/div><div class=\"swiper-slide\" role=\"group\" aria-roledescription=\"slide\" aria-label=\"4 sur 7\"><a data-elementor-open-lightbox=\"yes\" data-elementor-lightbox-slideshow=\"157b524d\" data-elementor-lightbox-title=\"HUNZIKER WILLISAU : R\u00c9F\u00c9RENCE ISAF2023\" data-e-action-hash=\"#elementor-action%3Aaction%3Dlightbox%26settings%3DeyJpZCI6ODM0NCwidXJsIjoiaHR0cHM6XC9cL2h1bnppa2VyLmFnXC93cC1jb250ZW50XC91cGxvYWRzXC8yMDIzXC8wOVwvU1I1MTQwMTZfTFJPLTIwNDhXRUIuanBnIiwic2xpZGVzaG93IjoiMTU3YjUyNGQifQ%3D%3D\" href=\"https:\/\/hunziker.ag\/wp-content\/uploads\/2023\/09\/SR514016_LRO-2048WEB.jpg\"><figure class=\"swiper-slide-inner\"><img decoding=\"async\" class=\"swiper-slide-image\" src=\"https:\/\/hunziker.ag\/wp-content\/uploads\/2023\/09\/SR514016_LRO-2048WEB.jpg\" alt=\"Location de chapiteau, location de tables, location de bancs, location de plancher en bois, location de tente cuisine, stand de vente\" \/><\/figure><\/a><\/div><div class=\"swiper-slide\" role=\"group\" aria-roledescription=\"slide\" aria-label=\"5 sur 7\"><a data-elementor-open-lightbox=\"yes\" data-elementor-lightbox-slideshow=\"157b524d\" data-elementor-lightbox-title=\"HUNZIKER WILLISAU : R\u00c9F\u00c9RENCE ISAF2023\" data-e-action-hash=\"#elementor-action%3Aaction%3Dlightbox%26settings%3DeyJpZCI6ODM0NiwidXJsIjoiaHR0cHM6XC9cL2h1bnppa2VyLmFnXC93cC1jb250ZW50XC91cGxvYWRzXC8yMDIzXC8wOVwvU1I1MTQzNzdfTFJPLTIwNDhXRUIuanBnIiwic2xpZGVzaG93IjoiMTU3YjUyNGQifQ%3D%3D\" href=\"https:\/\/hunziker.ag\/wp-content\/uploads\/2023\/09\/SR514377_LRO-2048WEB.jpg\"><figure class=\"swiper-slide-inner\"><img decoding=\"async\" class=\"swiper-slide-image\" src=\"https:\/\/hunziker.ag\/wp-content\/uploads\/2023\/09\/SR514377_LRO-2048WEB.jpg\" alt=\"Location de chapiteau, location de tables, location de bancs, location de plancher en bois, location de tente cuisine, stand de vente\" \/><\/figure><\/a><\/div><div class=\"swiper-slide\" role=\"group\" aria-roledescription=\"slide\" aria-label=\"6 sur 7\"><a data-elementor-open-lightbox=\"yes\" data-elementor-lightbox-slideshow=\"157b524d\" data-elementor-lightbox-title=\"HUNZIKER WILLISAU : R\u00c9F\u00c9RENCE ISAF2023\" data-e-action-hash=\"#elementor-action%3Aaction%3Dlightbox%26settings%3DeyJpZCI6ODM0OCwidXJsIjoiaHR0cHM6XC9cL2h1bnppa2VyLmFnXC93cC1jb250ZW50XC91cGxvYWRzXC8yMDIzXC8wOVwvU1I0ODAyMjJfTFJPLTIwNDhXRUIuanBnIiwic2xpZGVzaG93IjoiMTU3YjUyNGQifQ%3D%3D\" href=\"https:\/\/hunziker.ag\/wp-content\/uploads\/2023\/09\/SR480222_LRO-2048WEB.jpg\"><figure class=\"swiper-slide-inner\"><img decoding=\"async\" class=\"swiper-slide-image\" src=\"https:\/\/hunziker.ag\/wp-content\/uploads\/2023\/09\/SR480222_LRO-2048WEB.jpg\" alt=\"Location de chapiteau, location de tables, location de bancs, location de plancher en bois, location de tente cuisine, stand de vente\" \/><\/figure><\/a><\/div><div class=\"swiper-slide\" role=\"group\" aria-roledescription=\"slide\" aria-label=\"7 sur 7\"><a data-elementor-open-lightbox=\"yes\" data-elementor-lightbox-slideshow=\"157b524d\" data-elementor-lightbox-title=\"HUNZIKER WILLISAU : R\u00c9F\u00c9RENCE ISAF2023\" data-e-action-hash=\"#elementor-action%3Aaction%3Dlightbox%26settings%3DeyJpZCI6ODM0OSwidXJsIjoiaHR0cHM6XC9cL2h1bnppa2VyLmFnXC93cC1jb250ZW50XC91cGxvYWRzXC8yMDIzXC8wOVwvU1I0ODAzNjNfTFJPLTIwNDhXRUIuanBnIiwic2xpZGVzaG93IjoiMTU3YjUyNGQifQ%3D%3D\" href=\"https:\/\/hunziker.ag\/wp-content\/uploads\/2023\/09\/SR480363_LRO-2048WEB.jpg\"><figure class=\"swiper-slide-inner\"><img decoding=\"async\" class=\"swiper-slide-image\" src=\"https:\/\/hunziker.ag\/wp-content\/uploads\/2023\/09\/SR480363_LRO-2048WEB.jpg\" alt=\"Location de chapiteau, location de tables, location de bancs, location de plancher en bois, location de tente cuisine, stand de vente\" \/><\/figure><\/a><\/div>\t\t\t<\/div>\n\t\t\t\t\t\t\t\n\t\t\t\t\t\t\t\t\t<div class=\"swiper-pagination\"><\/div>\n\t\t\t\t\t\t\t\t\t<\/div>\n\t\t\t\t\t\t<\/div>\n\t\t\t\t<\/div>\n\t\t\t\t\t<\/div>\n\t\t<\/div>\n\t\t\t\t\t<\/div>\n\t\t<\/section>\n\t\t\t\t\t<\/div>\n\t\t<\/div>\n\t\t\t\t\t<\/div>\n\t\t<\/section>\n\t\t\t\t<\/div>\n\t\t","protected":false},"excerpt":{"rendered":"<p>Beaucoup de travaux autour de la F\u00eate de lutte suisse et des jeux alpestres de Suisse centrale \u00e0 Dagmersellen.<\/p>\n","protected":false},"author":2,"featured_media":8343,"comment_status":"closed","ping_status":"open","sticky":false,"template":"elementor_header_footer","format":"standard","meta":{"footnotes":""},"categories":[72],"tags":[],"class_list":["post-8790","post","type-post","status-publish","format-standard","has-post-thumbnail","hentry","category-sport-fr"],"yoast_head":"<!-- This site is optimized with the Yoast SEO plugin v26.4 - https:\/\/yoast.com\/wordpress\/plugins\/seo\/ -->\n<title>116. F\u00caTE NATIONALE DE LUTTE SUISSE ET DES JEUX ALPESTRES 2023 - Hunziker AG<\/title>\n<meta name=\"robots\" content=\"index, follow, max-snippet:-1, max-image-preview:large, max-video-preview:-1\" \/>\n<link rel=\"canonical\" href=\"https:\/\/hunziker.ag\/fr\/2023\/07\/15\/116-fete-nationale-de-lutte-suisse-et-des-jeux-alpestres-2023\/\" \/>\n<meta property=\"og:locale\" content=\"fr_FR\" \/>\n<meta property=\"og:type\" content=\"article\" \/>\n<meta property=\"og:title\" content=\"116. F\u00caTE NATIONALE DE LUTTE SUISSE ET DES JEUX ALPESTRES 2023 - Hunziker AG\" \/>\n<meta property=\"og:description\" content=\"Beaucoup de travaux autour de la F\u00eate de lutte suisse et des jeux alpestres de Suisse centrale \u00e0 Dagmersellen.\" \/>\n<meta property=\"og:url\" content=\"https:\/\/hunziker.ag\/fr\/2023\/07\/15\/116-fete-nationale-de-lutte-suisse-et-des-jeux-alpestres-2023\/\" \/>\n<meta property=\"og:site_name\" content=\"Hunziker AG\" \/>\n<meta property=\"article:publisher\" content=\"https:\/\/www.facebook.com\/hunzikerag\" \/>\n<meta property=\"article:published_time\" content=\"2023-07-15T12:20:00+00:00\" \/>\n<meta property=\"article:modified_time\" content=\"2025-11-14T09:57:32+00:00\" \/>\n<meta property=\"og:image\" content=\"https:\/\/hunziker.ag\/wp-content\/uploads\/2023\/09\/SR480427_LRO-2048WEB.jpg\" \/>\n\t<meta property=\"og:image:width\" content=\"2048\" \/>\n\t<meta property=\"og:image:height\" content=\"1365\" \/>\n\t<meta property=\"og:image:type\" content=\"image\/jpeg\" \/>\n<meta name=\"author\" content=\"hunziker\" \/>\n<meta name=\"twitter:card\" content=\"summary_large_image\" \/>\n<meta name=\"twitter:label1\" content=\"\u00c9crit par\" \/>\n\t<meta name=\"twitter:data1\" content=\"hunziker\" \/>\n\t<meta name=\"twitter:label2\" content=\"Dur\u00e9e de lecture estim\u00e9e\" \/>\n\t<meta name=\"twitter:data2\" content=\"1 minute\" \/>\n<script type=\"application\/ld+json\" class=\"yoast-schema-graph\">{\"@context\":\"https:\/\/schema.org\",\"@graph\":[{\"@type\":\"Article\",\"@id\":\"https:\/\/hunziker.ag\/fr\/2023\/07\/15\/116-fete-nationale-de-lutte-suisse-et-des-jeux-alpestres-2023\/#article\",\"isPartOf\":{\"@id\":\"https:\/\/hunziker.ag\/fr\/2023\/07\/15\/116-fete-nationale-de-lutte-suisse-et-des-jeux-alpestres-2023\/\"},\"author\":{\"name\":\"hunziker\",\"@id\":\"https:\/\/hunziker.ag\/fr\/#\/schema\/person\/5ba60237fbbb91cea570f311bd09f036\"},\"headline\":\"116. F\u00caTE NATIONALE DE LUTTE SUISSE ET DES JEUX ALPESTRES 2023\",\"datePublished\":\"2023-07-15T12:20:00+00:00\",\"dateModified\":\"2025-11-14T09:57:32+00:00\",\"mainEntityOfPage\":{\"@id\":\"https:\/\/hunziker.ag\/fr\/2023\/07\/15\/116-fete-nationale-de-lutte-suisse-et-des-jeux-alpestres-2023\/\"},\"wordCount\":127,\"publisher\":{\"@id\":\"https:\/\/hunziker.ag\/fr\/#organization\"},\"image\":{\"@id\":\"https:\/\/hunziker.ag\/fr\/2023\/07\/15\/116-fete-nationale-de-lutte-suisse-et-des-jeux-alpestres-2023\/#primaryimage\"},\"thumbnailUrl\":\"https:\/\/hunziker.ag\/wp-content\/uploads\/2023\/09\/SR480427_LRO-2048WEB.jpg\",\"articleSection\":[\"Sport\"],\"inLanguage\":\"fr-FR\"},{\"@type\":\"WebPage\",\"@id\":\"https:\/\/hunziker.ag\/fr\/2023\/07\/15\/116-fete-nationale-de-lutte-suisse-et-des-jeux-alpestres-2023\/\",\"url\":\"https:\/\/hunziker.ag\/fr\/2023\/07\/15\/116-fete-nationale-de-lutte-suisse-et-des-jeux-alpestres-2023\/\",\"name\":\"116. F\u00caTE NATIONALE DE LUTTE SUISSE ET DES JEUX ALPESTRES 2023 - Hunziker AG\",\"isPartOf\":{\"@id\":\"https:\/\/hunziker.ag\/fr\/#website\"},\"primaryImageOfPage\":{\"@id\":\"https:\/\/hunziker.ag\/fr\/2023\/07\/15\/116-fete-nationale-de-lutte-suisse-et-des-jeux-alpestres-2023\/#primaryimage\"},\"image\":{\"@id\":\"https:\/\/hunziker.ag\/fr\/2023\/07\/15\/116-fete-nationale-de-lutte-suisse-et-des-jeux-alpestres-2023\/#primaryimage\"},\"thumbnailUrl\":\"https:\/\/hunziker.ag\/wp-content\/uploads\/2023\/09\/SR480427_LRO-2048WEB.jpg\",\"datePublished\":\"2023-07-15T12:20:00+00:00\",\"dateModified\":\"2025-11-14T09:57:32+00:00\",\"breadcrumb\":{\"@id\":\"https:\/\/hunziker.ag\/fr\/2023\/07\/15\/116-fete-nationale-de-lutte-suisse-et-des-jeux-alpestres-2023\/#breadcrumb\"},\"inLanguage\":\"fr-FR\",\"potentialAction\":[{\"@type\":\"ReadAction\",\"target\":[\"https:\/\/hunziker.ag\/fr\/2023\/07\/15\/116-fete-nationale-de-lutte-suisse-et-des-jeux-alpestres-2023\/\"]}]},{\"@type\":\"ImageObject\",\"inLanguage\":\"fr-FR\",\"@id\":\"https:\/\/hunziker.ag\/fr\/2023\/07\/15\/116-fete-nationale-de-lutte-suisse-et-des-jeux-alpestres-2023\/#primaryimage\",\"url\":\"https:\/\/hunziker.ag\/wp-content\/uploads\/2023\/09\/SR480427_LRO-2048WEB.jpg\",\"contentUrl\":\"https:\/\/hunziker.ag\/wp-content\/uploads\/2023\/09\/SR480427_LRO-2048WEB.jpg\",\"width\":2048,\"height\":1365,\"caption\":\"DAGMERSELLEN\/LU, 02 JUILLET 2023 - HUNZIKER WILLISAU : R\u00c9F\u00c9RENCE ISAF2023 : Constructions temporaires et garnitures de table de Hunziker SA \u00e0 la F\u00eate de lutte suisse centrale et des jeux alpestres 2023 \u00e0 Dagmersellen. ths\/Photo by : THOMI STUDHALTER \/ HUNZIKER\"},{\"@type\":\"BreadcrumbList\",\"@id\":\"https:\/\/hunziker.ag\/fr\/2023\/07\/15\/116-fete-nationale-de-lutte-suisse-et-des-jeux-alpestres-2023\/#breadcrumb\",\"itemListElement\":[{\"@type\":\"ListItem\",\"position\":1,\"name\":\"Startseite\",\"item\":\"https:\/\/hunziker.ag\/fr\/home\/\"},{\"@type\":\"ListItem\",\"position\":2,\"name\":\"116. F\u00caTE NATIONALE DE LUTTE SUISSE ET DES JEUX ALPESTRES 2023\"}]},{\"@type\":\"WebSite\",\"@id\":\"https:\/\/hunziker.ag\/fr\/#website\",\"url\":\"https:\/\/hunziker.ag\/fr\/\",\"name\":\"Hunziker AG\",\"description\":\"Mobile Bauten in jeder Dimension\",\"publisher\":{\"@id\":\"https:\/\/hunziker.ag\/fr\/#organization\"},\"potentialAction\":[{\"@type\":\"SearchAction\",\"target\":{\"@type\":\"EntryPoint\",\"urlTemplate\":\"https:\/\/hunziker.ag\/fr\/?s={search_term_string}\"},\"query-input\":{\"@type\":\"PropertyValueSpecification\",\"valueRequired\":true,\"valueName\":\"search_term_string\"}}],\"inLanguage\":\"fr-FR\"},{\"@type\":\"Organization\",\"@id\":\"https:\/\/hunziker.ag\/fr\/#organization\",\"name\":\"Hunziker AG\",\"url\":\"https:\/\/hunziker.ag\/fr\/\",\"logo\":{\"@type\":\"ImageObject\",\"inLanguage\":\"fr-FR\",\"@id\":\"https:\/\/hunziker.ag\/fr\/#\/schema\/logo\/image\/\",\"url\":\"https:\/\/hunziker.ag\/wp-content\/uploads\/2021\/05\/Favicon_01.png\",\"contentUrl\":\"https:\/\/hunziker.ag\/wp-content\/uploads\/2021\/05\/Favicon_01.png\",\"width\":512,\"height\":512,\"caption\":\"Hunziker AG\"},\"image\":{\"@id\":\"https:\/\/hunziker.ag\/fr\/#\/schema\/logo\/image\/\"},\"sameAs\":[\"https:\/\/www.facebook.com\/hunzikerag\",\"https:\/\/www.instagram.com\/hunzikerag\/\",\"https:\/\/www.linkedin.com\/company\/3173208\/\"]},{\"@type\":\"Person\",\"@id\":\"https:\/\/hunziker.ag\/fr\/#\/schema\/person\/5ba60237fbbb91cea570f311bd09f036\",\"name\":\"hunziker\",\"sameAs\":[\"https:\/\/hunziker.ag\"]}]}<\/script>\n<!-- \/ Yoast SEO plugin. -->","yoast_head_json":{"title":"116. F\u00caTE NATIONALE DE LUTTE SUISSE ET DES JEUX ALPESTRES 2023 - Hunziker AG","robots":{"index":"index","follow":"follow","max-snippet":"max-snippet:-1","max-image-preview":"max-image-preview:large","max-video-preview":"max-video-preview:-1"},"canonical":"https:\/\/hunziker.ag\/fr\/2023\/07\/15\/116-fete-nationale-de-lutte-suisse-et-des-jeux-alpestres-2023\/","og_locale":"fr_FR","og_type":"article","og_title":"116. F\u00caTE NATIONALE DE LUTTE SUISSE ET DES JEUX ALPESTRES 2023 - Hunziker AG","og_description":"Beaucoup de travaux autour de la F\u00eate de lutte suisse et des jeux alpestres de Suisse centrale \u00e0 Dagmersellen.","og_url":"https:\/\/hunziker.ag\/fr\/2023\/07\/15\/116-fete-nationale-de-lutte-suisse-et-des-jeux-alpestres-2023\/","og_site_name":"Hunziker AG","article_publisher":"https:\/\/www.facebook.com\/hunzikerag","article_published_time":"2023-07-15T12:20:00+00:00","article_modified_time":"2025-11-14T09:57:32+00:00","og_image":[{"width":2048,"height":1365,"url":"https:\/\/hunziker.ag\/wp-content\/uploads\/2023\/09\/SR480427_LRO-2048WEB.jpg","type":"image\/jpeg"}],"author":"hunziker","twitter_card":"summary_large_image","twitter_misc":{"\u00c9crit par":"hunziker","Dur\u00e9e de lecture estim\u00e9e":"1 minute"},"schema":{"@context":"https:\/\/schema.org","@graph":[{"@type":"Article","@id":"https:\/\/hunziker.ag\/fr\/2023\/07\/15\/116-fete-nationale-de-lutte-suisse-et-des-jeux-alpestres-2023\/#article","isPartOf":{"@id":"https:\/\/hunziker.ag\/fr\/2023\/07\/15\/116-fete-nationale-de-lutte-suisse-et-des-jeux-alpestres-2023\/"},"author":{"name":"hunziker","@id":"https:\/\/hunziker.ag\/fr\/#\/schema\/person\/5ba60237fbbb91cea570f311bd09f036"},"headline":"116. F\u00caTE NATIONALE DE LUTTE SUISSE ET DES JEUX ALPESTRES 2023","datePublished":"2023-07-15T12:20:00+00:00","dateModified":"2025-11-14T09:57:32+00:00","mainEntityOfPage":{"@id":"https:\/\/hunziker.ag\/fr\/2023\/07\/15\/116-fete-nationale-de-lutte-suisse-et-des-jeux-alpestres-2023\/"},"wordCount":127,"publisher":{"@id":"https:\/\/hunziker.ag\/fr\/#organization"},"image":{"@id":"https:\/\/hunziker.ag\/fr\/2023\/07\/15\/116-fete-nationale-de-lutte-suisse-et-des-jeux-alpestres-2023\/#primaryimage"},"thumbnailUrl":"https:\/\/hunziker.ag\/wp-content\/uploads\/2023\/09\/SR480427_LRO-2048WEB.jpg","articleSection":["Sport"],"inLanguage":"fr-FR"},{"@type":"WebPage","@id":"https:\/\/hunziker.ag\/fr\/2023\/07\/15\/116-fete-nationale-de-lutte-suisse-et-des-jeux-alpestres-2023\/","url":"https:\/\/hunziker.ag\/fr\/2023\/07\/15\/116-fete-nationale-de-lutte-suisse-et-des-jeux-alpestres-2023\/","name":"116. F\u00caTE NATIONALE DE LUTTE SUISSE ET DES JEUX ALPESTRES 2023 - Hunziker AG","isPartOf":{"@id":"https:\/\/hunziker.ag\/fr\/#website"},"primaryImageOfPage":{"@id":"https:\/\/hunziker.ag\/fr\/2023\/07\/15\/116-fete-nationale-de-lutte-suisse-et-des-jeux-alpestres-2023\/#primaryimage"},"image":{"@id":"https:\/\/hunziker.ag\/fr\/2023\/07\/15\/116-fete-nationale-de-lutte-suisse-et-des-jeux-alpestres-2023\/#primaryimage"},"thumbnailUrl":"https:\/\/hunziker.ag\/wp-content\/uploads\/2023\/09\/SR480427_LRO-2048WEB.jpg","datePublished":"2023-07-15T12:20:00+00:00","dateModified":"2025-11-14T09:57:32+00:00","breadcrumb":{"@id":"https:\/\/hunziker.ag\/fr\/2023\/07\/15\/116-fete-nationale-de-lutte-suisse-et-des-jeux-alpestres-2023\/#breadcrumb"},"inLanguage":"fr-FR","potentialAction":[{"@type":"ReadAction","target":["https:\/\/hunziker.ag\/fr\/2023\/07\/15\/116-fete-nationale-de-lutte-suisse-et-des-jeux-alpestres-2023\/"]}]},{"@type":"ImageObject","inLanguage":"fr-FR","@id":"https:\/\/hunziker.ag\/fr\/2023\/07\/15\/116-fete-nationale-de-lutte-suisse-et-des-jeux-alpestres-2023\/#primaryimage","url":"https:\/\/hunziker.ag\/wp-content\/uploads\/2023\/09\/SR480427_LRO-2048WEB.jpg","contentUrl":"https:\/\/hunziker.ag\/wp-content\/uploads\/2023\/09\/SR480427_LRO-2048WEB.jpg","width":2048,"height":1365,"caption":"DAGMERSELLEN\/LU, 02 JUILLET 2023 - HUNZIKER WILLISAU : R\u00c9F\u00c9RENCE ISAF2023 : Constructions temporaires et garnitures de table de Hunziker SA \u00e0 la F\u00eate de lutte suisse centrale et des jeux alpestres 2023 \u00e0 Dagmersellen. ths\/Photo by : THOMI STUDHALTER \/ HUNZIKER"},{"@type":"BreadcrumbList","@id":"https:\/\/hunziker.ag\/fr\/2023\/07\/15\/116-fete-nationale-de-lutte-suisse-et-des-jeux-alpestres-2023\/#breadcrumb","itemListElement":[{"@type":"ListItem","position":1,"name":"Startseite","item":"https:\/\/hunziker.ag\/fr\/home\/"},{"@type":"ListItem","position":2,"name":"116. F\u00caTE NATIONALE DE LUTTE SUISSE ET DES JEUX ALPESTRES 2023"}]},{"@type":"WebSite","@id":"https:\/\/hunziker.ag\/fr\/#website","url":"https:\/\/hunziker.ag\/fr\/","name":"Hunziker AG","description":"Mobile Bauten in jeder Dimension","publisher":{"@id":"https:\/\/hunziker.ag\/fr\/#organization"},"potentialAction":[{"@type":"SearchAction","target":{"@type":"EntryPoint","urlTemplate":"https:\/\/hunziker.ag\/fr\/?s={search_term_string}"},"query-input":{"@type":"PropertyValueSpecification","valueRequired":true,"valueName":"search_term_string"}}],"inLanguage":"fr-FR"},{"@type":"Organization","@id":"https:\/\/hunziker.ag\/fr\/#organization","name":"Hunziker AG","url":"https:\/\/hunziker.ag\/fr\/","logo":{"@type":"ImageObject","inLanguage":"fr-FR","@id":"https:\/\/hunziker.ag\/fr\/#\/schema\/logo\/image\/","url":"https:\/\/hunziker.ag\/wp-content\/uploads\/2021\/05\/Favicon_01.png","contentUrl":"https:\/\/hunziker.ag\/wp-content\/uploads\/2021\/05\/Favicon_01.png","width":512,"height":512,"caption":"Hunziker AG"},"image":{"@id":"https:\/\/hunziker.ag\/fr\/#\/schema\/logo\/image\/"},"sameAs":["https:\/\/www.facebook.com\/hunzikerag","https:\/\/www.instagram.com\/hunzikerag\/","https:\/\/www.linkedin.com\/company\/3173208\/"]},{"@type":"Person","@id":"https:\/\/hunziker.ag\/fr\/#\/schema\/person\/5ba60237fbbb91cea570f311bd09f036","name":"hunziker","sameAs":["https:\/\/hunziker.ag"]}]}},"_links":{"self":[{"href":"https:\/\/hunziker.ag\/fr\/wp-json\/wp\/v2\/posts\/8790","targetHints":{"allow":["GET"]}}],"collection":[{"href":"https:\/\/hunziker.ag\/fr\/wp-json\/wp\/v2\/posts"}],"about":[{"href":"https:\/\/hunziker.ag\/fr\/wp-json\/wp\/v2\/types\/post"}],"author":[{"embeddable":true,"href":"https:\/\/hunziker.ag\/fr\/wp-json\/wp\/v2\/users\/2"}],"replies":[{"embeddable":true,"href":"https:\/\/hunziker.ag\/fr\/wp-json\/wp\/v2\/comments?post=8790"}],"version-history":[{"count":1,"href":"https:\/\/hunziker.ag\/fr\/wp-json\/wp\/v2\/posts\/8790\/revisions"}],"predecessor-version":[{"id":8792,"href":"https:\/\/hunziker.ag\/fr\/wp-json\/wp\/v2\/posts\/8790\/revisions\/8792"}],"wp:featuredmedia":[{"embeddable":true,"href":"https:\/\/hunziker.ag\/fr\/wp-json\/wp\/v2\/media\/8343"}],"wp:attachment":[{"href":"https:\/\/hunziker.ag\/fr\/wp-json\/wp\/v2\/media?parent=8790"}],"wp:term":[{"taxonomy":"category","embeddable":true,"href":"https:\/\/hunziker.ag\/fr\/wp-json\/wp\/v2\/categories?post=8790"},{"taxonomy":"post_tag","embeddable":true,"href":"https:\/\/hunziker.ag\/fr\/wp-json\/wp\/v2\/tags?post=8790"}],"curies":[{"name":"wp","href":"https:\/\/api.w.org\/{rel}","templated":true}]}}