{"id":8781,"date":"2023-06-15T14:10:46","date_gmt":"2023-06-15T12:10:46","guid":{"rendered":"https:\/\/hunziker.ag\/2023\/06\/15\/greenfield-festival-interlaken\/"},"modified":"2025-11-14T10:58:23","modified_gmt":"2025-11-14T09:58:23","slug":"greenfield-festival-interlaken","status":"publish","type":"post","link":"https:\/\/hunziker.ag\/fr\/2023\/06\/15\/greenfield-festival-interlaken\/","title":{"rendered":"GREENFIELD FESTIVAL, INTERLAKEN"},"content":{"rendered":"\t\t<div data-elementor-type=\"wp-post\" data-elementor-id=\"8781\" class=\"elementor elementor-8781 elementor-3940\" data-elementor-post-type=\"post\">\n\t\t\t\t\t\t<section class=\"elementor-section elementor-top-section elementor-element elementor-element-622885b elementor-section-height-min-height elementor-section-content-middle elementor-section-boxed elementor-section-height-default elementor-section-items-middle\" data-id=\"622885b\" data-element_type=\"section\" data-settings=\"{&quot;background_background&quot;:&quot;classic&quot;}\">\n\t\t\t\t\t\t<div class=\"elementor-container elementor-column-gap-default\">\n\t\t\t\t\t<div class=\"elementor-column elementor-col-100 elementor-top-column elementor-element elementor-element-5d283b62\" data-id=\"5d283b62\" data-element_type=\"column\" data-settings=\"{&quot;background_background&quot;:&quot;classic&quot;}\">\n\t\t\t<div class=\"elementor-widget-wrap elementor-element-populated\">\n\t\t\t\t\t\t<section class=\"elementor-section elementor-inner-section elementor-element elementor-element-564bf75c elementor-section-content-middle elementor-section-boxed elementor-section-height-default elementor-section-height-default\" data-id=\"564bf75c\" data-element_type=\"section\">\n\t\t\t\t\t\t<div class=\"elementor-container elementor-column-gap-default\">\n\t\t\t\t\t<div class=\"elementor-column elementor-col-50 elementor-inner-column elementor-element elementor-element-23d143ad\" data-id=\"23d143ad\" data-element_type=\"column\">\n\t\t\t<div class=\"elementor-widget-wrap elementor-element-populated\">\n\t\t\t\t\t\t<div class=\"elementor-element elementor-element-fb76918 elementor-widget elementor-widget-theme-post-title elementor-page-title elementor-widget-heading\" data-id=\"fb76918\" data-element_type=\"widget\" data-widget_type=\"theme-post-title.default\">\n\t\t\t\t<div class=\"elementor-widget-container\">\n\t\t\t\t\t<h1 class=\"elementor-heading-title elementor-size-default\">GREENFIELD FESTIVAL, INTERLAKEN<\/h1>\t\t\t\t<\/div>\n\t\t\t\t<\/div>\n\t\t\t\t<div class=\"elementor-element elementor-element-0dc52ea elementor-widget elementor-widget-theme-post-excerpt\" data-id=\"0dc52ea\" data-element_type=\"widget\" data-widget_type=\"theme-post-excerpt.default\">\n\t\t\t\t<div class=\"elementor-widget-container\">\n\t\t\t\t\tTrois jours de musique rock et metal, 72'000 fans, une mer de campervans, de bus et de tentes pour dormir, un stand de tatouage, un march\u00e9 de freaks et m\u00e9di\u00e9val - ce m\u00e9lange color\u00e9 n'existe que sur le Greenfield Festival \u00e0 Interlaken.\t\t\t\t<\/div>\n\t\t\t\t<\/div>\n\t\t\t\t<div class=\"elementor-element elementor-element-3fa4016 elementor-widget elementor-widget-text-editor\" data-id=\"3fa4016\" data-element_type=\"widget\" data-widget_type=\"text-editor.default\">\n\t\t\t\t<div class=\"elementor-widget-container\">\n\t\t\t\t\t\t\t\t\t<p>Ampleur du projet : planification, montage et d\u00e9montage de diverses tentes Perfetto et Piazza, de halls de tente, de sols et de quadroms (tente pagode) ; location de bancs et de tables avec 7 800 places assises.<\/p>\t\t\t\t\t\t\t\t<\/div>\n\t\t\t\t<\/div>\n\t\t\t\t<div class=\"elementor-element elementor-element-383fc4f elementor-align-left elementor-widget elementor-widget-button\" data-id=\"383fc4f\" data-element_type=\"widget\" data-widget_type=\"button.default\">\n\t\t\t\t<div class=\"elementor-widget-container\">\n\t\t\t\t\t\t\t\t\t<div class=\"elementor-button-wrapper\">\n\t\t\t\t\t<a class=\"elementor-button elementor-size-sm\" role=\"button\" id=\"back-button\">\n\t\t\t\t\t\t<span class=\"elementor-button-content-wrapper\">\n\t\t\t\t\t\t<span class=\"elementor-button-icon\">\n\t\t\t\t<i aria-hidden=\"true\" class=\"fas fa-arrow-left\"><\/i>\t\t\t<\/span>\n\t\t\t\t\t\t\t\t\t<span class=\"elementor-button-text\">Retour<\/span>\n\t\t\t\t\t<\/span>\n\t\t\t\t\t<\/a>\n\t\t\t\t<\/div>\n\t\t\t\t\t\t\t\t<\/div>\n\t\t\t\t<\/div>\n\t\t\t\t\t<\/div>\n\t\t<\/div>\n\t\t\t\t<div class=\"elementor-column elementor-col-50 elementor-inner-column elementor-element elementor-element-43b0ac0f\" data-id=\"43b0ac0f\" data-element_type=\"column\">\n\t\t\t<div class=\"elementor-widget-wrap elementor-element-populated\">\n\t\t\t\t\t\t<div class=\"elementor-element elementor-element-2f28e737 elementor-pagination-position-outside elementor-widget elementor-widget-image-carousel\" data-id=\"2f28e737\" data-element_type=\"widget\" data-settings=\"{&quot;slides_to_show&quot;:&quot;1&quot;,&quot;navigation&quot;:&quot;dots&quot;,&quot;slides_to_show_tablet&quot;:&quot;1&quot;,&quot;autoplay&quot;:&quot;yes&quot;,&quot;pause_on_hover&quot;:&quot;yes&quot;,&quot;pause_on_interaction&quot;:&quot;yes&quot;,&quot;autoplay_speed&quot;:5000,&quot;infinite&quot;:&quot;yes&quot;,&quot;effect&quot;:&quot;slide&quot;,&quot;speed&quot;:500}\" data-widget_type=\"image-carousel.default\">\n\t\t\t\t<div class=\"elementor-widget-container\">\n\t\t\t\t\t\t\t<div class=\"elementor-image-carousel-wrapper swiper\" role=\"region\" aria-roledescription=\"carousel\" aria-label=\"Bild Karussell\" dir=\"ltr\">\n\t\t\t<div class=\"elementor-image-carousel swiper-wrapper\" aria-live=\"off\">\n\t\t\t\t\t\t\t\t<div class=\"swiper-slide\" role=\"group\" aria-roledescription=\"slide\" aria-label=\"1 sur 3\"><a data-elementor-open-lightbox=\"yes\" data-elementor-lightbox-slideshow=\"2f28e737\" data-e-action-hash=\"#elementor-action%3Aaction%3Dlightbox%26settings%3DeyJpZCI6ODIwOCwidXJsIjoiaHR0cHM6XC9cL2h1bnppa2VyLmFnXC93cC1jb250ZW50XC91cGxvYWRzXC8yMDIzXC8wM1wvR3JlZW5maWVsZF8yMDE5XzIwMTkwNjEzXzIxMjUyMy1zY2FsZWQuanBnIiwic2xpZGVzaG93IjoiMmYyOGU3MzcifQ%3D%3D\" href=\"https:\/\/hunziker.ag\/wp-content\/uploads\/2023\/03\/Greenfield_2019_20190613_212523-scaled.jpg\"><figure class=\"swiper-slide-inner\"><img decoding=\"async\" class=\"swiper-slide-image\" src=\"https:\/\/hunziker.ag\/wp-content\/uploads\/2023\/03\/Greenfield_2019_20190613_212523-scaled.jpg\" alt=\"\" \/><\/figure><\/a><\/div><div class=\"swiper-slide\" role=\"group\" aria-roledescription=\"slide\" aria-label=\"2 sur 3\"><a data-elementor-open-lightbox=\"yes\" data-elementor-lightbox-slideshow=\"2f28e737\" data-e-action-hash=\"#elementor-action%3Aaction%3Dlightbox%26settings%3DeyJpZCI6ODIwNywidXJsIjoiaHR0cHM6XC9cL2h1bnppa2VyLmFnXC93cC1jb250ZW50XC91cGxvYWRzXC8yMDIzXC8wM1wvR3JlZW5maWVsZF8yMDE3X0lNR18xMTgzLXNjYWxlZC5qcGciLCJzbGlkZXNob3ciOiIyZjI4ZTczNyJ9\" href=\"https:\/\/hunziker.ag\/wp-content\/uploads\/2023\/03\/Greenfield_2017_IMG_1183-scaled.jpg\"><figure class=\"swiper-slide-inner\"><img decoding=\"async\" class=\"swiper-slide-image\" src=\"https:\/\/hunziker.ag\/wp-content\/uploads\/2023\/03\/Greenfield_2017_IMG_1183-scaled.jpg\" alt=\"Louer une tente \u00e0 deux \u00e9tages, terrasse de tente\" \/><\/figure><\/a><\/div><div class=\"swiper-slide\" role=\"group\" aria-roledescription=\"slide\" aria-label=\"3 sur 3\"><a data-elementor-open-lightbox=\"yes\" data-elementor-lightbox-slideshow=\"2f28e737\" data-e-action-hash=\"#elementor-action%3Aaction%3Dlightbox%26settings%3DeyJpZCI6ODIwNiwidXJsIjoiaHR0cHM6XC9cL2h1bnppa2VyLmFnXC93cC1jb250ZW50XC91cGxvYWRzXC8yMDIzXC8wM1wvSFpfUmVfS19HcmVlbmZpZWxkLmpwZWciLCJzbGlkZXNob3ciOiIyZjI4ZTczNyJ9\" href=\"https:\/\/hunziker.ag\/wp-content\/uploads\/2023\/03\/HZ_Re_K_Greenfield.jpeg\"><figure class=\"swiper-slide-inner\"><img decoding=\"async\" class=\"swiper-slide-image\" src=\"https:\/\/hunziker.ag\/wp-content\/uploads\/2023\/03\/HZ_Re_K_Greenfield.jpeg\" alt=\"Louer une sc\u00e8ne, Sc\u00e8ne en plein air\" \/><\/figure><\/a><\/div>\t\t\t<\/div>\n\t\t\t\t\t\t\t\n\t\t\t\t\t\t\t\t\t<div class=\"swiper-pagination\"><\/div>\n\t\t\t\t\t\t\t\t\t<\/div>\n\t\t\t\t\t\t<\/div>\n\t\t\t\t<\/div>\n\t\t\t\t<div class=\"elementor-element elementor-element-a0f58fa elementor-widget elementor-widget-image\" data-id=\"a0f58fa\" data-element_type=\"widget\" data-widget_type=\"image.default\">\n\t\t\t\t<div class=\"elementor-widget-container\">\n\t\t\t\t\t\t\t\t\t\t\t\t\t\t\t\t<a href=\"https:\/\/greenfieldfestival.ch\/\" target=\"_blank\">\n\t\t\t\t\t\t\t<img fetchpriority=\"high\" decoding=\"async\" width=\"614\" height=\"255\" src=\"https:\/\/hunziker.ag\/wp-content\/uploads\/2023\/03\/greenfield-logo5.svg\" class=\"attachment-large size-large wp-image-8272\" alt=\"\" \/>\t\t\t\t\t\t\t\t<\/a>\n\t\t\t\t\t\t\t\t\t\t\t\t\t\t\t<\/div>\n\t\t\t\t<\/div>\n\t\t\t\t\t<\/div>\n\t\t<\/div>\n\t\t\t\t\t<\/div>\n\t\t<\/section>\n\t\t\t\t\t<\/div>\n\t\t<\/div>\n\t\t\t\t\t<\/div>\n\t\t<\/section>\n\t\t\t\t<\/div>\n\t\t","protected":false},"excerpt":{"rendered":"<p>Trois jours de musique rock et metal, 72&rsquo;000 fans, une mer de campervans, de bus et de tentes pour dormir, un stand de tatouage, un march\u00e9 de freaks et m\u00e9di\u00e9val &#8211; ce m\u00e9lange color\u00e9 n&rsquo;existe que sur le Greenfield Festival \u00e0 Interlaken.<\/p>\n","protected":false},"author":2,"featured_media":8208,"comment_status":"closed","ping_status":"open","sticky":false,"template":"elementor_header_footer","format":"standard","meta":{"footnotes":""},"categories":[66],"tags":[],"class_list":["post-8781","post","type-post","status-publish","format-standard","has-post-thumbnail","hentry","category-kultur-fr"],"yoast_head":"<!-- This site is optimized with the Yoast SEO plugin v26.4 - https:\/\/yoast.com\/wordpress\/plugins\/seo\/ -->\n<title>GREENFIELD FESTIVAL, INTERLAKEN - Hunziker AG<\/title>\n<meta name=\"robots\" content=\"index, follow, max-snippet:-1, max-image-preview:large, max-video-preview:-1\" \/>\n<link rel=\"canonical\" href=\"https:\/\/hunziker.ag\/fr\/2023\/06\/15\/greenfield-festival-interlaken\/\" \/>\n<meta property=\"og:locale\" content=\"fr_FR\" \/>\n<meta property=\"og:type\" content=\"article\" \/>\n<meta property=\"og:title\" content=\"GREENFIELD FESTIVAL, INTERLAKEN - Hunziker AG\" \/>\n<meta property=\"og:description\" content=\"Trois jours de musique rock et metal, 72&#039;000 fans, une mer de campervans, de bus et de tentes pour dormir, un stand de tatouage, un march\u00e9 de freaks et m\u00e9di\u00e9val - ce m\u00e9lange color\u00e9 n&#039;existe que sur le Greenfield Festival \u00e0 Interlaken.\" \/>\n<meta property=\"og:url\" content=\"https:\/\/hunziker.ag\/fr\/2023\/06\/15\/greenfield-festival-interlaken\/\" \/>\n<meta property=\"og:site_name\" content=\"Hunziker AG\" \/>\n<meta property=\"article:publisher\" content=\"https:\/\/www.facebook.com\/hunzikerag\" \/>\n<meta property=\"article:published_time\" content=\"2023-06-15T12:10:46+00:00\" \/>\n<meta property=\"article:modified_time\" content=\"2025-11-14T09:58:23+00:00\" \/>\n<meta property=\"og:image\" content=\"https:\/\/hunziker.ag\/wp-content\/uploads\/2023\/03\/Greenfield_2019_20190613_212523-scaled.jpg\" \/>\n\t<meta property=\"og:image:width\" content=\"2560\" \/>\n\t<meta property=\"og:image:height\" content=\"1920\" \/>\n\t<meta property=\"og:image:type\" content=\"image\/jpeg\" \/>\n<meta name=\"author\" content=\"hunziker\" \/>\n<meta name=\"twitter:card\" content=\"summary_large_image\" \/>\n<meta name=\"twitter:label1\" content=\"\u00c9crit par\" \/>\n\t<meta name=\"twitter:data1\" content=\"hunziker\" \/>\n<script type=\"application\/ld+json\" class=\"yoast-schema-graph\">{\"@context\":\"https:\/\/schema.org\",\"@graph\":[{\"@type\":\"Article\",\"@id\":\"https:\/\/hunziker.ag\/fr\/2023\/06\/15\/greenfield-festival-interlaken\/#article\",\"isPartOf\":{\"@id\":\"https:\/\/hunziker.ag\/fr\/2023\/06\/15\/greenfield-festival-interlaken\/\"},\"author\":{\"name\":\"hunziker\",\"@id\":\"https:\/\/hunziker.ag\/fr\/#\/schema\/person\/5ba60237fbbb91cea570f311bd09f036\"},\"headline\":\"GREENFIELD FESTIVAL, INTERLAKEN\",\"datePublished\":\"2023-06-15T12:10:46+00:00\",\"dateModified\":\"2025-11-14T09:58:23+00:00\",\"mainEntityOfPage\":{\"@id\":\"https:\/\/hunziker.ag\/fr\/2023\/06\/15\/greenfield-festival-interlaken\/\"},\"wordCount\":38,\"publisher\":{\"@id\":\"https:\/\/hunziker.ag\/fr\/#organization\"},\"image\":{\"@id\":\"https:\/\/hunziker.ag\/fr\/2023\/06\/15\/greenfield-festival-interlaken\/#primaryimage\"},\"thumbnailUrl\":\"https:\/\/hunziker.ag\/wp-content\/uploads\/2023\/03\/Greenfield_2019_20190613_212523-scaled.jpg\",\"articleSection\":[\"Kultur\"],\"inLanguage\":\"fr-FR\"},{\"@type\":\"WebPage\",\"@id\":\"https:\/\/hunziker.ag\/fr\/2023\/06\/15\/greenfield-festival-interlaken\/\",\"url\":\"https:\/\/hunziker.ag\/fr\/2023\/06\/15\/greenfield-festival-interlaken\/\",\"name\":\"GREENFIELD FESTIVAL, INTERLAKEN - Hunziker AG\",\"isPartOf\":{\"@id\":\"https:\/\/hunziker.ag\/fr\/#website\"},\"primaryImageOfPage\":{\"@id\":\"https:\/\/hunziker.ag\/fr\/2023\/06\/15\/greenfield-festival-interlaken\/#primaryimage\"},\"image\":{\"@id\":\"https:\/\/hunziker.ag\/fr\/2023\/06\/15\/greenfield-festival-interlaken\/#primaryimage\"},\"thumbnailUrl\":\"https:\/\/hunziker.ag\/wp-content\/uploads\/2023\/03\/Greenfield_2019_20190613_212523-scaled.jpg\",\"datePublished\":\"2023-06-15T12:10:46+00:00\",\"dateModified\":\"2025-11-14T09:58:23+00:00\",\"breadcrumb\":{\"@id\":\"https:\/\/hunziker.ag\/fr\/2023\/06\/15\/greenfield-festival-interlaken\/#breadcrumb\"},\"inLanguage\":\"fr-FR\",\"potentialAction\":[{\"@type\":\"ReadAction\",\"target\":[\"https:\/\/hunziker.ag\/fr\/2023\/06\/15\/greenfield-festival-interlaken\/\"]}]},{\"@type\":\"ImageObject\",\"inLanguage\":\"fr-FR\",\"@id\":\"https:\/\/hunziker.ag\/fr\/2023\/06\/15\/greenfield-festival-interlaken\/#primaryimage\",\"url\":\"https:\/\/hunziker.ag\/wp-content\/uploads\/2023\/03\/Greenfield_2019_20190613_212523-scaled.jpg\",\"contentUrl\":\"https:\/\/hunziker.ag\/wp-content\/uploads\/2023\/03\/Greenfield_2019_20190613_212523-scaled.jpg\",\"width\":2560,\"height\":1920},{\"@type\":\"BreadcrumbList\",\"@id\":\"https:\/\/hunziker.ag\/fr\/2023\/06\/15\/greenfield-festival-interlaken\/#breadcrumb\",\"itemListElement\":[{\"@type\":\"ListItem\",\"position\":1,\"name\":\"Startseite\",\"item\":\"https:\/\/hunziker.ag\/fr\/home\/\"},{\"@type\":\"ListItem\",\"position\":2,\"name\":\"GREENFIELD FESTIVAL, INTERLAKEN\"}]},{\"@type\":\"WebSite\",\"@id\":\"https:\/\/hunziker.ag\/fr\/#website\",\"url\":\"https:\/\/hunziker.ag\/fr\/\",\"name\":\"Hunziker AG\",\"description\":\"Mobile Bauten in jeder Dimension\",\"publisher\":{\"@id\":\"https:\/\/hunziker.ag\/fr\/#organization\"},\"potentialAction\":[{\"@type\":\"SearchAction\",\"target\":{\"@type\":\"EntryPoint\",\"urlTemplate\":\"https:\/\/hunziker.ag\/fr\/?s={search_term_string}\"},\"query-input\":{\"@type\":\"PropertyValueSpecification\",\"valueRequired\":true,\"valueName\":\"search_term_string\"}}],\"inLanguage\":\"fr-FR\"},{\"@type\":\"Organization\",\"@id\":\"https:\/\/hunziker.ag\/fr\/#organization\",\"name\":\"Hunziker AG\",\"url\":\"https:\/\/hunziker.ag\/fr\/\",\"logo\":{\"@type\":\"ImageObject\",\"inLanguage\":\"fr-FR\",\"@id\":\"https:\/\/hunziker.ag\/fr\/#\/schema\/logo\/image\/\",\"url\":\"https:\/\/hunziker.ag\/wp-content\/uploads\/2021\/05\/Favicon_01.png\",\"contentUrl\":\"https:\/\/hunziker.ag\/wp-content\/uploads\/2021\/05\/Favicon_01.png\",\"width\":512,\"height\":512,\"caption\":\"Hunziker AG\"},\"image\":{\"@id\":\"https:\/\/hunziker.ag\/fr\/#\/schema\/logo\/image\/\"},\"sameAs\":[\"https:\/\/www.facebook.com\/hunzikerag\",\"https:\/\/www.instagram.com\/hunzikerag\/\",\"https:\/\/www.linkedin.com\/company\/3173208\/\"]},{\"@type\":\"Person\",\"@id\":\"https:\/\/hunziker.ag\/fr\/#\/schema\/person\/5ba60237fbbb91cea570f311bd09f036\",\"name\":\"hunziker\",\"sameAs\":[\"https:\/\/hunziker.ag\"]}]}<\/script>\n<!-- \/ Yoast SEO plugin. -->","yoast_head_json":{"title":"GREENFIELD FESTIVAL, INTERLAKEN - Hunziker AG","robots":{"index":"index","follow":"follow","max-snippet":"max-snippet:-1","max-image-preview":"max-image-preview:large","max-video-preview":"max-video-preview:-1"},"canonical":"https:\/\/hunziker.ag\/fr\/2023\/06\/15\/greenfield-festival-interlaken\/","og_locale":"fr_FR","og_type":"article","og_title":"GREENFIELD FESTIVAL, INTERLAKEN - Hunziker AG","og_description":"Trois jours de musique rock et metal, 72'000 fans, une mer de campervans, de bus et de tentes pour dormir, un stand de tatouage, un march\u00e9 de freaks et m\u00e9di\u00e9val - ce m\u00e9lange color\u00e9 n'existe que sur le Greenfield Festival \u00e0 Interlaken.","og_url":"https:\/\/hunziker.ag\/fr\/2023\/06\/15\/greenfield-festival-interlaken\/","og_site_name":"Hunziker AG","article_publisher":"https:\/\/www.facebook.com\/hunzikerag","article_published_time":"2023-06-15T12:10:46+00:00","article_modified_time":"2025-11-14T09:58:23+00:00","og_image":[{"width":2560,"height":1920,"url":"https:\/\/hunziker.ag\/wp-content\/uploads\/2023\/03\/Greenfield_2019_20190613_212523-scaled.jpg","type":"image\/jpeg"}],"author":"hunziker","twitter_card":"summary_large_image","twitter_misc":{"\u00c9crit par":"hunziker"},"schema":{"@context":"https:\/\/schema.org","@graph":[{"@type":"Article","@id":"https:\/\/hunziker.ag\/fr\/2023\/06\/15\/greenfield-festival-interlaken\/#article","isPartOf":{"@id":"https:\/\/hunziker.ag\/fr\/2023\/06\/15\/greenfield-festival-interlaken\/"},"author":{"name":"hunziker","@id":"https:\/\/hunziker.ag\/fr\/#\/schema\/person\/5ba60237fbbb91cea570f311bd09f036"},"headline":"GREENFIELD FESTIVAL, INTERLAKEN","datePublished":"2023-06-15T12:10:46+00:00","dateModified":"2025-11-14T09:58:23+00:00","mainEntityOfPage":{"@id":"https:\/\/hunziker.ag\/fr\/2023\/06\/15\/greenfield-festival-interlaken\/"},"wordCount":38,"publisher":{"@id":"https:\/\/hunziker.ag\/fr\/#organization"},"image":{"@id":"https:\/\/hunziker.ag\/fr\/2023\/06\/15\/greenfield-festival-interlaken\/#primaryimage"},"thumbnailUrl":"https:\/\/hunziker.ag\/wp-content\/uploads\/2023\/03\/Greenfield_2019_20190613_212523-scaled.jpg","articleSection":["Kultur"],"inLanguage":"fr-FR"},{"@type":"WebPage","@id":"https:\/\/hunziker.ag\/fr\/2023\/06\/15\/greenfield-festival-interlaken\/","url":"https:\/\/hunziker.ag\/fr\/2023\/06\/15\/greenfield-festival-interlaken\/","name":"GREENFIELD FESTIVAL, INTERLAKEN - Hunziker AG","isPartOf":{"@id":"https:\/\/hunziker.ag\/fr\/#website"},"primaryImageOfPage":{"@id":"https:\/\/hunziker.ag\/fr\/2023\/06\/15\/greenfield-festival-interlaken\/#primaryimage"},"image":{"@id":"https:\/\/hunziker.ag\/fr\/2023\/06\/15\/greenfield-festival-interlaken\/#primaryimage"},"thumbnailUrl":"https:\/\/hunziker.ag\/wp-content\/uploads\/2023\/03\/Greenfield_2019_20190613_212523-scaled.jpg","datePublished":"2023-06-15T12:10:46+00:00","dateModified":"2025-11-14T09:58:23+00:00","breadcrumb":{"@id":"https:\/\/hunziker.ag\/fr\/2023\/06\/15\/greenfield-festival-interlaken\/#breadcrumb"},"inLanguage":"fr-FR","potentialAction":[{"@type":"ReadAction","target":["https:\/\/hunziker.ag\/fr\/2023\/06\/15\/greenfield-festival-interlaken\/"]}]},{"@type":"ImageObject","inLanguage":"fr-FR","@id":"https:\/\/hunziker.ag\/fr\/2023\/06\/15\/greenfield-festival-interlaken\/#primaryimage","url":"https:\/\/hunziker.ag\/wp-content\/uploads\/2023\/03\/Greenfield_2019_20190613_212523-scaled.jpg","contentUrl":"https:\/\/hunziker.ag\/wp-content\/uploads\/2023\/03\/Greenfield_2019_20190613_212523-scaled.jpg","width":2560,"height":1920},{"@type":"BreadcrumbList","@id":"https:\/\/hunziker.ag\/fr\/2023\/06\/15\/greenfield-festival-interlaken\/#breadcrumb","itemListElement":[{"@type":"ListItem","position":1,"name":"Startseite","item":"https:\/\/hunziker.ag\/fr\/home\/"},{"@type":"ListItem","position":2,"name":"GREENFIELD FESTIVAL, INTERLAKEN"}]},{"@type":"WebSite","@id":"https:\/\/hunziker.ag\/fr\/#website","url":"https:\/\/hunziker.ag\/fr\/","name":"Hunziker AG","description":"Mobile Bauten in jeder Dimension","publisher":{"@id":"https:\/\/hunziker.ag\/fr\/#organization"},"potentialAction":[{"@type":"SearchAction","target":{"@type":"EntryPoint","urlTemplate":"https:\/\/hunziker.ag\/fr\/?s={search_term_string}"},"query-input":{"@type":"PropertyValueSpecification","valueRequired":true,"valueName":"search_term_string"}}],"inLanguage":"fr-FR"},{"@type":"Organization","@id":"https:\/\/hunziker.ag\/fr\/#organization","name":"Hunziker AG","url":"https:\/\/hunziker.ag\/fr\/","logo":{"@type":"ImageObject","inLanguage":"fr-FR","@id":"https:\/\/hunziker.ag\/fr\/#\/schema\/logo\/image\/","url":"https:\/\/hunziker.ag\/wp-content\/uploads\/2021\/05\/Favicon_01.png","contentUrl":"https:\/\/hunziker.ag\/wp-content\/uploads\/2021\/05\/Favicon_01.png","width":512,"height":512,"caption":"Hunziker AG"},"image":{"@id":"https:\/\/hunziker.ag\/fr\/#\/schema\/logo\/image\/"},"sameAs":["https:\/\/www.facebook.com\/hunzikerag","https:\/\/www.instagram.com\/hunzikerag\/","https:\/\/www.linkedin.com\/company\/3173208\/"]},{"@type":"Person","@id":"https:\/\/hunziker.ag\/fr\/#\/schema\/person\/5ba60237fbbb91cea570f311bd09f036","name":"hunziker","sameAs":["https:\/\/hunziker.ag"]}]}},"_links":{"self":[{"href":"https:\/\/hunziker.ag\/fr\/wp-json\/wp\/v2\/posts\/8781","targetHints":{"allow":["GET"]}}],"collection":[{"href":"https:\/\/hunziker.ag\/fr\/wp-json\/wp\/v2\/posts"}],"about":[{"href":"https:\/\/hunziker.ag\/fr\/wp-json\/wp\/v2\/types\/post"}],"author":[{"embeddable":true,"href":"https:\/\/hunziker.ag\/fr\/wp-json\/wp\/v2\/users\/2"}],"replies":[{"embeddable":true,"href":"https:\/\/hunziker.ag\/fr\/wp-json\/wp\/v2\/comments?post=8781"}],"version-history":[{"count":2,"href":"https:\/\/hunziker.ag\/fr\/wp-json\/wp\/v2\/posts\/8781\/revisions"}],"predecessor-version":[{"id":10168,"href":"https:\/\/hunziker.ag\/fr\/wp-json\/wp\/v2\/posts\/8781\/revisions\/10168"}],"wp:featuredmedia":[{"embeddable":true,"href":"https:\/\/hunziker.ag\/fr\/wp-json\/wp\/v2\/media\/8208"}],"wp:attachment":[{"href":"https:\/\/hunziker.ag\/fr\/wp-json\/wp\/v2\/media?parent=8781"}],"wp:term":[{"taxonomy":"category","embeddable":true,"href":"https:\/\/hunziker.ag\/fr\/wp-json\/wp\/v2\/categories?post=8781"},{"taxonomy":"post_tag","embeddable":true,"href":"https:\/\/hunziker.ag\/fr\/wp-json\/wp\/v2\/tags?post=8781"}],"curies":[{"name":"wp","href":"https:\/\/api.w.org\/{rel}","templated":true}]}}