{"id":8780,"date":"2019-06-23T12:24:08","date_gmt":"2019-06-23T10:24:08","guid":{"rendered":"https:\/\/hunziker.ag\/2019\/06\/23\/fete-federale-de-gymnastique-aarau\/"},"modified":"2025-11-14T11:01:54","modified_gmt":"2025-11-14T10:01:54","slug":"fete-federale-de-gymnastique-aarau","status":"publish","type":"post","link":"https:\/\/hunziker.ag\/fr\/2019\/06\/23\/fete-federale-de-gymnastique-aarau\/","title":{"rendered":"F\u00caTE F\u00c9D\u00c9RALE DE GYMNASTIQUE AARAU"},"content":{"rendered":"\t\t<div data-elementor-type=\"wp-post\" data-elementor-id=\"8780\" class=\"elementor elementor-8780 elementor-3839\" data-elementor-post-type=\"post\">\n\t\t\t\t\t\t<section class=\"elementor-section elementor-top-section elementor-element elementor-element-96e0748 elementor-section-height-min-height elementor-section-content-middle elementor-section-boxed elementor-section-height-default elementor-section-items-middle\" data-id=\"96e0748\" data-element_type=\"section\" data-settings=\"{&quot;background_background&quot;:&quot;classic&quot;}\">\n\t\t\t\t\t\t<div class=\"elementor-container elementor-column-gap-default\">\n\t\t\t\t\t<div class=\"elementor-column elementor-col-100 elementor-top-column elementor-element elementor-element-5f71a1d5\" data-id=\"5f71a1d5\" data-element_type=\"column\" data-settings=\"{&quot;background_background&quot;:&quot;classic&quot;}\">\n\t\t\t<div class=\"elementor-widget-wrap elementor-element-populated\">\n\t\t\t\t\t\t<section class=\"elementor-section elementor-inner-section elementor-element elementor-element-12383b06 elementor-section-content-middle elementor-section-boxed elementor-section-height-default elementor-section-height-default\" data-id=\"12383b06\" data-element_type=\"section\">\n\t\t\t\t\t\t<div class=\"elementor-container elementor-column-gap-default\">\n\t\t\t\t\t<div class=\"elementor-column elementor-col-50 elementor-inner-column elementor-element elementor-element-5d2bd11e\" data-id=\"5d2bd11e\" data-element_type=\"column\">\n\t\t\t<div class=\"elementor-widget-wrap elementor-element-populated\">\n\t\t\t\t\t\t<div class=\"elementor-element elementor-element-22f4f98 elementor-widget elementor-widget-theme-post-title elementor-page-title elementor-widget-heading\" data-id=\"22f4f98\" data-element_type=\"widget\" data-widget_type=\"theme-post-title.default\">\n\t\t\t\t<div class=\"elementor-widget-container\">\n\t\t\t\t\t<h1 class=\"elementor-heading-title elementor-size-default\">F\u00caTE F\u00c9D\u00c9RALE DE GYMNASTIQUE AARAU<\/h1>\t\t\t\t<\/div>\n\t\t\t\t<\/div>\n\t\t\t\t<div class=\"elementor-element elementor-element-8225043 elementor-widget elementor-widget-theme-post-excerpt\" data-id=\"8225043\" data-element_type=\"widget\" data-widget_type=\"theme-post-excerpt.default\">\n\t\t\t\t<div class=\"elementor-widget-container\">\n\t\t\t\t\tPour la F\u00eate f\u00e9d\u00e9rale de gymnastique \u00e0 Aarau, Hunziker AG a mis en place de vastes infrastructures.\t\t\t\t<\/div>\n\t\t\t\t<\/div>\n\t\t\t\t<div class=\"elementor-element elementor-element-68d60641 elementor-widget elementor-widget-text-editor\" data-id=\"68d60641\" data-element_type=\"widget\" data-widget_type=\"text-editor.default\">\n\t\t\t\t<div class=\"elementor-widget-container\">\n\t\t\t\t\t\t\t\t\t<p>Etendue du projet : planification et logistique ; 7 semaines de montage, installations de tribunes avec plus de 5&rsquo;000 places assises, 19&rsquo;700m2 de tentes, 15&rsquo;000 places assises sur des garnitures de tables Hunziker, sc\u00e8ne de spectacle avec 520m2 de surface jouable et une hauteur int\u00e9rieure de 12,42m.<\/p>\t\t\t\t\t\t\t\t<\/div>\n\t\t\t\t<\/div>\n\t\t\t\t<div class=\"elementor-element elementor-element-6fa8684 elementor-align-left elementor-widget elementor-widget-button\" data-id=\"6fa8684\" data-element_type=\"widget\" data-widget_type=\"button.default\">\n\t\t\t\t<div class=\"elementor-widget-container\">\n\t\t\t\t\t\t\t\t\t<div class=\"elementor-button-wrapper\">\n\t\t\t\t\t<a class=\"elementor-button elementor-size-sm\" role=\"button\" id=\"back-button\">\n\t\t\t\t\t\t<span class=\"elementor-button-content-wrapper\">\n\t\t\t\t\t\t<span class=\"elementor-button-icon\">\n\t\t\t\t<i aria-hidden=\"true\" class=\"fas fa-arrow-left\"><\/i>\t\t\t<\/span>\n\t\t\t\t\t\t\t\t\t<span class=\"elementor-button-text\">Retour<\/span>\n\t\t\t\t\t<\/span>\n\t\t\t\t\t<\/a>\n\t\t\t\t<\/div>\n\t\t\t\t\t\t\t\t<\/div>\n\t\t\t\t<\/div>\n\t\t\t\t\t<\/div>\n\t\t<\/div>\n\t\t\t\t<div class=\"elementor-column elementor-col-50 elementor-inner-column elementor-element elementor-element-53828765\" data-id=\"53828765\" data-element_type=\"column\">\n\t\t\t<div class=\"elementor-widget-wrap elementor-element-populated\">\n\t\t\t\t\t\t<div class=\"elementor-element elementor-element-198b7036 elementor-pagination-position-outside elementor-widget elementor-widget-image-carousel\" data-id=\"198b7036\" data-element_type=\"widget\" data-settings=\"{&quot;slides_to_show&quot;:&quot;1&quot;,&quot;navigation&quot;:&quot;dots&quot;,&quot;slides_to_show_tablet&quot;:&quot;1&quot;,&quot;autoplay&quot;:&quot;yes&quot;,&quot;pause_on_hover&quot;:&quot;yes&quot;,&quot;pause_on_interaction&quot;:&quot;yes&quot;,&quot;autoplay_speed&quot;:5000,&quot;infinite&quot;:&quot;yes&quot;,&quot;effect&quot;:&quot;slide&quot;,&quot;speed&quot;:500}\" data-widget_type=\"image-carousel.default\">\n\t\t\t\t<div class=\"elementor-widget-container\">\n\t\t\t\t\t\t\t<div class=\"elementor-image-carousel-wrapper swiper\" role=\"region\" aria-roledescription=\"carousel\" aria-label=\"Carrousel d\u2019images\" dir=\"ltr\">\n\t\t\t<div class=\"elementor-image-carousel swiper-wrapper\" aria-live=\"off\">\n\t\t\t\t\t\t\t\t<div class=\"swiper-slide\" role=\"group\" aria-roledescription=\"slide\" aria-label=\"1 sur 4\"><a data-elementor-open-lightbox=\"yes\" data-elementor-lightbox-slideshow=\"198b7036\" data-e-action-hash=\"#elementor-action%3Aaction%3Dlightbox%26settings%3DeyJpZCI6ODE5MywidXJsIjoiaHR0cHM6XC9cL2h1bnppa2VyLmFnXC93cC1jb250ZW50XC91cGxvYWRzXC8yMDIzXC8wM1wvQWFyYXVfZWlkZ19UdXJuZmVzdF9BRkczMjExLXNjYWxlZC5qcGciLCJzbGlkZXNob3ciOiIxOThiNzAzNiJ9\" href=\"https:\/\/hunziker.ag\/wp-content\/uploads\/2023\/03\/Aarau_eidg_Turnfest_AFG3211-scaled.jpg\"><figure class=\"swiper-slide-inner\"><img decoding=\"async\" class=\"swiper-slide-image\" src=\"https:\/\/hunziker.ag\/wp-content\/uploads\/2023\/03\/Aarau_eidg_Turnfest_AFG3211-scaled.jpg\" alt=\"Louer un chapiteau \u00e9v\u00e8nementiel, louer une tente de r\u00e9ception\" \/><\/figure><\/a><\/div><div class=\"swiper-slide\" role=\"group\" aria-roledescription=\"slide\" aria-label=\"2 sur 4\"><a data-elementor-open-lightbox=\"yes\" data-elementor-lightbox-slideshow=\"198b7036\" data-e-action-hash=\"#elementor-action%3Aaction%3Dlightbox%26settings%3DeyJpZCI6ODE5NCwidXJsIjoiaHR0cHM6XC9cL2h1bnppa2VyLmFnXC93cC1jb250ZW50XC91cGxvYWRzXC8yMDIzXC8wM1wvQWFyYXVfZWlkZ19UdXJuZmVzdF9BRkczNDQxLUhEUi1zY2FsZWQuanBnIiwic2xpZGVzaG93IjoiMTk4YjcwMzYifQ%3D%3D\" href=\"https:\/\/hunziker.ag\/wp-content\/uploads\/2023\/03\/Aarau_eidg_Turnfest_AFG3441-HDR-scaled.jpg\"><figure class=\"swiper-slide-inner\"><img decoding=\"async\" class=\"swiper-slide-image\" src=\"https:\/\/hunziker.ag\/wp-content\/uploads\/2023\/03\/Aarau_eidg_Turnfest_AFG3441-HDR-scaled.jpg\" alt=\"Louer une sc\u00e8ne, sc\u00e8ne en plein air, louer un chapiteau, louer une tribune\" \/><\/figure><\/a><\/div><div class=\"swiper-slide\" role=\"group\" aria-roledescription=\"slide\" aria-label=\"3 sur 4\"><a data-elementor-open-lightbox=\"yes\" data-elementor-lightbox-slideshow=\"198b7036\" data-e-action-hash=\"#elementor-action%3Aaction%3Dlightbox%26settings%3DeyJpZCI6ODE5NSwidXJsIjoiaHR0cHM6XC9cL2h1bnppa2VyLmFnXC93cC1jb250ZW50XC91cGxvYWRzXC8yMDIzXC8wM1wvQWFyYXVfZWlkZ19UdXJuZmVzdF9BRkczNzI1LXNjYWxlZC5qcGciLCJzbGlkZXNob3ciOiIxOThiNzAzNiJ9\" href=\"https:\/\/hunziker.ag\/wp-content\/uploads\/2023\/03\/Aarau_eidg_Turnfest_AFG3725-scaled.jpg\"><figure class=\"swiper-slide-inner\"><img decoding=\"async\" class=\"swiper-slide-image\" src=\"https:\/\/hunziker.ag\/wp-content\/uploads\/2023\/03\/Aarau_eidg_Turnfest_AFG3725-scaled.jpg\" alt=\"Louer un chapiteau\" \/><\/figure><\/a><\/div><div class=\"swiper-slide\" role=\"group\" aria-roledescription=\"slide\" aria-label=\"4 sur 4\"><a data-elementor-open-lightbox=\"yes\" data-elementor-lightbox-slideshow=\"198b7036\" data-e-action-hash=\"#elementor-action%3Aaction%3Dlightbox%26settings%3DeyJpZCI6ODE5NiwidXJsIjoiaHR0cHM6XC9cL2h1bnppa2VyLmFnXC93cC1jb250ZW50XC91cGxvYWRzXC8yMDIzXC8wM1wvQWFyYXVfZWlkZ19UdXJuZmVzdF9BRkczNzU5LUhEUi1zY2FsZWQuanBnIiwic2xpZGVzaG93IjoiMTk4YjcwMzYifQ%3D%3D\" href=\"https:\/\/hunziker.ag\/wp-content\/uploads\/2023\/03\/Aarau_eidg_Turnfest_AFG3759-HDR-scaled.jpg\"><figure class=\"swiper-slide-inner\"><img decoding=\"async\" class=\"swiper-slide-image\" src=\"https:\/\/hunziker.ag\/wp-content\/uploads\/2023\/03\/Aarau_eidg_Turnfest_AFG3759-HDR-scaled.jpg\" alt=\"Louer une sc\u00e8ne, sc\u00e8ne en plein air, louer un chapiteau, louer une tribune\" \/><\/figure><\/a><\/div>\t\t\t<\/div>\n\t\t\t\t\t\t\t\n\t\t\t\t\t\t\t\t\t<div class=\"swiper-pagination\"><\/div>\n\t\t\t\t\t\t\t\t\t<\/div>\n\t\t\t\t\t\t<\/div>\n\t\t\t\t<\/div>\n\t\t\t\t\t<\/div>\n\t\t<\/div>\n\t\t\t\t\t<\/div>\n\t\t<\/section>\n\t\t\t\t\t<\/div>\n\t\t<\/div>\n\t\t\t\t\t<\/div>\n\t\t<\/section>\n\t\t\t\t<\/div>\n\t\t","protected":false},"excerpt":{"rendered":"<p>Pour la F\u00eate f\u00e9d\u00e9rale de gymnastique \u00e0 Aarau, Hunziker AG a mis en place de vastes infrastructures.<\/p>\n","protected":false},"author":2,"featured_media":8196,"comment_status":"closed","ping_status":"closed","sticky":false,"template":"elementor_header_footer","format":"standard","meta":{"footnotes":""},"categories":[72],"tags":[],"class_list":["post-8780","post","type-post","status-publish","format-standard","has-post-thumbnail","hentry","category-sport-fr"],"yoast_head":"<!-- This site is optimized with the Yoast SEO plugin v26.4 - https:\/\/yoast.com\/wordpress\/plugins\/seo\/ -->\n<title>F\u00caTE F\u00c9D\u00c9RALE DE GYMNASTIQUE AARAU - Hunziker AG<\/title>\n<meta name=\"robots\" content=\"index, follow, max-snippet:-1, max-image-preview:large, max-video-preview:-1\" \/>\n<link rel=\"canonical\" href=\"https:\/\/hunziker.ag\/fr\/2019\/06\/23\/fete-federale-de-gymnastique-aarau\/\" \/>\n<meta property=\"og:locale\" content=\"fr_FR\" \/>\n<meta property=\"og:type\" content=\"article\" \/>\n<meta property=\"og:title\" content=\"F\u00caTE F\u00c9D\u00c9RALE DE GYMNASTIQUE AARAU - Hunziker AG\" \/>\n<meta property=\"og:description\" content=\"Pour la F\u00eate f\u00e9d\u00e9rale de gymnastique \u00e0 Aarau, Hunziker AG a mis en place de vastes infrastructures.\" \/>\n<meta property=\"og:url\" content=\"https:\/\/hunziker.ag\/fr\/2019\/06\/23\/fete-federale-de-gymnastique-aarau\/\" \/>\n<meta property=\"og:site_name\" content=\"Hunziker AG\" \/>\n<meta property=\"article:publisher\" content=\"https:\/\/www.facebook.com\/hunzikerag\" \/>\n<meta property=\"article:published_time\" content=\"2019-06-23T10:24:08+00:00\" \/>\n<meta property=\"article:modified_time\" content=\"2025-11-14T10:01:54+00:00\" \/>\n<meta property=\"og:image\" content=\"https:\/\/hunziker.ag\/wp-content\/uploads\/2023\/03\/Aarau_eidg_Turnfest_AFG3759-HDR-scaled.jpg\" \/>\n\t<meta property=\"og:image:width\" content=\"2560\" \/>\n\t<meta property=\"og:image:height\" content=\"1709\" \/>\n\t<meta property=\"og:image:type\" content=\"image\/jpeg\" \/>\n<meta name=\"author\" content=\"hunziker\" \/>\n<meta name=\"twitter:card\" content=\"summary_large_image\" \/>\n<meta name=\"twitter:label1\" content=\"\u00c9crit par\" \/>\n\t<meta name=\"twitter:data1\" content=\"hunziker\" \/>\n<script type=\"application\/ld+json\" class=\"yoast-schema-graph\">{\"@context\":\"https:\/\/schema.org\",\"@graph\":[{\"@type\":\"Article\",\"@id\":\"https:\/\/hunziker.ag\/fr\/2019\/06\/23\/fete-federale-de-gymnastique-aarau\/#article\",\"isPartOf\":{\"@id\":\"https:\/\/hunziker.ag\/fr\/2019\/06\/23\/fete-federale-de-gymnastique-aarau\/\"},\"author\":{\"name\":\"hunziker\",\"@id\":\"https:\/\/hunziker.ag\/fr\/#\/schema\/person\/5ba60237fbbb91cea570f311bd09f036\"},\"headline\":\"F\u00caTE F\u00c9D\u00c9RALE DE GYMNASTIQUE AARAU\",\"datePublished\":\"2019-06-23T10:24:08+00:00\",\"dateModified\":\"2025-11-14T10:01:54+00:00\",\"mainEntityOfPage\":{\"@id\":\"https:\/\/hunziker.ag\/fr\/2019\/06\/23\/fete-federale-de-gymnastique-aarau\/\"},\"wordCount\":53,\"publisher\":{\"@id\":\"https:\/\/hunziker.ag\/fr\/#organization\"},\"image\":{\"@id\":\"https:\/\/hunziker.ag\/fr\/2019\/06\/23\/fete-federale-de-gymnastique-aarau\/#primaryimage\"},\"thumbnailUrl\":\"https:\/\/hunziker.ag\/wp-content\/uploads\/2023\/03\/Aarau_eidg_Turnfest_AFG3759-HDR-scaled.jpg\",\"articleSection\":[\"Sport\"],\"inLanguage\":\"fr-FR\"},{\"@type\":\"WebPage\",\"@id\":\"https:\/\/hunziker.ag\/fr\/2019\/06\/23\/fete-federale-de-gymnastique-aarau\/\",\"url\":\"https:\/\/hunziker.ag\/fr\/2019\/06\/23\/fete-federale-de-gymnastique-aarau\/\",\"name\":\"F\u00caTE F\u00c9D\u00c9RALE DE GYMNASTIQUE AARAU - Hunziker AG\",\"isPartOf\":{\"@id\":\"https:\/\/hunziker.ag\/fr\/#website\"},\"primaryImageOfPage\":{\"@id\":\"https:\/\/hunziker.ag\/fr\/2019\/06\/23\/fete-federale-de-gymnastique-aarau\/#primaryimage\"},\"image\":{\"@id\":\"https:\/\/hunziker.ag\/fr\/2019\/06\/23\/fete-federale-de-gymnastique-aarau\/#primaryimage\"},\"thumbnailUrl\":\"https:\/\/hunziker.ag\/wp-content\/uploads\/2023\/03\/Aarau_eidg_Turnfest_AFG3759-HDR-scaled.jpg\",\"datePublished\":\"2019-06-23T10:24:08+00:00\",\"dateModified\":\"2025-11-14T10:01:54+00:00\",\"breadcrumb\":{\"@id\":\"https:\/\/hunziker.ag\/fr\/2019\/06\/23\/fete-federale-de-gymnastique-aarau\/#breadcrumb\"},\"inLanguage\":\"fr-FR\",\"potentialAction\":[{\"@type\":\"ReadAction\",\"target\":[\"https:\/\/hunziker.ag\/fr\/2019\/06\/23\/fete-federale-de-gymnastique-aarau\/\"]}]},{\"@type\":\"ImageObject\",\"inLanguage\":\"fr-FR\",\"@id\":\"https:\/\/hunziker.ag\/fr\/2019\/06\/23\/fete-federale-de-gymnastique-aarau\/#primaryimage\",\"url\":\"https:\/\/hunziker.ag\/wp-content\/uploads\/2023\/03\/Aarau_eidg_Turnfest_AFG3759-HDR-scaled.jpg\",\"contentUrl\":\"https:\/\/hunziker.ag\/wp-content\/uploads\/2023\/03\/Aarau_eidg_Turnfest_AFG3759-HDR-scaled.jpg\",\"width\":2560,\"height\":1709,\"caption\":\"Louer une sc\u00e8ne, sc\u00e8ne en plein air, louer un chapiteau, louer une tribune\"},{\"@type\":\"BreadcrumbList\",\"@id\":\"https:\/\/hunziker.ag\/fr\/2019\/06\/23\/fete-federale-de-gymnastique-aarau\/#breadcrumb\",\"itemListElement\":[{\"@type\":\"ListItem\",\"position\":1,\"name\":\"Startseite\",\"item\":\"https:\/\/hunziker.ag\/fr\/home\/\"},{\"@type\":\"ListItem\",\"position\":2,\"name\":\"F\u00caTE F\u00c9D\u00c9RALE DE GYMNASTIQUE AARAU\"}]},{\"@type\":\"WebSite\",\"@id\":\"https:\/\/hunziker.ag\/fr\/#website\",\"url\":\"https:\/\/hunziker.ag\/fr\/\",\"name\":\"Hunziker AG\",\"description\":\"Mobile Bauten in jeder Dimension\",\"publisher\":{\"@id\":\"https:\/\/hunziker.ag\/fr\/#organization\"},\"potentialAction\":[{\"@type\":\"SearchAction\",\"target\":{\"@type\":\"EntryPoint\",\"urlTemplate\":\"https:\/\/hunziker.ag\/fr\/?s={search_term_string}\"},\"query-input\":{\"@type\":\"PropertyValueSpecification\",\"valueRequired\":true,\"valueName\":\"search_term_string\"}}],\"inLanguage\":\"fr-FR\"},{\"@type\":\"Organization\",\"@id\":\"https:\/\/hunziker.ag\/fr\/#organization\",\"name\":\"Hunziker AG\",\"url\":\"https:\/\/hunziker.ag\/fr\/\",\"logo\":{\"@type\":\"ImageObject\",\"inLanguage\":\"fr-FR\",\"@id\":\"https:\/\/hunziker.ag\/fr\/#\/schema\/logo\/image\/\",\"url\":\"https:\/\/hunziker.ag\/wp-content\/uploads\/2021\/05\/Favicon_01.png\",\"contentUrl\":\"https:\/\/hunziker.ag\/wp-content\/uploads\/2021\/05\/Favicon_01.png\",\"width\":512,\"height\":512,\"caption\":\"Hunziker AG\"},\"image\":{\"@id\":\"https:\/\/hunziker.ag\/fr\/#\/schema\/logo\/image\/\"},\"sameAs\":[\"https:\/\/www.facebook.com\/hunzikerag\",\"https:\/\/www.instagram.com\/hunzikerag\/\",\"https:\/\/www.linkedin.com\/company\/3173208\/\"]},{\"@type\":\"Person\",\"@id\":\"https:\/\/hunziker.ag\/fr\/#\/schema\/person\/5ba60237fbbb91cea570f311bd09f036\",\"name\":\"hunziker\",\"sameAs\":[\"https:\/\/hunziker.ag\"]}]}<\/script>\n<!-- \/ Yoast SEO plugin. -->","yoast_head_json":{"title":"F\u00caTE F\u00c9D\u00c9RALE DE GYMNASTIQUE AARAU - Hunziker AG","robots":{"index":"index","follow":"follow","max-snippet":"max-snippet:-1","max-image-preview":"max-image-preview:large","max-video-preview":"max-video-preview:-1"},"canonical":"https:\/\/hunziker.ag\/fr\/2019\/06\/23\/fete-federale-de-gymnastique-aarau\/","og_locale":"fr_FR","og_type":"article","og_title":"F\u00caTE F\u00c9D\u00c9RALE DE GYMNASTIQUE AARAU - Hunziker AG","og_description":"Pour la F\u00eate f\u00e9d\u00e9rale de gymnastique \u00e0 Aarau, Hunziker AG a mis en place de vastes infrastructures.","og_url":"https:\/\/hunziker.ag\/fr\/2019\/06\/23\/fete-federale-de-gymnastique-aarau\/","og_site_name":"Hunziker AG","article_publisher":"https:\/\/www.facebook.com\/hunzikerag","article_published_time":"2019-06-23T10:24:08+00:00","article_modified_time":"2025-11-14T10:01:54+00:00","og_image":[{"width":2560,"height":1709,"url":"https:\/\/hunziker.ag\/wp-content\/uploads\/2023\/03\/Aarau_eidg_Turnfest_AFG3759-HDR-scaled.jpg","type":"image\/jpeg"}],"author":"hunziker","twitter_card":"summary_large_image","twitter_misc":{"\u00c9crit par":"hunziker"},"schema":{"@context":"https:\/\/schema.org","@graph":[{"@type":"Article","@id":"https:\/\/hunziker.ag\/fr\/2019\/06\/23\/fete-federale-de-gymnastique-aarau\/#article","isPartOf":{"@id":"https:\/\/hunziker.ag\/fr\/2019\/06\/23\/fete-federale-de-gymnastique-aarau\/"},"author":{"name":"hunziker","@id":"https:\/\/hunziker.ag\/fr\/#\/schema\/person\/5ba60237fbbb91cea570f311bd09f036"},"headline":"F\u00caTE F\u00c9D\u00c9RALE DE GYMNASTIQUE AARAU","datePublished":"2019-06-23T10:24:08+00:00","dateModified":"2025-11-14T10:01:54+00:00","mainEntityOfPage":{"@id":"https:\/\/hunziker.ag\/fr\/2019\/06\/23\/fete-federale-de-gymnastique-aarau\/"},"wordCount":53,"publisher":{"@id":"https:\/\/hunziker.ag\/fr\/#organization"},"image":{"@id":"https:\/\/hunziker.ag\/fr\/2019\/06\/23\/fete-federale-de-gymnastique-aarau\/#primaryimage"},"thumbnailUrl":"https:\/\/hunziker.ag\/wp-content\/uploads\/2023\/03\/Aarau_eidg_Turnfest_AFG3759-HDR-scaled.jpg","articleSection":["Sport"],"inLanguage":"fr-FR"},{"@type":"WebPage","@id":"https:\/\/hunziker.ag\/fr\/2019\/06\/23\/fete-federale-de-gymnastique-aarau\/","url":"https:\/\/hunziker.ag\/fr\/2019\/06\/23\/fete-federale-de-gymnastique-aarau\/","name":"F\u00caTE F\u00c9D\u00c9RALE DE GYMNASTIQUE AARAU - Hunziker AG","isPartOf":{"@id":"https:\/\/hunziker.ag\/fr\/#website"},"primaryImageOfPage":{"@id":"https:\/\/hunziker.ag\/fr\/2019\/06\/23\/fete-federale-de-gymnastique-aarau\/#primaryimage"},"image":{"@id":"https:\/\/hunziker.ag\/fr\/2019\/06\/23\/fete-federale-de-gymnastique-aarau\/#primaryimage"},"thumbnailUrl":"https:\/\/hunziker.ag\/wp-content\/uploads\/2023\/03\/Aarau_eidg_Turnfest_AFG3759-HDR-scaled.jpg","datePublished":"2019-06-23T10:24:08+00:00","dateModified":"2025-11-14T10:01:54+00:00","breadcrumb":{"@id":"https:\/\/hunziker.ag\/fr\/2019\/06\/23\/fete-federale-de-gymnastique-aarau\/#breadcrumb"},"inLanguage":"fr-FR","potentialAction":[{"@type":"ReadAction","target":["https:\/\/hunziker.ag\/fr\/2019\/06\/23\/fete-federale-de-gymnastique-aarau\/"]}]},{"@type":"ImageObject","inLanguage":"fr-FR","@id":"https:\/\/hunziker.ag\/fr\/2019\/06\/23\/fete-federale-de-gymnastique-aarau\/#primaryimage","url":"https:\/\/hunziker.ag\/wp-content\/uploads\/2023\/03\/Aarau_eidg_Turnfest_AFG3759-HDR-scaled.jpg","contentUrl":"https:\/\/hunziker.ag\/wp-content\/uploads\/2023\/03\/Aarau_eidg_Turnfest_AFG3759-HDR-scaled.jpg","width":2560,"height":1709,"caption":"Louer une sc\u00e8ne, sc\u00e8ne en plein air, louer un chapiteau, louer une tribune"},{"@type":"BreadcrumbList","@id":"https:\/\/hunziker.ag\/fr\/2019\/06\/23\/fete-federale-de-gymnastique-aarau\/#breadcrumb","itemListElement":[{"@type":"ListItem","position":1,"name":"Startseite","item":"https:\/\/hunziker.ag\/fr\/home\/"},{"@type":"ListItem","position":2,"name":"F\u00caTE F\u00c9D\u00c9RALE DE GYMNASTIQUE AARAU"}]},{"@type":"WebSite","@id":"https:\/\/hunziker.ag\/fr\/#website","url":"https:\/\/hunziker.ag\/fr\/","name":"Hunziker AG","description":"Mobile Bauten in jeder Dimension","publisher":{"@id":"https:\/\/hunziker.ag\/fr\/#organization"},"potentialAction":[{"@type":"SearchAction","target":{"@type":"EntryPoint","urlTemplate":"https:\/\/hunziker.ag\/fr\/?s={search_term_string}"},"query-input":{"@type":"PropertyValueSpecification","valueRequired":true,"valueName":"search_term_string"}}],"inLanguage":"fr-FR"},{"@type":"Organization","@id":"https:\/\/hunziker.ag\/fr\/#organization","name":"Hunziker AG","url":"https:\/\/hunziker.ag\/fr\/","logo":{"@type":"ImageObject","inLanguage":"fr-FR","@id":"https:\/\/hunziker.ag\/fr\/#\/schema\/logo\/image\/","url":"https:\/\/hunziker.ag\/wp-content\/uploads\/2021\/05\/Favicon_01.png","contentUrl":"https:\/\/hunziker.ag\/wp-content\/uploads\/2021\/05\/Favicon_01.png","width":512,"height":512,"caption":"Hunziker AG"},"image":{"@id":"https:\/\/hunziker.ag\/fr\/#\/schema\/logo\/image\/"},"sameAs":["https:\/\/www.facebook.com\/hunzikerag","https:\/\/www.instagram.com\/hunzikerag\/","https:\/\/www.linkedin.com\/company\/3173208\/"]},{"@type":"Person","@id":"https:\/\/hunziker.ag\/fr\/#\/schema\/person\/5ba60237fbbb91cea570f311bd09f036","name":"hunziker","sameAs":["https:\/\/hunziker.ag"]}]}},"_links":{"self":[{"href":"https:\/\/hunziker.ag\/fr\/wp-json\/wp\/v2\/posts\/8780","targetHints":{"allow":["GET"]}}],"collection":[{"href":"https:\/\/hunziker.ag\/fr\/wp-json\/wp\/v2\/posts"}],"about":[{"href":"https:\/\/hunziker.ag\/fr\/wp-json\/wp\/v2\/types\/post"}],"author":[{"embeddable":true,"href":"https:\/\/hunziker.ag\/fr\/wp-json\/wp\/v2\/users\/2"}],"replies":[{"embeddable":true,"href":"https:\/\/hunziker.ag\/fr\/wp-json\/wp\/v2\/comments?post=8780"}],"version-history":[{"count":1,"href":"https:\/\/hunziker.ag\/fr\/wp-json\/wp\/v2\/posts\/8780\/revisions"}],"predecessor-version":[{"id":8782,"href":"https:\/\/hunziker.ag\/fr\/wp-json\/wp\/v2\/posts\/8780\/revisions\/8782"}],"wp:featuredmedia":[{"embeddable":true,"href":"https:\/\/hunziker.ag\/fr\/wp-json\/wp\/v2\/media\/8196"}],"wp:attachment":[{"href":"https:\/\/hunziker.ag\/fr\/wp-json\/wp\/v2\/media?parent=8780"}],"wp:term":[{"taxonomy":"category","embeddable":true,"href":"https:\/\/hunziker.ag\/fr\/wp-json\/wp\/v2\/categories?post=8780"},{"taxonomy":"post_tag","embeddable":true,"href":"https:\/\/hunziker.ag\/fr\/wp-json\/wp\/v2\/tags?post=8780"}],"curies":[{"name":"wp","href":"https:\/\/api.w.org\/{rel}","templated":true}]}}