{"id":8777,"date":"2023-05-07T13:04:20","date_gmt":"2023-05-07T11:04:20","guid":{"rendered":"https:\/\/hunziker.ag\/2023\/05\/07\/luga-lucerne\/"},"modified":"2025-11-14T10:58:28","modified_gmt":"2025-11-14T09:58:28","slug":"luga-lucerne","status":"publish","type":"post","link":"https:\/\/hunziker.ag\/fr\/2023\/05\/07\/luga-lucerne\/","title":{"rendered":"LUGA, LUCERNE 2023"},"content":{"rendered":"\t\t<div data-elementor-type=\"wp-post\" data-elementor-id=\"8777\" class=\"elementor elementor-8777 elementor-3883\" data-elementor-post-type=\"post\">\n\t\t\t\t\t\t<section class=\"elementor-section elementor-top-section elementor-element elementor-element-a666e1c elementor-section-height-min-height elementor-section-content-middle elementor-section-boxed elementor-section-height-default elementor-section-items-middle\" data-id=\"a666e1c\" data-element_type=\"section\" data-settings=\"{&quot;background_background&quot;:&quot;classic&quot;}\">\n\t\t\t\t\t\t<div class=\"elementor-container elementor-column-gap-default\">\n\t\t\t\t\t<div class=\"elementor-column elementor-col-100 elementor-top-column elementor-element elementor-element-30542295\" data-id=\"30542295\" data-element_type=\"column\" data-settings=\"{&quot;background_background&quot;:&quot;classic&quot;}\">\n\t\t\t<div class=\"elementor-widget-wrap elementor-element-populated\">\n\t\t\t\t\t\t<section class=\"elementor-section elementor-inner-section elementor-element elementor-element-4544f77c elementor-section-content-middle elementor-section-boxed elementor-section-height-default elementor-section-height-default\" data-id=\"4544f77c\" data-element_type=\"section\">\n\t\t\t\t\t\t<div class=\"elementor-container elementor-column-gap-default\">\n\t\t\t\t\t<div class=\"elementor-column elementor-col-50 elementor-inner-column elementor-element elementor-element-5c174452\" data-id=\"5c174452\" data-element_type=\"column\">\n\t\t\t<div class=\"elementor-widget-wrap elementor-element-populated\">\n\t\t\t\t\t\t<div class=\"elementor-element elementor-element-556d743 elementor-widget elementor-widget-theme-post-title elementor-page-title elementor-widget-heading\" data-id=\"556d743\" data-element_type=\"widget\" data-widget_type=\"theme-post-title.default\">\n\t\t\t\t<div class=\"elementor-widget-container\">\n\t\t\t\t\t<h1 class=\"elementor-heading-title elementor-size-default\">LUGA, LUCERNE 2023<\/h1>\t\t\t\t<\/div>\n\t\t\t\t<\/div>\n\t\t\t\t<div class=\"elementor-element elementor-element-c00ba1d elementor-widget elementor-widget-theme-post-excerpt\" data-id=\"c00ba1d\" data-element_type=\"widget\" data-widget_type=\"theme-post-excerpt.default\">\n\t\t\t\t<div class=\"elementor-widget-container\">\n\t\t\t\t\tLa plus grande foire de printemps de Suisse centrale enthousiasme par son m\u00e9lange \u00e9clectique d'exposants, d'expositions sp\u00e9ciales et d'\u00e9v\u00e9nements et constitue un point fixe dans l'agenda de quelque 115'000 visiteurs. Sur une surface brute de 44'000 m2, quelque 450 exposants pr\u00e9sentent leur offre et plus de 300 manifestations assurent le divertissement. \t\t\t\t<\/div>\n\t\t\t\t<\/div>\n\t\t\t\t<div class=\"elementor-element elementor-element-3f8d83dc elementor-widget elementor-widget-text-editor\" data-id=\"3f8d83dc\" data-element_type=\"widget\" data-widget_type=\"text-editor.default\">\n\t\t\t\t<div class=\"elementor-widget-container\">\n\t\t\t\t\t\t\t\t\t<p>Ampleur du projet : planification et logistique, montage et d\u00e9montage de 4 halles de tentes ; pose de syst\u00e8mes de rev\u00eatement de sol et livraison d&rsquo;accessoires.<\/p>\t\t\t\t\t\t\t\t<\/div>\n\t\t\t\t<\/div>\n\t\t\t\t<div class=\"elementor-element elementor-element-6eb90f7 elementor-align-left elementor-widget elementor-widget-button\" data-id=\"6eb90f7\" data-element_type=\"widget\" data-widget_type=\"button.default\">\n\t\t\t\t<div class=\"elementor-widget-container\">\n\t\t\t\t\t\t\t\t\t<div class=\"elementor-button-wrapper\">\n\t\t\t\t\t<a class=\"elementor-button elementor-size-sm\" role=\"button\" id=\"back-button\">\n\t\t\t\t\t\t<span class=\"elementor-button-content-wrapper\">\n\t\t\t\t\t\t<span class=\"elementor-button-icon\">\n\t\t\t\t<i aria-hidden=\"true\" class=\"fas fa-arrow-left\"><\/i>\t\t\t<\/span>\n\t\t\t\t\t\t\t\t\t<span class=\"elementor-button-text\">Retour<\/span>\n\t\t\t\t\t<\/span>\n\t\t\t\t\t<\/a>\n\t\t\t\t<\/div>\n\t\t\t\t\t\t\t\t<\/div>\n\t\t\t\t<\/div>\n\t\t\t\t\t<\/div>\n\t\t<\/div>\n\t\t\t\t<div class=\"elementor-column elementor-col-50 elementor-inner-column elementor-element elementor-element-5699f3a3\" data-id=\"5699f3a3\" data-element_type=\"column\">\n\t\t\t<div class=\"elementor-widget-wrap elementor-element-populated\">\n\t\t\t\t\t\t<div class=\"elementor-element elementor-element-157b524d elementor-pagination-position-outside elementor-widget elementor-widget-image-carousel\" data-id=\"157b524d\" data-element_type=\"widget\" data-settings=\"{&quot;slides_to_show&quot;:&quot;1&quot;,&quot;navigation&quot;:&quot;dots&quot;,&quot;slides_to_show_tablet&quot;:&quot;1&quot;,&quot;autoplay&quot;:&quot;yes&quot;,&quot;pause_on_hover&quot;:&quot;yes&quot;,&quot;pause_on_interaction&quot;:&quot;yes&quot;,&quot;autoplay_speed&quot;:5000,&quot;infinite&quot;:&quot;yes&quot;,&quot;effect&quot;:&quot;slide&quot;,&quot;speed&quot;:500}\" data-widget_type=\"image-carousel.default\">\n\t\t\t\t<div class=\"elementor-widget-container\">\n\t\t\t\t\t\t\t<div class=\"elementor-image-carousel-wrapper swiper\" role=\"region\" aria-roledescription=\"carousel\" aria-label=\"Carrousel d\u2019images\" dir=\"ltr\">\n\t\t\t<div class=\"elementor-image-carousel swiper-wrapper\" aria-live=\"off\">\n\t\t\t\t\t\t\t\t<div class=\"swiper-slide\" role=\"group\" aria-roledescription=\"slide\" aria-label=\"1 sur 1\"><a data-elementor-open-lightbox=\"yes\" data-elementor-lightbox-slideshow=\"157b524d\" data-e-action-hash=\"#elementor-action%3Aaction%3Dlightbox%26settings%3DeyJpZCI6ODE5OSwidXJsIjoiaHR0cHM6XC9cL2h1bnppa2VyLmFnXC93cC1jb250ZW50XC91cGxvYWRzXC8yMDIzXC8wM1wvSFpfUkVfTV9MVUdBXzEuanBlZyIsInNsaWRlc2hvdyI6IjE1N2I1MjRkIn0%3D\" href=\"https:\/\/hunziker.ag\/wp-content\/uploads\/2023\/03\/HZ_RE_M_LUGA_1.jpeg\"><figure class=\"swiper-slide-inner\"><img decoding=\"async\" class=\"swiper-slide-image\" src=\"https:\/\/hunziker.ag\/wp-content\/uploads\/2023\/03\/HZ_RE_M_LUGA_1.jpeg\" alt=\"Louer un hall d&#039;exposition, louer un grand chapiteau\" \/><\/figure><\/a><\/div>\t\t\t<\/div>\n\t\t\t\t\t<\/div>\n\t\t\t\t\t\t<\/div>\n\t\t\t\t<\/div>\n\t\t\t\t<div class=\"elementor-element elementor-element-1b144bb elementor-widget elementor-widget-image\" data-id=\"1b144bb\" data-element_type=\"widget\" data-widget_type=\"image.default\">\n\t\t\t\t<div class=\"elementor-widget-container\">\n\t\t\t\t\t\t\t\t\t\t\t\t\t\t\t\t<a href=\"https:\/\/www.luga.ch\/de\" target=\"_blank\">\n\t\t\t\t\t\t\t<img decoding=\"async\" width=\"300\" height=\"156\" src=\"https:\/\/hunziker.ag\/wp-content\/uploads\/2023\/03\/f5aecc1ef10c018a80ee5e670a433c273232ceba7098ca0e678d29e0b2a513b6.png\" class=\"attachment-large size-large wp-image-8276\" alt=\"\" \/>\t\t\t\t\t\t\t\t<\/a>\n\t\t\t\t\t\t\t\t\t\t\t\t\t\t\t<\/div>\n\t\t\t\t<\/div>\n\t\t\t\t\t<\/div>\n\t\t<\/div>\n\t\t\t\t\t<\/div>\n\t\t<\/section>\n\t\t\t\t\t<\/div>\n\t\t<\/div>\n\t\t\t\t\t<\/div>\n\t\t<\/section>\n\t\t\t\t<\/div>\n\t\t","protected":false},"excerpt":{"rendered":"<p>La plus grande foire de printemps de Suisse centrale enthousiasme par son m\u00e9lange \u00e9clectique d&rsquo;exposants, d&rsquo;expositions sp\u00e9ciales et d&rsquo;\u00e9v\u00e9nements et constitue un point fixe dans l&rsquo;agenda de quelque 115&rsquo;000 visiteurs. Sur une surface brute de 44&rsquo;000 m2, quelque 450 exposants pr\u00e9sentent leur offre et plus de 300 manifestations assurent le divertissement. <\/p>\n","protected":false},"author":2,"featured_media":8199,"comment_status":"closed","ping_status":"open","sticky":false,"template":"elementor_header_footer","format":"standard","meta":{"footnotes":""},"categories":[75],"tags":[],"class_list":["post-8777","post","type-post","status-publish","format-standard","has-post-thumbnail","hentry","category-foires-et-salons"],"yoast_head":"<!-- This site is optimized with the Yoast SEO plugin v26.4 - https:\/\/yoast.com\/wordpress\/plugins\/seo\/ -->\n<title>LUGA, LUCERNE 2023 - Hunziker AG<\/title>\n<meta name=\"robots\" content=\"index, follow, max-snippet:-1, max-image-preview:large, max-video-preview:-1\" \/>\n<link rel=\"canonical\" href=\"https:\/\/hunziker.ag\/fr\/2023\/05\/07\/luga-lucerne\/\" \/>\n<meta property=\"og:locale\" content=\"fr_FR\" \/>\n<meta property=\"og:type\" content=\"article\" \/>\n<meta property=\"og:title\" content=\"LUGA, LUCERNE 2023 - Hunziker AG\" \/>\n<meta property=\"og:description\" content=\"La plus grande foire de printemps de Suisse centrale enthousiasme par son m\u00e9lange \u00e9clectique d&#039;exposants, d&#039;expositions sp\u00e9ciales et d&#039;\u00e9v\u00e9nements et constitue un point fixe dans l&#039;agenda de quelque 115&#039;000 visiteurs. Sur une surface brute de 44&#039;000 m2, quelque 450 exposants pr\u00e9sentent leur offre et plus de 300 manifestations assurent le divertissement.\" \/>\n<meta property=\"og:url\" content=\"https:\/\/hunziker.ag\/fr\/2023\/05\/07\/luga-lucerne\/\" \/>\n<meta property=\"og:site_name\" content=\"Hunziker AG\" \/>\n<meta property=\"article:publisher\" content=\"https:\/\/www.facebook.com\/hunzikerag\" \/>\n<meta property=\"article:published_time\" content=\"2023-05-07T11:04:20+00:00\" \/>\n<meta property=\"article:modified_time\" content=\"2025-11-14T09:58:28+00:00\" \/>\n<meta property=\"og:image\" content=\"https:\/\/hunziker.ag\/wp-content\/uploads\/2023\/03\/HZ_RE_M_LUGA_1.jpeg\" \/>\n\t<meta property=\"og:image:width\" content=\"1000\" \/>\n\t<meta property=\"og:image:height\" content=\"800\" \/>\n\t<meta property=\"og:image:type\" content=\"image\/jpeg\" \/>\n<meta name=\"author\" content=\"hunziker\" \/>\n<meta name=\"twitter:card\" content=\"summary_large_image\" \/>\n<meta name=\"twitter:label1\" content=\"\u00c9crit par\" \/>\n\t<meta name=\"twitter:data1\" content=\"hunziker\" \/>\n<script type=\"application\/ld+json\" class=\"yoast-schema-graph\">{\"@context\":\"https:\/\/schema.org\",\"@graph\":[{\"@type\":\"Article\",\"@id\":\"https:\/\/hunziker.ag\/fr\/2023\/05\/07\/luga-lucerne\/#article\",\"isPartOf\":{\"@id\":\"https:\/\/hunziker.ag\/fr\/2023\/05\/07\/luga-lucerne\/\"},\"author\":{\"name\":\"hunziker\",\"@id\":\"https:\/\/hunziker.ag\/fr\/#\/schema\/person\/5ba60237fbbb91cea570f311bd09f036\"},\"headline\":\"LUGA, LUCERNE 2023\",\"datePublished\":\"2023-05-07T11:04:20+00:00\",\"dateModified\":\"2025-11-14T09:58:28+00:00\",\"mainEntityOfPage\":{\"@id\":\"https:\/\/hunziker.ag\/fr\/2023\/05\/07\/luga-lucerne\/\"},\"wordCount\":30,\"publisher\":{\"@id\":\"https:\/\/hunziker.ag\/fr\/#organization\"},\"image\":{\"@id\":\"https:\/\/hunziker.ag\/fr\/2023\/05\/07\/luga-lucerne\/#primaryimage\"},\"thumbnailUrl\":\"https:\/\/hunziker.ag\/wp-content\/uploads\/2023\/03\/HZ_RE_M_LUGA_1.jpeg\",\"articleSection\":[\"Foires et salons\"],\"inLanguage\":\"fr-FR\"},{\"@type\":\"WebPage\",\"@id\":\"https:\/\/hunziker.ag\/fr\/2023\/05\/07\/luga-lucerne\/\",\"url\":\"https:\/\/hunziker.ag\/fr\/2023\/05\/07\/luga-lucerne\/\",\"name\":\"LUGA, LUCERNE 2023 - Hunziker AG\",\"isPartOf\":{\"@id\":\"https:\/\/hunziker.ag\/fr\/#website\"},\"primaryImageOfPage\":{\"@id\":\"https:\/\/hunziker.ag\/fr\/2023\/05\/07\/luga-lucerne\/#primaryimage\"},\"image\":{\"@id\":\"https:\/\/hunziker.ag\/fr\/2023\/05\/07\/luga-lucerne\/#primaryimage\"},\"thumbnailUrl\":\"https:\/\/hunziker.ag\/wp-content\/uploads\/2023\/03\/HZ_RE_M_LUGA_1.jpeg\",\"datePublished\":\"2023-05-07T11:04:20+00:00\",\"dateModified\":\"2025-11-14T09:58:28+00:00\",\"breadcrumb\":{\"@id\":\"https:\/\/hunziker.ag\/fr\/2023\/05\/07\/luga-lucerne\/#breadcrumb\"},\"inLanguage\":\"fr-FR\",\"potentialAction\":[{\"@type\":\"ReadAction\",\"target\":[\"https:\/\/hunziker.ag\/fr\/2023\/05\/07\/luga-lucerne\/\"]}]},{\"@type\":\"ImageObject\",\"inLanguage\":\"fr-FR\",\"@id\":\"https:\/\/hunziker.ag\/fr\/2023\/05\/07\/luga-lucerne\/#primaryimage\",\"url\":\"https:\/\/hunziker.ag\/wp-content\/uploads\/2023\/03\/HZ_RE_M_LUGA_1.jpeg\",\"contentUrl\":\"https:\/\/hunziker.ag\/wp-content\/uploads\/2023\/03\/HZ_RE_M_LUGA_1.jpeg\",\"width\":1000,\"height\":800,\"caption\":\"Louer un hall d'exposition, louer un grand chapiteau\"},{\"@type\":\"BreadcrumbList\",\"@id\":\"https:\/\/hunziker.ag\/fr\/2023\/05\/07\/luga-lucerne\/#breadcrumb\",\"itemListElement\":[{\"@type\":\"ListItem\",\"position\":1,\"name\":\"Startseite\",\"item\":\"https:\/\/hunziker.ag\/fr\/home\/\"},{\"@type\":\"ListItem\",\"position\":2,\"name\":\"LUGA, LUCERNE 2023\"}]},{\"@type\":\"WebSite\",\"@id\":\"https:\/\/hunziker.ag\/fr\/#website\",\"url\":\"https:\/\/hunziker.ag\/fr\/\",\"name\":\"Hunziker AG\",\"description\":\"Mobile Bauten in jeder Dimension\",\"publisher\":{\"@id\":\"https:\/\/hunziker.ag\/fr\/#organization\"},\"potentialAction\":[{\"@type\":\"SearchAction\",\"target\":{\"@type\":\"EntryPoint\",\"urlTemplate\":\"https:\/\/hunziker.ag\/fr\/?s={search_term_string}\"},\"query-input\":{\"@type\":\"PropertyValueSpecification\",\"valueRequired\":true,\"valueName\":\"search_term_string\"}}],\"inLanguage\":\"fr-FR\"},{\"@type\":\"Organization\",\"@id\":\"https:\/\/hunziker.ag\/fr\/#organization\",\"name\":\"Hunziker AG\",\"url\":\"https:\/\/hunziker.ag\/fr\/\",\"logo\":{\"@type\":\"ImageObject\",\"inLanguage\":\"fr-FR\",\"@id\":\"https:\/\/hunziker.ag\/fr\/#\/schema\/logo\/image\/\",\"url\":\"https:\/\/hunziker.ag\/wp-content\/uploads\/2021\/05\/Favicon_01.png\",\"contentUrl\":\"https:\/\/hunziker.ag\/wp-content\/uploads\/2021\/05\/Favicon_01.png\",\"width\":512,\"height\":512,\"caption\":\"Hunziker AG\"},\"image\":{\"@id\":\"https:\/\/hunziker.ag\/fr\/#\/schema\/logo\/image\/\"},\"sameAs\":[\"https:\/\/www.facebook.com\/hunzikerag\",\"https:\/\/www.instagram.com\/hunzikerag\/\",\"https:\/\/www.linkedin.com\/company\/3173208\/\"]},{\"@type\":\"Person\",\"@id\":\"https:\/\/hunziker.ag\/fr\/#\/schema\/person\/5ba60237fbbb91cea570f311bd09f036\",\"name\":\"hunziker\",\"sameAs\":[\"https:\/\/hunziker.ag\"]}]}<\/script>\n<!-- \/ Yoast SEO plugin. -->","yoast_head_json":{"title":"LUGA, LUCERNE 2023 - Hunziker AG","robots":{"index":"index","follow":"follow","max-snippet":"max-snippet:-1","max-image-preview":"max-image-preview:large","max-video-preview":"max-video-preview:-1"},"canonical":"https:\/\/hunziker.ag\/fr\/2023\/05\/07\/luga-lucerne\/","og_locale":"fr_FR","og_type":"article","og_title":"LUGA, LUCERNE 2023 - Hunziker AG","og_description":"La plus grande foire de printemps de Suisse centrale enthousiasme par son m\u00e9lange \u00e9clectique d'exposants, d'expositions sp\u00e9ciales et d'\u00e9v\u00e9nements et constitue un point fixe dans l'agenda de quelque 115'000 visiteurs. Sur une surface brute de 44'000 m2, quelque 450 exposants pr\u00e9sentent leur offre et plus de 300 manifestations assurent le divertissement.","og_url":"https:\/\/hunziker.ag\/fr\/2023\/05\/07\/luga-lucerne\/","og_site_name":"Hunziker AG","article_publisher":"https:\/\/www.facebook.com\/hunzikerag","article_published_time":"2023-05-07T11:04:20+00:00","article_modified_time":"2025-11-14T09:58:28+00:00","og_image":[{"width":1000,"height":800,"url":"https:\/\/hunziker.ag\/wp-content\/uploads\/2023\/03\/HZ_RE_M_LUGA_1.jpeg","type":"image\/jpeg"}],"author":"hunziker","twitter_card":"summary_large_image","twitter_misc":{"\u00c9crit par":"hunziker"},"schema":{"@context":"https:\/\/schema.org","@graph":[{"@type":"Article","@id":"https:\/\/hunziker.ag\/fr\/2023\/05\/07\/luga-lucerne\/#article","isPartOf":{"@id":"https:\/\/hunziker.ag\/fr\/2023\/05\/07\/luga-lucerne\/"},"author":{"name":"hunziker","@id":"https:\/\/hunziker.ag\/fr\/#\/schema\/person\/5ba60237fbbb91cea570f311bd09f036"},"headline":"LUGA, LUCERNE 2023","datePublished":"2023-05-07T11:04:20+00:00","dateModified":"2025-11-14T09:58:28+00:00","mainEntityOfPage":{"@id":"https:\/\/hunziker.ag\/fr\/2023\/05\/07\/luga-lucerne\/"},"wordCount":30,"publisher":{"@id":"https:\/\/hunziker.ag\/fr\/#organization"},"image":{"@id":"https:\/\/hunziker.ag\/fr\/2023\/05\/07\/luga-lucerne\/#primaryimage"},"thumbnailUrl":"https:\/\/hunziker.ag\/wp-content\/uploads\/2023\/03\/HZ_RE_M_LUGA_1.jpeg","articleSection":["Foires et salons"],"inLanguage":"fr-FR"},{"@type":"WebPage","@id":"https:\/\/hunziker.ag\/fr\/2023\/05\/07\/luga-lucerne\/","url":"https:\/\/hunziker.ag\/fr\/2023\/05\/07\/luga-lucerne\/","name":"LUGA, LUCERNE 2023 - Hunziker AG","isPartOf":{"@id":"https:\/\/hunziker.ag\/fr\/#website"},"primaryImageOfPage":{"@id":"https:\/\/hunziker.ag\/fr\/2023\/05\/07\/luga-lucerne\/#primaryimage"},"image":{"@id":"https:\/\/hunziker.ag\/fr\/2023\/05\/07\/luga-lucerne\/#primaryimage"},"thumbnailUrl":"https:\/\/hunziker.ag\/wp-content\/uploads\/2023\/03\/HZ_RE_M_LUGA_1.jpeg","datePublished":"2023-05-07T11:04:20+00:00","dateModified":"2025-11-14T09:58:28+00:00","breadcrumb":{"@id":"https:\/\/hunziker.ag\/fr\/2023\/05\/07\/luga-lucerne\/#breadcrumb"},"inLanguage":"fr-FR","potentialAction":[{"@type":"ReadAction","target":["https:\/\/hunziker.ag\/fr\/2023\/05\/07\/luga-lucerne\/"]}]},{"@type":"ImageObject","inLanguage":"fr-FR","@id":"https:\/\/hunziker.ag\/fr\/2023\/05\/07\/luga-lucerne\/#primaryimage","url":"https:\/\/hunziker.ag\/wp-content\/uploads\/2023\/03\/HZ_RE_M_LUGA_1.jpeg","contentUrl":"https:\/\/hunziker.ag\/wp-content\/uploads\/2023\/03\/HZ_RE_M_LUGA_1.jpeg","width":1000,"height":800,"caption":"Louer un hall d'exposition, louer un grand chapiteau"},{"@type":"BreadcrumbList","@id":"https:\/\/hunziker.ag\/fr\/2023\/05\/07\/luga-lucerne\/#breadcrumb","itemListElement":[{"@type":"ListItem","position":1,"name":"Startseite","item":"https:\/\/hunziker.ag\/fr\/home\/"},{"@type":"ListItem","position":2,"name":"LUGA, LUCERNE 2023"}]},{"@type":"WebSite","@id":"https:\/\/hunziker.ag\/fr\/#website","url":"https:\/\/hunziker.ag\/fr\/","name":"Hunziker AG","description":"Mobile Bauten in jeder Dimension","publisher":{"@id":"https:\/\/hunziker.ag\/fr\/#organization"},"potentialAction":[{"@type":"SearchAction","target":{"@type":"EntryPoint","urlTemplate":"https:\/\/hunziker.ag\/fr\/?s={search_term_string}"},"query-input":{"@type":"PropertyValueSpecification","valueRequired":true,"valueName":"search_term_string"}}],"inLanguage":"fr-FR"},{"@type":"Organization","@id":"https:\/\/hunziker.ag\/fr\/#organization","name":"Hunziker AG","url":"https:\/\/hunziker.ag\/fr\/","logo":{"@type":"ImageObject","inLanguage":"fr-FR","@id":"https:\/\/hunziker.ag\/fr\/#\/schema\/logo\/image\/","url":"https:\/\/hunziker.ag\/wp-content\/uploads\/2021\/05\/Favicon_01.png","contentUrl":"https:\/\/hunziker.ag\/wp-content\/uploads\/2021\/05\/Favicon_01.png","width":512,"height":512,"caption":"Hunziker AG"},"image":{"@id":"https:\/\/hunziker.ag\/fr\/#\/schema\/logo\/image\/"},"sameAs":["https:\/\/www.facebook.com\/hunzikerag","https:\/\/www.instagram.com\/hunzikerag\/","https:\/\/www.linkedin.com\/company\/3173208\/"]},{"@type":"Person","@id":"https:\/\/hunziker.ag\/fr\/#\/schema\/person\/5ba60237fbbb91cea570f311bd09f036","name":"hunziker","sameAs":["https:\/\/hunziker.ag"]}]}},"_links":{"self":[{"href":"https:\/\/hunziker.ag\/fr\/wp-json\/wp\/v2\/posts\/8777","targetHints":{"allow":["GET"]}}],"collection":[{"href":"https:\/\/hunziker.ag\/fr\/wp-json\/wp\/v2\/posts"}],"about":[{"href":"https:\/\/hunziker.ag\/fr\/wp-json\/wp\/v2\/types\/post"}],"author":[{"embeddable":true,"href":"https:\/\/hunziker.ag\/fr\/wp-json\/wp\/v2\/users\/2"}],"replies":[{"embeddable":true,"href":"https:\/\/hunziker.ag\/fr\/wp-json\/wp\/v2\/comments?post=8777"}],"version-history":[{"count":3,"href":"https:\/\/hunziker.ag\/fr\/wp-json\/wp\/v2\/posts\/8777\/revisions"}],"predecessor-version":[{"id":10170,"href":"https:\/\/hunziker.ag\/fr\/wp-json\/wp\/v2\/posts\/8777\/revisions\/10170"}],"wp:featuredmedia":[{"embeddable":true,"href":"https:\/\/hunziker.ag\/fr\/wp-json\/wp\/v2\/media\/8199"}],"wp:attachment":[{"href":"https:\/\/hunziker.ag\/fr\/wp-json\/wp\/v2\/media?parent=8777"}],"wp:term":[{"taxonomy":"category","embeddable":true,"href":"https:\/\/hunziker.ag\/fr\/wp-json\/wp\/v2\/categories?post=8777"},{"taxonomy":"post_tag","embeddable":true,"href":"https:\/\/hunziker.ag\/fr\/wp-json\/wp\/v2\/tags?post=8777"}],"curies":[{"name":"wp","href":"https:\/\/api.w.org\/{rel}","templated":true}]}}