{"id":8758,"date":"2023-04-24T14:15:10","date_gmt":"2023-04-24T12:15:10","guid":{"rendered":"https:\/\/hunziker.ag\/2023\/04\/24\/journees-musicales-de-stans-stans\/"},"modified":"2025-11-14T10:59:38","modified_gmt":"2025-11-14T09:59:38","slug":"journees-musicales-de-stans-stans","status":"publish","type":"post","link":"https:\/\/hunziker.ag\/fr\/2023\/04\/24\/journees-musicales-de-stans-stans\/","title":{"rendered":"JOURN\u00c9ES MUSICALES DE STANS, STANS"},"content":{"rendered":"\t\t<div data-elementor-type=\"wp-post\" data-elementor-id=\"8758\" class=\"elementor elementor-8758 elementor-3953\" data-elementor-post-type=\"post\">\n\t\t\t\t\t\t<section class=\"elementor-section elementor-top-section elementor-element elementor-element-622885b elementor-section-height-min-height elementor-section-content-middle elementor-section-boxed elementor-section-height-default elementor-section-items-middle\" data-id=\"622885b\" data-element_type=\"section\" data-settings=\"{&quot;background_background&quot;:&quot;classic&quot;}\">\n\t\t\t\t\t\t<div class=\"elementor-container elementor-column-gap-default\">\n\t\t\t\t\t<div class=\"elementor-column elementor-col-100 elementor-top-column elementor-element elementor-element-5d283b62\" data-id=\"5d283b62\" data-element_type=\"column\" data-settings=\"{&quot;background_background&quot;:&quot;classic&quot;}\">\n\t\t\t<div class=\"elementor-widget-wrap elementor-element-populated\">\n\t\t\t\t\t\t<section class=\"elementor-section elementor-inner-section elementor-element elementor-element-564bf75c elementor-section-content-middle elementor-section-boxed elementor-section-height-default elementor-section-height-default\" data-id=\"564bf75c\" data-element_type=\"section\">\n\t\t\t\t\t\t<div class=\"elementor-container elementor-column-gap-default\">\n\t\t\t\t\t<div class=\"elementor-column elementor-col-50 elementor-inner-column elementor-element elementor-element-23d143ad\" data-id=\"23d143ad\" data-element_type=\"column\">\n\t\t\t<div class=\"elementor-widget-wrap elementor-element-populated\">\n\t\t\t\t\t\t<div class=\"elementor-element elementor-element-5164252 elementor-widget elementor-widget-theme-post-title elementor-page-title elementor-widget-heading\" data-id=\"5164252\" data-element_type=\"widget\" data-widget_type=\"theme-post-title.default\">\n\t\t\t\t<div class=\"elementor-widget-container\">\n\t\t\t\t\t<h1 class=\"elementor-heading-title elementor-size-default\">JOURN\u00c9ES MUSICALES DE STANS, STANS<\/h1>\t\t\t\t<\/div>\n\t\t\t\t<\/div>\n\t\t\t\t<div class=\"elementor-element elementor-element-77a4376 elementor-widget elementor-widget-theme-post-excerpt\" data-id=\"77a4376\" data-element_type=\"widget\" data-widget_type=\"theme-post-excerpt.default\">\n\t\t\t\t<div class=\"elementor-widget-container\">\n\t\t\t\t\tChaque ann\u00e9e en avril, les Journ\u00e9es musicales de Stans se d\u00e9roulent sur les sc\u00e8nes. Avec des concerts de musique du monde, de jazz, de pop et de musique populaire ainsi qu'une offre gastronomique vari\u00e9e, les organisateurs du festival attirent de nombreux visiteurs dans le chef-lieu de Nidwald. \t\t\t\t<\/div>\n\t\t\t\t<\/div>\n\t\t\t\t<div class=\"elementor-element elementor-element-3fa4016 elementor-widget elementor-widget-text-editor\" data-id=\"3fa4016\" data-element_type=\"widget\" data-widget_type=\"text-editor.default\">\n\t\t\t\t<div class=\"elementor-widget-container\">\n\t\t\t\t\t\t\t\t\t<p>Ampleur du projet : planification, montage et d\u00e9montage de diff\u00e9rentes unit\u00e9s de tentes et de la tribune principale.<\/p>\t\t\t\t\t\t\t\t<\/div>\n\t\t\t\t<\/div>\n\t\t\t\t<div class=\"elementor-element elementor-element-6dab67c elementor-align-left elementor-widget elementor-widget-button\" data-id=\"6dab67c\" data-element_type=\"widget\" data-widget_type=\"button.default\">\n\t\t\t\t<div class=\"elementor-widget-container\">\n\t\t\t\t\t\t\t\t\t<div class=\"elementor-button-wrapper\">\n\t\t\t\t\t<a class=\"elementor-button elementor-size-sm\" role=\"button\" id=\"back-button\">\n\t\t\t\t\t\t<span class=\"elementor-button-content-wrapper\">\n\t\t\t\t\t\t<span class=\"elementor-button-icon\">\n\t\t\t\t<i aria-hidden=\"true\" class=\"fas fa-arrow-left\"><\/i>\t\t\t<\/span>\n\t\t\t\t\t\t\t\t\t<span class=\"elementor-button-text\">Retour<\/span>\n\t\t\t\t\t<\/span>\n\t\t\t\t\t<\/a>\n\t\t\t\t<\/div>\n\t\t\t\t\t\t\t\t<\/div>\n\t\t\t\t<\/div>\n\t\t\t\t\t<\/div>\n\t\t<\/div>\n\t\t\t\t<div class=\"elementor-column elementor-col-50 elementor-inner-column elementor-element elementor-element-43b0ac0f\" data-id=\"43b0ac0f\" data-element_type=\"column\">\n\t\t\t<div class=\"elementor-widget-wrap elementor-element-populated\">\n\t\t\t\t\t\t<div class=\"elementor-element elementor-element-2f28e737 elementor-pagination-position-outside elementor-widget elementor-widget-image-carousel\" data-id=\"2f28e737\" data-element_type=\"widget\" data-settings=\"{&quot;slides_to_show&quot;:&quot;1&quot;,&quot;navigation&quot;:&quot;dots&quot;,&quot;slides_to_show_tablet&quot;:&quot;1&quot;,&quot;autoplay&quot;:&quot;yes&quot;,&quot;pause_on_hover&quot;:&quot;yes&quot;,&quot;pause_on_interaction&quot;:&quot;yes&quot;,&quot;autoplay_speed&quot;:5000,&quot;infinite&quot;:&quot;yes&quot;,&quot;effect&quot;:&quot;slide&quot;,&quot;speed&quot;:500}\" data-widget_type=\"image-carousel.default\">\n\t\t\t\t<div class=\"elementor-widget-container\">\n\t\t\t\t\t\t\t<div class=\"elementor-image-carousel-wrapper swiper\" role=\"region\" aria-roledescription=\"carousel\" aria-label=\"Carrousel d\u2019images\" dir=\"ltr\">\n\t\t\t<div class=\"elementor-image-carousel swiper-wrapper\" aria-live=\"off\">\n\t\t\t\t\t\t\t\t<div class=\"swiper-slide\" role=\"group\" aria-roledescription=\"slide\" aria-label=\"1 sur 3\"><a data-elementor-open-lightbox=\"yes\" data-elementor-lightbox-slideshow=\"2f28e737\" data-e-action-hash=\"#elementor-action%3Aaction%3Dlightbox%26settings%3DeyJpZCI6ODIxMSwidXJsIjoiaHR0cHM6XC9cL2h1bnppa2VyLmFnXC93cC1jb250ZW50XC91cGxvYWRzXC8yMDIzXC8wM1wvcGt0YWdlLmpwZyIsInNsaWRlc2hvdyI6IjJmMjhlNzM3In0%3D\" href=\"https:\/\/hunziker.ag\/wp-content\/uploads\/2023\/03\/pktage.jpg\"><figure class=\"swiper-slide-inner\"><img decoding=\"async\" class=\"swiper-slide-image\" src=\"https:\/\/hunziker.ag\/wp-content\/uploads\/2023\/03\/pktage.jpg\" alt=\"Tente pointue, louer une tente VIP, tente de r\u00e9ception\" \/><\/figure><\/a><\/div><div class=\"swiper-slide\" role=\"group\" aria-roledescription=\"slide\" aria-label=\"2 sur 3\"><a data-elementor-open-lightbox=\"yes\" data-elementor-lightbox-slideshow=\"2f28e737\" data-e-action-hash=\"#elementor-action%3Aaction%3Dlightbox%26settings%3DeyJpZCI6ODIwOSwidXJsIjoiaHR0cHM6XC9cL2h1bnppa2VyLmFnXC93cC1jb250ZW50XC91cGxvYWRzXC8yMDIzXC8wM1wvU3RhbnNlX011c2lrdGFnZV8yMDE3X2dhbGxlcnlDb250ZW50LTQyNzU3ODU3Mi1zY2FsZWQuanBnIiwic2xpZGVzaG93IjoiMmYyOGU3MzcifQ%3D%3D\" href=\"https:\/\/hunziker.ag\/wp-content\/uploads\/2023\/03\/Stanse_Musiktage_2017_galleryContent-427578572-scaled.jpg\"><figure class=\"swiper-slide-inner\"><img decoding=\"async\" class=\"swiper-slide-image\" src=\"https:\/\/hunziker.ag\/wp-content\/uploads\/2023\/03\/Stanse_Musiktage_2017_galleryContent-427578572-scaled.jpg\" alt=\"Louer un chapiteau\" \/><\/figure><\/a><\/div><div class=\"swiper-slide\" role=\"group\" aria-roledescription=\"slide\" aria-label=\"3 sur 3\"><a data-elementor-open-lightbox=\"yes\" data-elementor-lightbox-slideshow=\"2f28e737\" data-e-action-hash=\"#elementor-action%3Aaction%3Dlightbox%26settings%3DeyJpZCI6ODIxMCwidXJsIjoiaHR0cHM6XC9cL2h1bnppa2VyLmFnXC93cC1jb250ZW50XC91cGxvYWRzXC8yMDIzXC8wM1wvU3RhbnNlX011c2lrdGFnZV8yMDE3X2dhbGxlcnlDb250ZW50LTE1NTgwOTU1Njgtc2NhbGVkLmpwZyIsInNsaWRlc2hvdyI6IjJmMjhlNzM3In0%3D\" href=\"https:\/\/hunziker.ag\/wp-content\/uploads\/2023\/03\/Stanse_Musiktage_2017_galleryContent-1558095568-scaled.jpg\"><figure class=\"swiper-slide-inner\"><img decoding=\"async\" class=\"swiper-slide-image\" src=\"https:\/\/hunziker.ag\/wp-content\/uploads\/2023\/03\/Stanse_Musiktage_2017_galleryContent-1558095568-scaled.jpg\" alt=\"Louer une tribune\" \/><\/figure><\/a><\/div>\t\t\t<\/div>\n\t\t\t\t\t\t\t\n\t\t\t\t\t\t\t\t\t<div class=\"swiper-pagination\"><\/div>\n\t\t\t\t\t\t\t\t\t<\/div>\n\t\t\t\t\t\t<\/div>\n\t\t\t\t<\/div>\n\t\t\t\t<div class=\"elementor-element elementor-element-3de3a49 elementor-widget elementor-widget-image\" data-id=\"3de3a49\" data-element_type=\"widget\" data-widget_type=\"image.default\">\n\t\t\t\t<div class=\"elementor-widget-container\">\n\t\t\t\t\t\t\t\t\t\t\t\t\t\t\t\t<a href=\"https:\/\/www.stansermusiktage.ch\/\" target=\"_blank\">\n\t\t\t\t\t\t\t<img fetchpriority=\"high\" decoding=\"async\" width=\"484\" height=\"485\" src=\"https:\/\/hunziker.ag\/wp-content\/uploads\/2023\/03\/SMT_Logo_40_Border-1.jpeg\" class=\"attachment-large size-large wp-image-8271\" alt=\"\" srcset=\"https:\/\/hunziker.ag\/wp-content\/uploads\/2023\/03\/SMT_Logo_40_Border-1.jpeg 484w, https:\/\/hunziker.ag\/wp-content\/uploads\/2023\/03\/SMT_Logo_40_Border-1-300x300.jpeg 300w, https:\/\/hunziker.ag\/wp-content\/uploads\/2023\/03\/SMT_Logo_40_Border-1-150x150.jpeg 150w\" sizes=\"(max-width: 484px) 100vw, 484px\" \/>\t\t\t\t\t\t\t\t<\/a>\n\t\t\t\t\t\t\t\t\t\t\t\t\t\t\t<\/div>\n\t\t\t\t<\/div>\n\t\t\t\t\t<\/div>\n\t\t<\/div>\n\t\t\t\t\t<\/div>\n\t\t<\/section>\n\t\t\t\t\t<\/div>\n\t\t<\/div>\n\t\t\t\t\t<\/div>\n\t\t<\/section>\n\t\t\t\t<\/div>\n\t\t","protected":false},"excerpt":{"rendered":"<p>Chaque ann\u00e9e en avril, les Journ\u00e9es musicales de Stans se d\u00e9roulent sur les sc\u00e8nes. Avec des concerts de musique du monde, de jazz, de pop et de musique populaire ainsi qu&rsquo;une offre gastronomique vari\u00e9e, les organisateurs du festival attirent de nombreux visiteurs dans le chef-lieu de Nidwald. <\/p>\n","protected":false},"author":2,"featured_media":8211,"comment_status":"closed","ping_status":"open","sticky":false,"template":"elementor_header_footer","format":"standard","meta":{"footnotes":""},"categories":[66],"tags":[],"class_list":["post-8758","post","type-post","status-publish","format-standard","has-post-thumbnail","hentry","category-kultur-fr"],"yoast_head":"<!-- This site is optimized with the Yoast SEO plugin v26.4 - https:\/\/yoast.com\/wordpress\/plugins\/seo\/ -->\n<title>JOURN\u00c9ES MUSICALES DE STANS, STANS - Hunziker AG<\/title>\n<meta name=\"robots\" content=\"index, follow, max-snippet:-1, max-image-preview:large, max-video-preview:-1\" \/>\n<link rel=\"canonical\" href=\"https:\/\/hunziker.ag\/fr\/2023\/04\/24\/journees-musicales-de-stans-stans\/\" \/>\n<meta property=\"og:locale\" content=\"fr_FR\" \/>\n<meta property=\"og:type\" content=\"article\" \/>\n<meta property=\"og:title\" content=\"JOURN\u00c9ES MUSICALES DE STANS, STANS - Hunziker AG\" \/>\n<meta property=\"og:description\" content=\"Chaque ann\u00e9e en avril, les Journ\u00e9es musicales de Stans se d\u00e9roulent sur les sc\u00e8nes. Avec des concerts de musique du monde, de jazz, de pop et de musique populaire ainsi qu&#039;une offre gastronomique vari\u00e9e, les organisateurs du festival attirent de nombreux visiteurs dans le chef-lieu de Nidwald.\" \/>\n<meta property=\"og:url\" content=\"https:\/\/hunziker.ag\/fr\/2023\/04\/24\/journees-musicales-de-stans-stans\/\" \/>\n<meta property=\"og:site_name\" content=\"Hunziker AG\" \/>\n<meta property=\"article:publisher\" content=\"https:\/\/www.facebook.com\/hunzikerag\" \/>\n<meta property=\"article:published_time\" content=\"2023-04-24T12:15:10+00:00\" \/>\n<meta property=\"article:modified_time\" content=\"2025-11-14T09:59:38+00:00\" \/>\n<meta property=\"og:image\" content=\"https:\/\/hunziker.ag\/wp-content\/uploads\/2023\/03\/pktage.jpg\" \/>\n\t<meta property=\"og:image:width\" content=\"1000\" \/>\n\t<meta property=\"og:image:height\" content=\"800\" \/>\n\t<meta property=\"og:image:type\" content=\"image\/jpeg\" \/>\n<meta name=\"author\" content=\"hunziker\" \/>\n<meta name=\"twitter:card\" content=\"summary_large_image\" \/>\n<meta name=\"twitter:label1\" content=\"\u00c9crit par\" \/>\n\t<meta name=\"twitter:data1\" content=\"hunziker\" \/>\n<script type=\"application\/ld+json\" class=\"yoast-schema-graph\">{\"@context\":\"https:\/\/schema.org\",\"@graph\":[{\"@type\":\"Article\",\"@id\":\"https:\/\/hunziker.ag\/fr\/2023\/04\/24\/journees-musicales-de-stans-stans\/#article\",\"isPartOf\":{\"@id\":\"https:\/\/hunziker.ag\/fr\/2023\/04\/24\/journees-musicales-de-stans-stans\/\"},\"author\":{\"name\":\"hunziker\",\"@id\":\"https:\/\/hunziker.ag\/fr\/#\/schema\/person\/5ba60237fbbb91cea570f311bd09f036\"},\"headline\":\"JOURN\u00c9ES MUSICALES DE STANS, STANS\",\"datePublished\":\"2023-04-24T12:15:10+00:00\",\"dateModified\":\"2025-11-14T09:59:38+00:00\",\"mainEntityOfPage\":{\"@id\":\"https:\/\/hunziker.ag\/fr\/2023\/04\/24\/journees-musicales-de-stans-stans\/\"},\"wordCount\":27,\"publisher\":{\"@id\":\"https:\/\/hunziker.ag\/fr\/#organization\"},\"image\":{\"@id\":\"https:\/\/hunziker.ag\/fr\/2023\/04\/24\/journees-musicales-de-stans-stans\/#primaryimage\"},\"thumbnailUrl\":\"https:\/\/hunziker.ag\/wp-content\/uploads\/2023\/03\/pktage.jpg\",\"articleSection\":[\"Kultur\"],\"inLanguage\":\"fr-FR\"},{\"@type\":\"WebPage\",\"@id\":\"https:\/\/hunziker.ag\/fr\/2023\/04\/24\/journees-musicales-de-stans-stans\/\",\"url\":\"https:\/\/hunziker.ag\/fr\/2023\/04\/24\/journees-musicales-de-stans-stans\/\",\"name\":\"JOURN\u00c9ES MUSICALES DE STANS, STANS - Hunziker AG\",\"isPartOf\":{\"@id\":\"https:\/\/hunziker.ag\/fr\/#website\"},\"primaryImageOfPage\":{\"@id\":\"https:\/\/hunziker.ag\/fr\/2023\/04\/24\/journees-musicales-de-stans-stans\/#primaryimage\"},\"image\":{\"@id\":\"https:\/\/hunziker.ag\/fr\/2023\/04\/24\/journees-musicales-de-stans-stans\/#primaryimage\"},\"thumbnailUrl\":\"https:\/\/hunziker.ag\/wp-content\/uploads\/2023\/03\/pktage.jpg\",\"datePublished\":\"2023-04-24T12:15:10+00:00\",\"dateModified\":\"2025-11-14T09:59:38+00:00\",\"breadcrumb\":{\"@id\":\"https:\/\/hunziker.ag\/fr\/2023\/04\/24\/journees-musicales-de-stans-stans\/#breadcrumb\"},\"inLanguage\":\"fr-FR\",\"potentialAction\":[{\"@type\":\"ReadAction\",\"target\":[\"https:\/\/hunziker.ag\/fr\/2023\/04\/24\/journees-musicales-de-stans-stans\/\"]}]},{\"@type\":\"ImageObject\",\"inLanguage\":\"fr-FR\",\"@id\":\"https:\/\/hunziker.ag\/fr\/2023\/04\/24\/journees-musicales-de-stans-stans\/#primaryimage\",\"url\":\"https:\/\/hunziker.ag\/wp-content\/uploads\/2023\/03\/pktage.jpg\",\"contentUrl\":\"https:\/\/hunziker.ag\/wp-content\/uploads\/2023\/03\/pktage.jpg\",\"width\":1000,\"height\":800,\"caption\":\"Tente pointue, louer une tente VIP, tente de r\u00e9ception\"},{\"@type\":\"BreadcrumbList\",\"@id\":\"https:\/\/hunziker.ag\/fr\/2023\/04\/24\/journees-musicales-de-stans-stans\/#breadcrumb\",\"itemListElement\":[{\"@type\":\"ListItem\",\"position\":1,\"name\":\"Startseite\",\"item\":\"https:\/\/hunziker.ag\/fr\/home\/\"},{\"@type\":\"ListItem\",\"position\":2,\"name\":\"JOURN\u00c9ES MUSICALES DE STANS, STANS\"}]},{\"@type\":\"WebSite\",\"@id\":\"https:\/\/hunziker.ag\/fr\/#website\",\"url\":\"https:\/\/hunziker.ag\/fr\/\",\"name\":\"Hunziker AG\",\"description\":\"Mobile Bauten in jeder Dimension\",\"publisher\":{\"@id\":\"https:\/\/hunziker.ag\/fr\/#organization\"},\"potentialAction\":[{\"@type\":\"SearchAction\",\"target\":{\"@type\":\"EntryPoint\",\"urlTemplate\":\"https:\/\/hunziker.ag\/fr\/?s={search_term_string}\"},\"query-input\":{\"@type\":\"PropertyValueSpecification\",\"valueRequired\":true,\"valueName\":\"search_term_string\"}}],\"inLanguage\":\"fr-FR\"},{\"@type\":\"Organization\",\"@id\":\"https:\/\/hunziker.ag\/fr\/#organization\",\"name\":\"Hunziker AG\",\"url\":\"https:\/\/hunziker.ag\/fr\/\",\"logo\":{\"@type\":\"ImageObject\",\"inLanguage\":\"fr-FR\",\"@id\":\"https:\/\/hunziker.ag\/fr\/#\/schema\/logo\/image\/\",\"url\":\"https:\/\/hunziker.ag\/wp-content\/uploads\/2021\/05\/Favicon_01.png\",\"contentUrl\":\"https:\/\/hunziker.ag\/wp-content\/uploads\/2021\/05\/Favicon_01.png\",\"width\":512,\"height\":512,\"caption\":\"Hunziker AG\"},\"image\":{\"@id\":\"https:\/\/hunziker.ag\/fr\/#\/schema\/logo\/image\/\"},\"sameAs\":[\"https:\/\/www.facebook.com\/hunzikerag\",\"https:\/\/www.instagram.com\/hunzikerag\/\",\"https:\/\/www.linkedin.com\/company\/3173208\/\"]},{\"@type\":\"Person\",\"@id\":\"https:\/\/hunziker.ag\/fr\/#\/schema\/person\/5ba60237fbbb91cea570f311bd09f036\",\"name\":\"hunziker\",\"sameAs\":[\"https:\/\/hunziker.ag\"]}]}<\/script>\n<!-- \/ Yoast SEO plugin. -->","yoast_head_json":{"title":"JOURN\u00c9ES MUSICALES DE STANS, STANS - Hunziker AG","robots":{"index":"index","follow":"follow","max-snippet":"max-snippet:-1","max-image-preview":"max-image-preview:large","max-video-preview":"max-video-preview:-1"},"canonical":"https:\/\/hunziker.ag\/fr\/2023\/04\/24\/journees-musicales-de-stans-stans\/","og_locale":"fr_FR","og_type":"article","og_title":"JOURN\u00c9ES MUSICALES DE STANS, STANS - Hunziker AG","og_description":"Chaque ann\u00e9e en avril, les Journ\u00e9es musicales de Stans se d\u00e9roulent sur les sc\u00e8nes. Avec des concerts de musique du monde, de jazz, de pop et de musique populaire ainsi qu'une offre gastronomique vari\u00e9e, les organisateurs du festival attirent de nombreux visiteurs dans le chef-lieu de Nidwald.","og_url":"https:\/\/hunziker.ag\/fr\/2023\/04\/24\/journees-musicales-de-stans-stans\/","og_site_name":"Hunziker AG","article_publisher":"https:\/\/www.facebook.com\/hunzikerag","article_published_time":"2023-04-24T12:15:10+00:00","article_modified_time":"2025-11-14T09:59:38+00:00","og_image":[{"width":1000,"height":800,"url":"https:\/\/hunziker.ag\/wp-content\/uploads\/2023\/03\/pktage.jpg","type":"image\/jpeg"}],"author":"hunziker","twitter_card":"summary_large_image","twitter_misc":{"\u00c9crit par":"hunziker"},"schema":{"@context":"https:\/\/schema.org","@graph":[{"@type":"Article","@id":"https:\/\/hunziker.ag\/fr\/2023\/04\/24\/journees-musicales-de-stans-stans\/#article","isPartOf":{"@id":"https:\/\/hunziker.ag\/fr\/2023\/04\/24\/journees-musicales-de-stans-stans\/"},"author":{"name":"hunziker","@id":"https:\/\/hunziker.ag\/fr\/#\/schema\/person\/5ba60237fbbb91cea570f311bd09f036"},"headline":"JOURN\u00c9ES MUSICALES DE STANS, STANS","datePublished":"2023-04-24T12:15:10+00:00","dateModified":"2025-11-14T09:59:38+00:00","mainEntityOfPage":{"@id":"https:\/\/hunziker.ag\/fr\/2023\/04\/24\/journees-musicales-de-stans-stans\/"},"wordCount":27,"publisher":{"@id":"https:\/\/hunziker.ag\/fr\/#organization"},"image":{"@id":"https:\/\/hunziker.ag\/fr\/2023\/04\/24\/journees-musicales-de-stans-stans\/#primaryimage"},"thumbnailUrl":"https:\/\/hunziker.ag\/wp-content\/uploads\/2023\/03\/pktage.jpg","articleSection":["Kultur"],"inLanguage":"fr-FR"},{"@type":"WebPage","@id":"https:\/\/hunziker.ag\/fr\/2023\/04\/24\/journees-musicales-de-stans-stans\/","url":"https:\/\/hunziker.ag\/fr\/2023\/04\/24\/journees-musicales-de-stans-stans\/","name":"JOURN\u00c9ES MUSICALES DE STANS, STANS - Hunziker AG","isPartOf":{"@id":"https:\/\/hunziker.ag\/fr\/#website"},"primaryImageOfPage":{"@id":"https:\/\/hunziker.ag\/fr\/2023\/04\/24\/journees-musicales-de-stans-stans\/#primaryimage"},"image":{"@id":"https:\/\/hunziker.ag\/fr\/2023\/04\/24\/journees-musicales-de-stans-stans\/#primaryimage"},"thumbnailUrl":"https:\/\/hunziker.ag\/wp-content\/uploads\/2023\/03\/pktage.jpg","datePublished":"2023-04-24T12:15:10+00:00","dateModified":"2025-11-14T09:59:38+00:00","breadcrumb":{"@id":"https:\/\/hunziker.ag\/fr\/2023\/04\/24\/journees-musicales-de-stans-stans\/#breadcrumb"},"inLanguage":"fr-FR","potentialAction":[{"@type":"ReadAction","target":["https:\/\/hunziker.ag\/fr\/2023\/04\/24\/journees-musicales-de-stans-stans\/"]}]},{"@type":"ImageObject","inLanguage":"fr-FR","@id":"https:\/\/hunziker.ag\/fr\/2023\/04\/24\/journees-musicales-de-stans-stans\/#primaryimage","url":"https:\/\/hunziker.ag\/wp-content\/uploads\/2023\/03\/pktage.jpg","contentUrl":"https:\/\/hunziker.ag\/wp-content\/uploads\/2023\/03\/pktage.jpg","width":1000,"height":800,"caption":"Tente pointue, louer une tente VIP, tente de r\u00e9ception"},{"@type":"BreadcrumbList","@id":"https:\/\/hunziker.ag\/fr\/2023\/04\/24\/journees-musicales-de-stans-stans\/#breadcrumb","itemListElement":[{"@type":"ListItem","position":1,"name":"Startseite","item":"https:\/\/hunziker.ag\/fr\/home\/"},{"@type":"ListItem","position":2,"name":"JOURN\u00c9ES MUSICALES DE STANS, STANS"}]},{"@type":"WebSite","@id":"https:\/\/hunziker.ag\/fr\/#website","url":"https:\/\/hunziker.ag\/fr\/","name":"Hunziker AG","description":"Mobile Bauten in jeder Dimension","publisher":{"@id":"https:\/\/hunziker.ag\/fr\/#organization"},"potentialAction":[{"@type":"SearchAction","target":{"@type":"EntryPoint","urlTemplate":"https:\/\/hunziker.ag\/fr\/?s={search_term_string}"},"query-input":{"@type":"PropertyValueSpecification","valueRequired":true,"valueName":"search_term_string"}}],"inLanguage":"fr-FR"},{"@type":"Organization","@id":"https:\/\/hunziker.ag\/fr\/#organization","name":"Hunziker AG","url":"https:\/\/hunziker.ag\/fr\/","logo":{"@type":"ImageObject","inLanguage":"fr-FR","@id":"https:\/\/hunziker.ag\/fr\/#\/schema\/logo\/image\/","url":"https:\/\/hunziker.ag\/wp-content\/uploads\/2021\/05\/Favicon_01.png","contentUrl":"https:\/\/hunziker.ag\/wp-content\/uploads\/2021\/05\/Favicon_01.png","width":512,"height":512,"caption":"Hunziker AG"},"image":{"@id":"https:\/\/hunziker.ag\/fr\/#\/schema\/logo\/image\/"},"sameAs":["https:\/\/www.facebook.com\/hunzikerag","https:\/\/www.instagram.com\/hunzikerag\/","https:\/\/www.linkedin.com\/company\/3173208\/"]},{"@type":"Person","@id":"https:\/\/hunziker.ag\/fr\/#\/schema\/person\/5ba60237fbbb91cea570f311bd09f036","name":"hunziker","sameAs":["https:\/\/hunziker.ag"]}]}},"_links":{"self":[{"href":"https:\/\/hunziker.ag\/fr\/wp-json\/wp\/v2\/posts\/8758","targetHints":{"allow":["GET"]}}],"collection":[{"href":"https:\/\/hunziker.ag\/fr\/wp-json\/wp\/v2\/posts"}],"about":[{"href":"https:\/\/hunziker.ag\/fr\/wp-json\/wp\/v2\/types\/post"}],"author":[{"embeddable":true,"href":"https:\/\/hunziker.ag\/fr\/wp-json\/wp\/v2\/users\/2"}],"replies":[{"embeddable":true,"href":"https:\/\/hunziker.ag\/fr\/wp-json\/wp\/v2\/comments?post=8758"}],"version-history":[{"count":1,"href":"https:\/\/hunziker.ag\/fr\/wp-json\/wp\/v2\/posts\/8758\/revisions"}],"predecessor-version":[{"id":8759,"href":"https:\/\/hunziker.ag\/fr\/wp-json\/wp\/v2\/posts\/8758\/revisions\/8759"}],"wp:featuredmedia":[{"embeddable":true,"href":"https:\/\/hunziker.ag\/fr\/wp-json\/wp\/v2\/media\/8211"}],"wp:attachment":[{"href":"https:\/\/hunziker.ag\/fr\/wp-json\/wp\/v2\/media?parent=8758"}],"wp:term":[{"taxonomy":"category","embeddable":true,"href":"https:\/\/hunziker.ag\/fr\/wp-json\/wp\/v2\/categories?post=8758"},{"taxonomy":"post_tag","embeddable":true,"href":"https:\/\/hunziker.ag\/fr\/wp-json\/wp\/v2\/tags?post=8758"}],"curies":[{"name":"wp","href":"https:\/\/api.w.org\/{rel}","templated":true}]}}