{"id":8756,"date":"2023-03-11T13:16:09","date_gmt":"2023-03-11T12:16:09","guid":{"rendered":"https:\/\/hunziker.ag\/2023\/03\/11\/gv-emmi-lucerne\/"},"modified":"2025-11-14T10:59:43","modified_gmt":"2025-11-14T09:59:43","slug":"gv-emmi-lucerne","status":"publish","type":"post","link":"https:\/\/hunziker.ag\/fr\/2023\/03\/11\/gv-emmi-lucerne\/","title":{"rendered":"GV EMMI, LUCERNE"},"content":{"rendered":"\t\t<div data-elementor-type=\"wp-post\" data-elementor-id=\"8756\" class=\"elementor elementor-8756 elementor-3906\" data-elementor-post-type=\"post\">\n\t\t\t\t\t\t<section class=\"elementor-section elementor-top-section elementor-element elementor-element-622885b elementor-section-height-min-height elementor-section-content-middle elementor-section-boxed elementor-section-height-default elementor-section-items-middle\" data-id=\"622885b\" data-element_type=\"section\" data-settings=\"{&quot;background_background&quot;:&quot;classic&quot;}\">\n\t\t\t\t\t\t<div class=\"elementor-container elementor-column-gap-default\">\n\t\t\t\t\t<div class=\"elementor-column elementor-col-100 elementor-top-column elementor-element elementor-element-5d283b62\" data-id=\"5d283b62\" data-element_type=\"column\" data-settings=\"{&quot;background_background&quot;:&quot;classic&quot;}\">\n\t\t\t<div class=\"elementor-widget-wrap elementor-element-populated\">\n\t\t\t\t\t\t<section class=\"elementor-section elementor-inner-section elementor-element elementor-element-564bf75c elementor-section-content-middle elementor-section-boxed elementor-section-height-default elementor-section-height-default\" data-id=\"564bf75c\" data-element_type=\"section\">\n\t\t\t\t\t\t<div class=\"elementor-container elementor-column-gap-default\">\n\t\t\t\t\t<div class=\"elementor-column elementor-col-50 elementor-inner-column elementor-element elementor-element-23d143ad\" data-id=\"23d143ad\" data-element_type=\"column\">\n\t\t\t<div class=\"elementor-widget-wrap elementor-element-populated\">\n\t\t\t\t\t\t<div class=\"elementor-element elementor-element-4481fb2 elementor-widget elementor-widget-theme-post-title elementor-page-title elementor-widget-heading\" data-id=\"4481fb2\" data-element_type=\"widget\" data-widget_type=\"theme-post-title.default\">\n\t\t\t\t<div class=\"elementor-widget-container\">\n\t\t\t\t\t<h1 class=\"elementor-heading-title elementor-size-default\">GV EMMI, LUCERNE<\/h1>\t\t\t\t<\/div>\n\t\t\t\t<\/div>\n\t\t\t\t<div class=\"elementor-element elementor-element-02b4398 elementor-widget elementor-widget-theme-post-excerpt\" data-id=\"02b4398\" data-element_type=\"widget\" data-widget_type=\"theme-post-excerpt.default\">\n\t\t\t\t<div class=\"elementor-widget-container\">\n\t\t\t\t\tLe leader de la transformation du lait et \"l'une des laiteries haut de gamme les plus innovantes d'Europe\" a invit\u00e9 ses actionnaires \u00e0 la foire de Lucerne, plus pr\u00e9cis\u00e9ment au stade de l'Allmend, pour son assembl\u00e9e g\u00e9n\u00e9rale ordinaire.\t\t\t\t<\/div>\n\t\t\t\t<\/div>\n\t\t\t\t<div class=\"elementor-element elementor-element-3fa4016 elementor-widget elementor-widget-text-editor\" data-id=\"3fa4016\" data-element_type=\"widget\" data-widget_type=\"text-editor.default\">\n\t\t\t\t<div class=\"elementor-widget-container\">\n\t\t\t\t\t\t\t\t\t<p>Ampleur du projet : planification, location de 1&rsquo;500 chaises \u00e0 coque, 180 tables et autre mobilier.<\/p>\t\t\t\t\t\t\t\t<\/div>\n\t\t\t\t<\/div>\n\t\t\t\t<div class=\"elementor-element elementor-element-1d5ff1d elementor-align-left elementor-widget elementor-widget-button\" data-id=\"1d5ff1d\" data-element_type=\"widget\" data-widget_type=\"button.default\">\n\t\t\t\t<div class=\"elementor-widget-container\">\n\t\t\t\t\t\t\t\t\t<div class=\"elementor-button-wrapper\">\n\t\t\t\t\t<a class=\"elementor-button elementor-size-sm\" role=\"button\" id=\"back-button\">\n\t\t\t\t\t\t<span class=\"elementor-button-content-wrapper\">\n\t\t\t\t\t\t<span class=\"elementor-button-icon\">\n\t\t\t\t<i aria-hidden=\"true\" class=\"fas fa-arrow-left\"><\/i>\t\t\t<\/span>\n\t\t\t\t\t\t\t\t\t<span class=\"elementor-button-text\">Retour<\/span>\n\t\t\t\t\t<\/span>\n\t\t\t\t\t<\/a>\n\t\t\t\t<\/div>\n\t\t\t\t\t\t\t\t<\/div>\n\t\t\t\t<\/div>\n\t\t\t\t\t<\/div>\n\t\t<\/div>\n\t\t\t\t<div class=\"elementor-column elementor-col-50 elementor-inner-column elementor-element elementor-element-43b0ac0f\" data-id=\"43b0ac0f\" data-element_type=\"column\">\n\t\t\t<div class=\"elementor-widget-wrap elementor-element-populated\">\n\t\t\t\t\t\t<div class=\"elementor-element elementor-element-2f28e737 elementor-pagination-position-outside elementor-widget elementor-widget-image-carousel\" data-id=\"2f28e737\" data-element_type=\"widget\" data-settings=\"{&quot;slides_to_show&quot;:&quot;1&quot;,&quot;navigation&quot;:&quot;dots&quot;,&quot;slides_to_show_tablet&quot;:&quot;1&quot;,&quot;autoplay&quot;:&quot;yes&quot;,&quot;pause_on_hover&quot;:&quot;yes&quot;,&quot;pause_on_interaction&quot;:&quot;yes&quot;,&quot;autoplay_speed&quot;:5000,&quot;infinite&quot;:&quot;yes&quot;,&quot;effect&quot;:&quot;slide&quot;,&quot;speed&quot;:500}\" data-widget_type=\"image-carousel.default\">\n\t\t\t\t<div class=\"elementor-widget-container\">\n\t\t\t\t\t\t\t<div class=\"elementor-image-carousel-wrapper swiper\" role=\"region\" aria-roledescription=\"carousel\" aria-label=\"Carrousel d\u2019images\" dir=\"ltr\">\n\t\t\t<div class=\"elementor-image-carousel swiper-wrapper\" aria-live=\"off\">\n\t\t\t\t\t\t\t\t<div class=\"swiper-slide\" role=\"group\" aria-roledescription=\"slide\" aria-label=\"1 sur 1\"><a data-elementor-open-lightbox=\"yes\" data-elementor-lightbox-slideshow=\"2f28e737\" data-e-action-hash=\"#elementor-action%3Aaction%3Dlightbox%26settings%3DeyJpZCI6ODIwMiwidXJsIjoiaHR0cHM6XC9cL2h1bnppa2VyLmFnXC93cC1jb250ZW50XC91cGxvYWRzXC8yMDIzXC8wM1wvSFpfUkVfQl9HVkVtbWkuanBlZyIsInNsaWRlc2hvdyI6IjJmMjhlNzM3In0%3D\" href=\"https:\/\/hunziker.ag\/wp-content\/uploads\/2023\/03\/HZ_RE_B_GVEmmi.jpeg\"><figure class=\"swiper-slide-inner\"><img decoding=\"async\" class=\"swiper-slide-image\" src=\"https:\/\/hunziker.ag\/wp-content\/uploads\/2023\/03\/HZ_RE_B_GVEmmi.jpeg\" alt=\"Si\u00e8ges pour AG, louer des chaises, louer des tables\" \/><\/figure><\/a><\/div>\t\t\t<\/div>\n\t\t\t\t\t<\/div>\n\t\t\t\t\t\t<\/div>\n\t\t\t\t<\/div>\n\t\t\t\t\t<\/div>\n\t\t<\/div>\n\t\t\t\t\t<\/div>\n\t\t<\/section>\n\t\t\t\t\t<\/div>\n\t\t<\/div>\n\t\t\t\t\t<\/div>\n\t\t<\/section>\n\t\t\t\t<\/div>\n\t\t","protected":false},"excerpt":{"rendered":"<p>Le leader de la transformation du lait et \u00ab\u00a0l&rsquo;une des laiteries haut de gamme les plus innovantes d&rsquo;Europe\u00a0\u00bb a invit\u00e9 ses actionnaires \u00e0 la foire de Lucerne, plus pr\u00e9cis\u00e9ment au stade de l&rsquo;Allmend, pour son assembl\u00e9e g\u00e9n\u00e9rale ordinaire.<\/p>\n","protected":false},"author":2,"featured_media":8202,"comment_status":"closed","ping_status":"open","sticky":false,"template":"elementor_header_footer","format":"standard","meta":{"footnotes":""},"categories":[74],"tags":[],"class_list":["post-8756","post","type-post","status-publish","format-standard","has-post-thumbnail","hentry","category-business-societes"],"yoast_head":"<!-- This site is optimized with the Yoast SEO plugin v26.4 - https:\/\/yoast.com\/wordpress\/plugins\/seo\/ -->\n<title>GV EMMI, LUCERNE - Hunziker AG<\/title>\n<meta name=\"robots\" content=\"index, follow, max-snippet:-1, max-image-preview:large, max-video-preview:-1\" \/>\n<link rel=\"canonical\" href=\"https:\/\/hunziker.ag\/fr\/2023\/03\/11\/gv-emmi-lucerne\/\" \/>\n<meta property=\"og:locale\" content=\"fr_FR\" \/>\n<meta property=\"og:type\" content=\"article\" \/>\n<meta property=\"og:title\" content=\"GV EMMI, LUCERNE - Hunziker AG\" \/>\n<meta property=\"og:description\" content=\"Le leader de la transformation du lait et &quot;l&#039;une des laiteries haut de gamme les plus innovantes d&#039;Europe&quot; a invit\u00e9 ses actionnaires \u00e0 la foire de Lucerne, plus pr\u00e9cis\u00e9ment au stade de l&#039;Allmend, pour son assembl\u00e9e g\u00e9n\u00e9rale ordinaire.\" \/>\n<meta property=\"og:url\" content=\"https:\/\/hunziker.ag\/fr\/2023\/03\/11\/gv-emmi-lucerne\/\" \/>\n<meta property=\"og:site_name\" content=\"Hunziker AG\" \/>\n<meta property=\"article:publisher\" content=\"https:\/\/www.facebook.com\/hunzikerag\" \/>\n<meta property=\"article:published_time\" content=\"2023-03-11T12:16:09+00:00\" \/>\n<meta property=\"article:modified_time\" content=\"2025-11-14T09:59:43+00:00\" \/>\n<meta property=\"og:image\" content=\"https:\/\/hunziker.ag\/wp-content\/uploads\/2023\/03\/HZ_RE_B_GVEmmi.jpeg\" \/>\n\t<meta property=\"og:image:width\" content=\"1000\" \/>\n\t<meta property=\"og:image:height\" content=\"800\" \/>\n\t<meta property=\"og:image:type\" content=\"image\/jpeg\" \/>\n<meta name=\"author\" content=\"hunziker\" \/>\n<meta name=\"twitter:card\" content=\"summary_large_image\" \/>\n<meta name=\"twitter:label1\" content=\"\u00c9crit par\" \/>\n\t<meta name=\"twitter:data1\" content=\"hunziker\" \/>\n<script type=\"application\/ld+json\" class=\"yoast-schema-graph\">{\"@context\":\"https:\/\/schema.org\",\"@graph\":[{\"@type\":\"Article\",\"@id\":\"https:\/\/hunziker.ag\/fr\/2023\/03\/11\/gv-emmi-lucerne\/#article\",\"isPartOf\":{\"@id\":\"https:\/\/hunziker.ag\/fr\/2023\/03\/11\/gv-emmi-lucerne\/\"},\"author\":{\"name\":\"hunziker\",\"@id\":\"https:\/\/hunziker.ag\/fr\/#\/schema\/person\/5ba60237fbbb91cea570f311bd09f036\"},\"headline\":\"GV EMMI, LUCERNE\",\"datePublished\":\"2023-03-11T12:16:09+00:00\",\"dateModified\":\"2025-11-14T09:59:43+00:00\",\"mainEntityOfPage\":{\"@id\":\"https:\/\/hunziker.ag\/fr\/2023\/03\/11\/gv-emmi-lucerne\/\"},\"wordCount\":16,\"publisher\":{\"@id\":\"https:\/\/hunziker.ag\/fr\/#organization\"},\"image\":{\"@id\":\"https:\/\/hunziker.ag\/fr\/2023\/03\/11\/gv-emmi-lucerne\/#primaryimage\"},\"thumbnailUrl\":\"https:\/\/hunziker.ag\/wp-content\/uploads\/2023\/03\/HZ_RE_B_GVEmmi.jpeg\",\"articleSection\":[\"Business\/Soci\u00e9t\u00e9s\"],\"inLanguage\":\"fr-FR\"},{\"@type\":\"WebPage\",\"@id\":\"https:\/\/hunziker.ag\/fr\/2023\/03\/11\/gv-emmi-lucerne\/\",\"url\":\"https:\/\/hunziker.ag\/fr\/2023\/03\/11\/gv-emmi-lucerne\/\",\"name\":\"GV EMMI, LUCERNE - Hunziker AG\",\"isPartOf\":{\"@id\":\"https:\/\/hunziker.ag\/fr\/#website\"},\"primaryImageOfPage\":{\"@id\":\"https:\/\/hunziker.ag\/fr\/2023\/03\/11\/gv-emmi-lucerne\/#primaryimage\"},\"image\":{\"@id\":\"https:\/\/hunziker.ag\/fr\/2023\/03\/11\/gv-emmi-lucerne\/#primaryimage\"},\"thumbnailUrl\":\"https:\/\/hunziker.ag\/wp-content\/uploads\/2023\/03\/HZ_RE_B_GVEmmi.jpeg\",\"datePublished\":\"2023-03-11T12:16:09+00:00\",\"dateModified\":\"2025-11-14T09:59:43+00:00\",\"breadcrumb\":{\"@id\":\"https:\/\/hunziker.ag\/fr\/2023\/03\/11\/gv-emmi-lucerne\/#breadcrumb\"},\"inLanguage\":\"fr-FR\",\"potentialAction\":[{\"@type\":\"ReadAction\",\"target\":[\"https:\/\/hunziker.ag\/fr\/2023\/03\/11\/gv-emmi-lucerne\/\"]}]},{\"@type\":\"ImageObject\",\"inLanguage\":\"fr-FR\",\"@id\":\"https:\/\/hunziker.ag\/fr\/2023\/03\/11\/gv-emmi-lucerne\/#primaryimage\",\"url\":\"https:\/\/hunziker.ag\/wp-content\/uploads\/2023\/03\/HZ_RE_B_GVEmmi.jpeg\",\"contentUrl\":\"https:\/\/hunziker.ag\/wp-content\/uploads\/2023\/03\/HZ_RE_B_GVEmmi.jpeg\",\"width\":1000,\"height\":800,\"caption\":\"Si\u00e8ges pour AG, louer des chaises, louer des tables\"},{\"@type\":\"BreadcrumbList\",\"@id\":\"https:\/\/hunziker.ag\/fr\/2023\/03\/11\/gv-emmi-lucerne\/#breadcrumb\",\"itemListElement\":[{\"@type\":\"ListItem\",\"position\":1,\"name\":\"Startseite\",\"item\":\"https:\/\/hunziker.ag\/fr\/home\/\"},{\"@type\":\"ListItem\",\"position\":2,\"name\":\"GV EMMI, LUCERNE\"}]},{\"@type\":\"WebSite\",\"@id\":\"https:\/\/hunziker.ag\/fr\/#website\",\"url\":\"https:\/\/hunziker.ag\/fr\/\",\"name\":\"Hunziker AG\",\"description\":\"Mobile Bauten in jeder Dimension\",\"publisher\":{\"@id\":\"https:\/\/hunziker.ag\/fr\/#organization\"},\"potentialAction\":[{\"@type\":\"SearchAction\",\"target\":{\"@type\":\"EntryPoint\",\"urlTemplate\":\"https:\/\/hunziker.ag\/fr\/?s={search_term_string}\"},\"query-input\":{\"@type\":\"PropertyValueSpecification\",\"valueRequired\":true,\"valueName\":\"search_term_string\"}}],\"inLanguage\":\"fr-FR\"},{\"@type\":\"Organization\",\"@id\":\"https:\/\/hunziker.ag\/fr\/#organization\",\"name\":\"Hunziker AG\",\"url\":\"https:\/\/hunziker.ag\/fr\/\",\"logo\":{\"@type\":\"ImageObject\",\"inLanguage\":\"fr-FR\",\"@id\":\"https:\/\/hunziker.ag\/fr\/#\/schema\/logo\/image\/\",\"url\":\"https:\/\/hunziker.ag\/wp-content\/uploads\/2021\/05\/Favicon_01.png\",\"contentUrl\":\"https:\/\/hunziker.ag\/wp-content\/uploads\/2021\/05\/Favicon_01.png\",\"width\":512,\"height\":512,\"caption\":\"Hunziker AG\"},\"image\":{\"@id\":\"https:\/\/hunziker.ag\/fr\/#\/schema\/logo\/image\/\"},\"sameAs\":[\"https:\/\/www.facebook.com\/hunzikerag\",\"https:\/\/www.instagram.com\/hunzikerag\/\",\"https:\/\/www.linkedin.com\/company\/3173208\/\"]},{\"@type\":\"Person\",\"@id\":\"https:\/\/hunziker.ag\/fr\/#\/schema\/person\/5ba60237fbbb91cea570f311bd09f036\",\"name\":\"hunziker\",\"sameAs\":[\"https:\/\/hunziker.ag\"]}]}<\/script>\n<!-- \/ Yoast SEO plugin. -->","yoast_head_json":{"title":"GV EMMI, LUCERNE - Hunziker AG","robots":{"index":"index","follow":"follow","max-snippet":"max-snippet:-1","max-image-preview":"max-image-preview:large","max-video-preview":"max-video-preview:-1"},"canonical":"https:\/\/hunziker.ag\/fr\/2023\/03\/11\/gv-emmi-lucerne\/","og_locale":"fr_FR","og_type":"article","og_title":"GV EMMI, LUCERNE - Hunziker AG","og_description":"Le leader de la transformation du lait et \"l'une des laiteries haut de gamme les plus innovantes d'Europe\" a invit\u00e9 ses actionnaires \u00e0 la foire de Lucerne, plus pr\u00e9cis\u00e9ment au stade de l'Allmend, pour son assembl\u00e9e g\u00e9n\u00e9rale ordinaire.","og_url":"https:\/\/hunziker.ag\/fr\/2023\/03\/11\/gv-emmi-lucerne\/","og_site_name":"Hunziker AG","article_publisher":"https:\/\/www.facebook.com\/hunzikerag","article_published_time":"2023-03-11T12:16:09+00:00","article_modified_time":"2025-11-14T09:59:43+00:00","og_image":[{"width":1000,"height":800,"url":"https:\/\/hunziker.ag\/wp-content\/uploads\/2023\/03\/HZ_RE_B_GVEmmi.jpeg","type":"image\/jpeg"}],"author":"hunziker","twitter_card":"summary_large_image","twitter_misc":{"\u00c9crit par":"hunziker"},"schema":{"@context":"https:\/\/schema.org","@graph":[{"@type":"Article","@id":"https:\/\/hunziker.ag\/fr\/2023\/03\/11\/gv-emmi-lucerne\/#article","isPartOf":{"@id":"https:\/\/hunziker.ag\/fr\/2023\/03\/11\/gv-emmi-lucerne\/"},"author":{"name":"hunziker","@id":"https:\/\/hunziker.ag\/fr\/#\/schema\/person\/5ba60237fbbb91cea570f311bd09f036"},"headline":"GV EMMI, LUCERNE","datePublished":"2023-03-11T12:16:09+00:00","dateModified":"2025-11-14T09:59:43+00:00","mainEntityOfPage":{"@id":"https:\/\/hunziker.ag\/fr\/2023\/03\/11\/gv-emmi-lucerne\/"},"wordCount":16,"publisher":{"@id":"https:\/\/hunziker.ag\/fr\/#organization"},"image":{"@id":"https:\/\/hunziker.ag\/fr\/2023\/03\/11\/gv-emmi-lucerne\/#primaryimage"},"thumbnailUrl":"https:\/\/hunziker.ag\/wp-content\/uploads\/2023\/03\/HZ_RE_B_GVEmmi.jpeg","articleSection":["Business\/Soci\u00e9t\u00e9s"],"inLanguage":"fr-FR"},{"@type":"WebPage","@id":"https:\/\/hunziker.ag\/fr\/2023\/03\/11\/gv-emmi-lucerne\/","url":"https:\/\/hunziker.ag\/fr\/2023\/03\/11\/gv-emmi-lucerne\/","name":"GV EMMI, LUCERNE - Hunziker AG","isPartOf":{"@id":"https:\/\/hunziker.ag\/fr\/#website"},"primaryImageOfPage":{"@id":"https:\/\/hunziker.ag\/fr\/2023\/03\/11\/gv-emmi-lucerne\/#primaryimage"},"image":{"@id":"https:\/\/hunziker.ag\/fr\/2023\/03\/11\/gv-emmi-lucerne\/#primaryimage"},"thumbnailUrl":"https:\/\/hunziker.ag\/wp-content\/uploads\/2023\/03\/HZ_RE_B_GVEmmi.jpeg","datePublished":"2023-03-11T12:16:09+00:00","dateModified":"2025-11-14T09:59:43+00:00","breadcrumb":{"@id":"https:\/\/hunziker.ag\/fr\/2023\/03\/11\/gv-emmi-lucerne\/#breadcrumb"},"inLanguage":"fr-FR","potentialAction":[{"@type":"ReadAction","target":["https:\/\/hunziker.ag\/fr\/2023\/03\/11\/gv-emmi-lucerne\/"]}]},{"@type":"ImageObject","inLanguage":"fr-FR","@id":"https:\/\/hunziker.ag\/fr\/2023\/03\/11\/gv-emmi-lucerne\/#primaryimage","url":"https:\/\/hunziker.ag\/wp-content\/uploads\/2023\/03\/HZ_RE_B_GVEmmi.jpeg","contentUrl":"https:\/\/hunziker.ag\/wp-content\/uploads\/2023\/03\/HZ_RE_B_GVEmmi.jpeg","width":1000,"height":800,"caption":"Si\u00e8ges pour AG, louer des chaises, louer des tables"},{"@type":"BreadcrumbList","@id":"https:\/\/hunziker.ag\/fr\/2023\/03\/11\/gv-emmi-lucerne\/#breadcrumb","itemListElement":[{"@type":"ListItem","position":1,"name":"Startseite","item":"https:\/\/hunziker.ag\/fr\/home\/"},{"@type":"ListItem","position":2,"name":"GV EMMI, LUCERNE"}]},{"@type":"WebSite","@id":"https:\/\/hunziker.ag\/fr\/#website","url":"https:\/\/hunziker.ag\/fr\/","name":"Hunziker AG","description":"Mobile Bauten in jeder Dimension","publisher":{"@id":"https:\/\/hunziker.ag\/fr\/#organization"},"potentialAction":[{"@type":"SearchAction","target":{"@type":"EntryPoint","urlTemplate":"https:\/\/hunziker.ag\/fr\/?s={search_term_string}"},"query-input":{"@type":"PropertyValueSpecification","valueRequired":true,"valueName":"search_term_string"}}],"inLanguage":"fr-FR"},{"@type":"Organization","@id":"https:\/\/hunziker.ag\/fr\/#organization","name":"Hunziker AG","url":"https:\/\/hunziker.ag\/fr\/","logo":{"@type":"ImageObject","inLanguage":"fr-FR","@id":"https:\/\/hunziker.ag\/fr\/#\/schema\/logo\/image\/","url":"https:\/\/hunziker.ag\/wp-content\/uploads\/2021\/05\/Favicon_01.png","contentUrl":"https:\/\/hunziker.ag\/wp-content\/uploads\/2021\/05\/Favicon_01.png","width":512,"height":512,"caption":"Hunziker AG"},"image":{"@id":"https:\/\/hunziker.ag\/fr\/#\/schema\/logo\/image\/"},"sameAs":["https:\/\/www.facebook.com\/hunzikerag","https:\/\/www.instagram.com\/hunzikerag\/","https:\/\/www.linkedin.com\/company\/3173208\/"]},{"@type":"Person","@id":"https:\/\/hunziker.ag\/fr\/#\/schema\/person\/5ba60237fbbb91cea570f311bd09f036","name":"hunziker","sameAs":["https:\/\/hunziker.ag"]}]}},"_links":{"self":[{"href":"https:\/\/hunziker.ag\/fr\/wp-json\/wp\/v2\/posts\/8756","targetHints":{"allow":["GET"]}}],"collection":[{"href":"https:\/\/hunziker.ag\/fr\/wp-json\/wp\/v2\/posts"}],"about":[{"href":"https:\/\/hunziker.ag\/fr\/wp-json\/wp\/v2\/types\/post"}],"author":[{"embeddable":true,"href":"https:\/\/hunziker.ag\/fr\/wp-json\/wp\/v2\/users\/2"}],"replies":[{"embeddable":true,"href":"https:\/\/hunziker.ag\/fr\/wp-json\/wp\/v2\/comments?post=8756"}],"version-history":[{"count":1,"href":"https:\/\/hunziker.ag\/fr\/wp-json\/wp\/v2\/posts\/8756\/revisions"}],"predecessor-version":[{"id":8757,"href":"https:\/\/hunziker.ag\/fr\/wp-json\/wp\/v2\/posts\/8756\/revisions\/8757"}],"wp:featuredmedia":[{"embeddable":true,"href":"https:\/\/hunziker.ag\/fr\/wp-json\/wp\/v2\/media\/8202"}],"wp:attachment":[{"href":"https:\/\/hunziker.ag\/fr\/wp-json\/wp\/v2\/media?parent=8756"}],"wp:term":[{"taxonomy":"category","embeddable":true,"href":"https:\/\/hunziker.ag\/fr\/wp-json\/wp\/v2\/categories?post=8756"},{"taxonomy":"post_tag","embeddable":true,"href":"https:\/\/hunziker.ag\/fr\/wp-json\/wp\/v2\/tags?post=8756"}],"curies":[{"name":"wp","href":"https:\/\/api.w.org\/{rel}","templated":true}]}}