{"id":8750,"date":"2023-01-11T15:06:00","date_gmt":"2023-01-11T14:06:00","guid":{"rendered":"https:\/\/hunziker.ag\/2023\/01\/11\/forum-economique-mondial\/"},"modified":"2025-11-11T12:28:07","modified_gmt":"2025-11-11T11:28:07","slug":"forum-economique-mondial","status":"publish","type":"post","link":"https:\/\/hunziker.ag\/fr\/2023\/01\/11\/forum-economique-mondial\/","title":{"rendered":"FORUM \u00c9CONOMIQUE MONDIAL"},"content":{"rendered":"\t\t<div data-elementor-type=\"wp-post\" data-elementor-id=\"8750\" class=\"elementor elementor-8750 elementor-1346\" data-elementor-post-type=\"post\">\n\t\t\t\t\t\t<section class=\"elementor-section elementor-top-section elementor-element elementor-element-622885b elementor-section-height-min-height elementor-section-content-middle elementor-section-boxed elementor-section-height-default elementor-section-items-middle\" data-id=\"622885b\" data-element_type=\"section\" data-settings=\"{&quot;background_background&quot;:&quot;classic&quot;}\">\n\t\t\t\t\t\t<div class=\"elementor-container elementor-column-gap-default\">\n\t\t\t\t\t<div class=\"elementor-column elementor-col-100 elementor-top-column elementor-element elementor-element-5d283b62\" data-id=\"5d283b62\" data-element_type=\"column\" data-settings=\"{&quot;background_background&quot;:&quot;classic&quot;}\">\n\t\t\t<div class=\"elementor-widget-wrap elementor-element-populated\">\n\t\t\t\t\t\t<section class=\"elementor-section elementor-inner-section elementor-element elementor-element-564bf75c elementor-section-content-middle elementor-section-boxed elementor-section-height-default elementor-section-height-default\" data-id=\"564bf75c\" data-element_type=\"section\">\n\t\t\t\t\t\t<div class=\"elementor-container elementor-column-gap-default\">\n\t\t\t\t\t<div class=\"elementor-column elementor-col-50 elementor-inner-column elementor-element elementor-element-23d143ad\" data-id=\"23d143ad\" data-element_type=\"column\">\n\t\t\t<div class=\"elementor-widget-wrap elementor-element-populated\">\n\t\t\t\t\t\t<div class=\"elementor-element elementor-element-65277b82 elementor-widget elementor-widget-heading\" data-id=\"65277b82\" data-element_type=\"widget\" data-widget_type=\"heading.default\">\n\t\t\t\t<div class=\"elementor-widget-container\">\n\t\t\t\t\t<h1 class=\"elementor-heading-title elementor-size-default\">FORUM \u00c9CONOMIQUE MONDIAL<\/h1>\t\t\t\t<\/div>\n\t\t\t\t<\/div>\n\t\t\t\t<div class=\"elementor-element elementor-element-3fa4016 elementor-widget elementor-widget-text-editor\" data-id=\"3fa4016\" data-element_type=\"widget\" data-widget_type=\"text-editor.default\">\n\t\t\t\t<div class=\"elementor-widget-container\">\n\t\t\t\t\t\t\t\t\t<p><strong>Le WEF, \u00ab\u00a0la plateforme globale pour la coop\u00e9ration g\u00e9ostrat\u00e9gique\u00a0\u00bb et le \u00ab\u00a0place where leaders meet\u00a0\u00bb, est la vitrine de Davos avec pr\u00e8s de 3&rsquo;000 grands noms internationaux de la politique, de l&rsquo;\u00e9conomie, de la science et de la soci\u00e9t\u00e9. Lors du forum, les questions mondiales les plus urgentes sont discut\u00e9es &#8211; avec pour objectif d&rsquo;am\u00e9liorer l&rsquo;\u00e9tat du monde. <\/strong><\/p><p>Ampleur du projet : planification, montage et d\u00e9montage de tentes Perfetto ; pose de planchers en bois et de tapis ; location de divers mobiliers et installation de syst\u00e8mes de chauffage mobiles.<\/p>\t\t\t\t\t\t\t\t<\/div>\n\t\t\t\t<\/div>\n\t\t\t\t<div class=\"elementor-element elementor-element-42852b9 elementor-align-left elementor-widget elementor-widget-button\" data-id=\"42852b9\" data-element_type=\"widget\" data-widget_type=\"button.default\">\n\t\t\t\t<div class=\"elementor-widget-container\">\n\t\t\t\t\t\t\t\t\t<div class=\"elementor-button-wrapper\">\n\t\t\t\t\t<a class=\"elementor-button elementor-size-sm\" role=\"button\" id=\"back-button\">\n\t\t\t\t\t\t<span class=\"elementor-button-content-wrapper\">\n\t\t\t\t\t\t<span class=\"elementor-button-icon\">\n\t\t\t\t<i aria-hidden=\"true\" class=\"fas fa-arrow-left\"><\/i>\t\t\t<\/span>\n\t\t\t\t\t\t\t\t\t<span class=\"elementor-button-text\">Retour<\/span>\n\t\t\t\t\t<\/span>\n\t\t\t\t\t<\/a>\n\t\t\t\t<\/div>\n\t\t\t\t\t\t\t\t<\/div>\n\t\t\t\t<\/div>\n\t\t\t\t\t<\/div>\n\t\t<\/div>\n\t\t\t\t<div class=\"elementor-column elementor-col-50 elementor-inner-column elementor-element elementor-element-43b0ac0f\" data-id=\"43b0ac0f\" data-element_type=\"column\">\n\t\t\t<div class=\"elementor-widget-wrap elementor-element-populated\">\n\t\t\t\t\t\t<div class=\"elementor-element elementor-element-270fcc2 elementor-pagination-position-outside elementor-widget elementor-widget-image-carousel\" data-id=\"270fcc2\" data-element_type=\"widget\" data-settings=\"{&quot;slides_to_show&quot;:&quot;1&quot;,&quot;navigation&quot;:&quot;dots&quot;,&quot;slides_to_show_tablet&quot;:&quot;1&quot;,&quot;autoplay&quot;:&quot;yes&quot;,&quot;pause_on_hover&quot;:&quot;yes&quot;,&quot;pause_on_interaction&quot;:&quot;yes&quot;,&quot;autoplay_speed&quot;:5000,&quot;infinite&quot;:&quot;yes&quot;,&quot;effect&quot;:&quot;slide&quot;,&quot;speed&quot;:500}\" data-widget_type=\"image-carousel.default\">\n\t\t\t\t<div class=\"elementor-widget-container\">\n\t\t\t\t\t\t\t<div class=\"elementor-image-carousel-wrapper swiper\" role=\"region\" aria-roledescription=\"carousel\" aria-label=\"Bild Karussell\" dir=\"ltr\">\n\t\t\t<div class=\"elementor-image-carousel swiper-wrapper\" aria-live=\"off\">\n\t\t\t\t\t\t\t\t<div class=\"swiper-slide\" role=\"group\" aria-roledescription=\"slide\" aria-label=\"1 sur 1\"><a data-elementor-open-lightbox=\"yes\" data-elementor-lightbox-slideshow=\"270fcc2\" data-elementor-lightbox-title=\"HZ_News_WEF_02\" data-e-action-hash=\"#elementor-action%3Aaction%3Dlightbox%26settings%3DeyJpZCI6ODE3MSwidXJsIjoiaHR0cHM6XC9cL2h1bnppa2VyLmFnXC93cC1jb250ZW50XC91cGxvYWRzXC8yMDIzXC8wMVwvSFpfTmV3c19XRUZfMDIuanBlZyIsInNsaWRlc2hvdyI6IjI3MGZjYzIifQ%3D%3D\" href=\"https:\/\/hunziker.ag\/wp-content\/uploads\/2023\/01\/HZ_News_WEF_02.jpeg\"><figure class=\"swiper-slide-inner\"><img decoding=\"async\" class=\"swiper-slide-image\" src=\"https:\/\/hunziker.ag\/wp-content\/uploads\/2023\/01\/HZ_News_WEF_02.jpeg\" alt=\"Louer une tente VIP\" \/><\/figure><\/a><\/div>\t\t\t<\/div>\n\t\t\t\t\t<\/div>\n\t\t\t\t\t\t<\/div>\n\t\t\t\t<\/div>\n\t\t\t\t<div class=\"elementor-element elementor-element-a80f8e4 elementor-widget elementor-widget-image\" data-id=\"a80f8e4\" data-element_type=\"widget\" data-widget_type=\"image.default\">\n\t\t\t\t<div class=\"elementor-widget-container\">\n\t\t\t\t\t\t\t\t\t\t\t\t\t\t\t\t<a href=\"https:\/\/www.weforum.org\/\" target=\"_blank\">\n\t\t\t\t\t\t\t<img fetchpriority=\"high\" decoding=\"async\" width=\"800\" height=\"495\" src=\"https:\/\/hunziker.ag\/wp-content\/uploads\/2023\/01\/World_Economic_Forum_logo-1024x633.png\" class=\"attachment-large size-large wp-image-9917\" alt=\"\" srcset=\"https:\/\/hunziker.ag\/wp-content\/uploads\/2023\/01\/World_Economic_Forum_logo-1024x633.png 1024w, https:\/\/hunziker.ag\/wp-content\/uploads\/2023\/01\/World_Economic_Forum_logo-300x185.png 300w, https:\/\/hunziker.ag\/wp-content\/uploads\/2023\/01\/World_Economic_Forum_logo-768x475.png 768w, https:\/\/hunziker.ag\/wp-content\/uploads\/2023\/01\/World_Economic_Forum_logo-1536x949.png 1536w, https:\/\/hunziker.ag\/wp-content\/uploads\/2023\/01\/World_Economic_Forum_logo-2048x1266.png 2048w\" sizes=\"(max-width: 800px) 100vw, 800px\" \/>\t\t\t\t\t\t\t\t<\/a>\n\t\t\t\t\t\t\t\t\t\t\t\t\t\t\t<\/div>\n\t\t\t\t<\/div>\n\t\t\t\t\t<\/div>\n\t\t<\/div>\n\t\t\t\t\t<\/div>\n\t\t<\/section>\n\t\t\t\t\t<\/div>\n\t\t<\/div>\n\t\t\t\t\t<\/div>\n\t\t<\/section>\n\t\t\t\t<\/div>\n\t\t","protected":false},"excerpt":{"rendered":"<p>Le WEF, \u00ab\u00a0la plateforme globale pour la coop\u00e9ration g\u00e9ostrat\u00e9gique\u00a0\u00bb et le \u00ab\u00a0place where leaders meet\u00a0\u00bb, est la vitrine de Davos avec pr\u00e8s de 3&rsquo;000 grands noms internationaux de la politique, de l&rsquo;\u00e9conomie, de la science et de la soci\u00e9t\u00e9. Lors du forum, les questions mondiales les plus urgentes sont discut\u00e9es &#8211; avec pour objectif d&rsquo;am\u00e9liorer l&rsquo;\u00e9tat du monde. <\/p>\n","protected":false},"author":2,"featured_media":8171,"comment_status":"closed","ping_status":"open","sticky":false,"template":"elementor_header_footer","format":"standard","meta":{"footnotes":""},"categories":[74],"tags":[],"class_list":["post-8750","post","type-post","status-publish","format-standard","has-post-thumbnail","hentry","category-business-societes"],"yoast_head":"<!-- This site is optimized with the Yoast SEO plugin v26.4 - https:\/\/yoast.com\/wordpress\/plugins\/seo\/ -->\n<title>FORUM \u00c9CONOMIQUE MONDIAL - Hunziker AG<\/title>\n<meta name=\"robots\" content=\"index, follow, max-snippet:-1, max-image-preview:large, max-video-preview:-1\" \/>\n<link rel=\"canonical\" href=\"https:\/\/hunziker.ag\/fr\/2023\/01\/11\/forum-economique-mondial\/\" \/>\n<meta property=\"og:locale\" content=\"fr_FR\" \/>\n<meta property=\"og:type\" content=\"article\" \/>\n<meta property=\"og:title\" content=\"FORUM \u00c9CONOMIQUE MONDIAL - Hunziker AG\" \/>\n<meta property=\"og:description\" content=\"Le WEF, &quot;la plateforme globale pour la coop\u00e9ration g\u00e9ostrat\u00e9gique&quot; et le &quot;place where leaders meet&quot;, est la vitrine de Davos avec pr\u00e8s de 3&#039;000 grands noms internationaux de la politique, de l&#039;\u00e9conomie, de la science et de la soci\u00e9t\u00e9. Lors du forum, les questions mondiales les plus urgentes sont discut\u00e9es - avec pour objectif d&#039;am\u00e9liorer l&#039;\u00e9tat du monde.\" \/>\n<meta property=\"og:url\" content=\"https:\/\/hunziker.ag\/fr\/2023\/01\/11\/forum-economique-mondial\/\" \/>\n<meta property=\"og:site_name\" content=\"Hunziker AG\" \/>\n<meta property=\"article:publisher\" content=\"https:\/\/www.facebook.com\/hunzikerag\" \/>\n<meta property=\"article:published_time\" content=\"2023-01-11T14:06:00+00:00\" \/>\n<meta property=\"article:modified_time\" content=\"2025-11-11T11:28:07+00:00\" \/>\n<meta property=\"og:image\" content=\"https:\/\/hunziker.ag\/wp-content\/uploads\/2023\/01\/HZ_News_WEF_02.jpeg\" \/>\n\t<meta property=\"og:image:width\" content=\"1000\" \/>\n\t<meta property=\"og:image:height\" content=\"800\" \/>\n\t<meta property=\"og:image:type\" content=\"image\/jpeg\" \/>\n<meta name=\"author\" content=\"hunziker\" \/>\n<meta name=\"twitter:card\" content=\"summary_large_image\" \/>\n<meta name=\"twitter:label1\" content=\"\u00c9crit par\" \/>\n\t<meta name=\"twitter:data1\" content=\"hunziker\" \/>\n<script type=\"application\/ld+json\" class=\"yoast-schema-graph\">{\"@context\":\"https:\/\/schema.org\",\"@graph\":[{\"@type\":\"Article\",\"@id\":\"https:\/\/hunziker.ag\/fr\/2023\/01\/11\/forum-economique-mondial\/#article\",\"isPartOf\":{\"@id\":\"https:\/\/hunziker.ag\/fr\/2023\/01\/11\/forum-economique-mondial\/\"},\"author\":{\"name\":\"hunziker\",\"@id\":\"https:\/\/hunziker.ag\/fr\/#\/schema\/person\/5ba60237fbbb91cea570f311bd09f036\"},\"headline\":\"FORUM \u00c9CONOMIQUE MONDIAL\",\"datePublished\":\"2023-01-11T14:06:00+00:00\",\"dateModified\":\"2025-11-11T11:28:07+00:00\",\"mainEntityOfPage\":{\"@id\":\"https:\/\/hunziker.ag\/fr\/2023\/01\/11\/forum-economique-mondial\/\"},\"wordCount\":102,\"publisher\":{\"@id\":\"https:\/\/hunziker.ag\/fr\/#organization\"},\"image\":{\"@id\":\"https:\/\/hunziker.ag\/fr\/2023\/01\/11\/forum-economique-mondial\/#primaryimage\"},\"thumbnailUrl\":\"https:\/\/hunziker.ag\/wp-content\/uploads\/2023\/01\/HZ_News_WEF_02.jpeg\",\"articleSection\":[\"Business\/Soci\u00e9t\u00e9s\"],\"inLanguage\":\"fr-FR\"},{\"@type\":\"WebPage\",\"@id\":\"https:\/\/hunziker.ag\/fr\/2023\/01\/11\/forum-economique-mondial\/\",\"url\":\"https:\/\/hunziker.ag\/fr\/2023\/01\/11\/forum-economique-mondial\/\",\"name\":\"FORUM \u00c9CONOMIQUE MONDIAL - Hunziker AG\",\"isPartOf\":{\"@id\":\"https:\/\/hunziker.ag\/fr\/#website\"},\"primaryImageOfPage\":{\"@id\":\"https:\/\/hunziker.ag\/fr\/2023\/01\/11\/forum-economique-mondial\/#primaryimage\"},\"image\":{\"@id\":\"https:\/\/hunziker.ag\/fr\/2023\/01\/11\/forum-economique-mondial\/#primaryimage\"},\"thumbnailUrl\":\"https:\/\/hunziker.ag\/wp-content\/uploads\/2023\/01\/HZ_News_WEF_02.jpeg\",\"datePublished\":\"2023-01-11T14:06:00+00:00\",\"dateModified\":\"2025-11-11T11:28:07+00:00\",\"breadcrumb\":{\"@id\":\"https:\/\/hunziker.ag\/fr\/2023\/01\/11\/forum-economique-mondial\/#breadcrumb\"},\"inLanguage\":\"fr-FR\",\"potentialAction\":[{\"@type\":\"ReadAction\",\"target\":[\"https:\/\/hunziker.ag\/fr\/2023\/01\/11\/forum-economique-mondial\/\"]}]},{\"@type\":\"ImageObject\",\"inLanguage\":\"fr-FR\",\"@id\":\"https:\/\/hunziker.ag\/fr\/2023\/01\/11\/forum-economique-mondial\/#primaryimage\",\"url\":\"https:\/\/hunziker.ag\/wp-content\/uploads\/2023\/01\/HZ_News_WEF_02.jpeg\",\"contentUrl\":\"https:\/\/hunziker.ag\/wp-content\/uploads\/2023\/01\/HZ_News_WEF_02.jpeg\",\"width\":1000,\"height\":800,\"caption\":\"Louer une tente VIP\"},{\"@type\":\"BreadcrumbList\",\"@id\":\"https:\/\/hunziker.ag\/fr\/2023\/01\/11\/forum-economique-mondial\/#breadcrumb\",\"itemListElement\":[{\"@type\":\"ListItem\",\"position\":1,\"name\":\"Startseite\",\"item\":\"https:\/\/hunziker.ag\/fr\/home\/\"},{\"@type\":\"ListItem\",\"position\":2,\"name\":\"FORUM \u00c9CONOMIQUE MONDIAL\"}]},{\"@type\":\"WebSite\",\"@id\":\"https:\/\/hunziker.ag\/fr\/#website\",\"url\":\"https:\/\/hunziker.ag\/fr\/\",\"name\":\"Hunziker AG\",\"description\":\"Mobile Bauten in jeder Dimension\",\"publisher\":{\"@id\":\"https:\/\/hunziker.ag\/fr\/#organization\"},\"potentialAction\":[{\"@type\":\"SearchAction\",\"target\":{\"@type\":\"EntryPoint\",\"urlTemplate\":\"https:\/\/hunziker.ag\/fr\/?s={search_term_string}\"},\"query-input\":{\"@type\":\"PropertyValueSpecification\",\"valueRequired\":true,\"valueName\":\"search_term_string\"}}],\"inLanguage\":\"fr-FR\"},{\"@type\":\"Organization\",\"@id\":\"https:\/\/hunziker.ag\/fr\/#organization\",\"name\":\"Hunziker AG\",\"url\":\"https:\/\/hunziker.ag\/fr\/\",\"logo\":{\"@type\":\"ImageObject\",\"inLanguage\":\"fr-FR\",\"@id\":\"https:\/\/hunziker.ag\/fr\/#\/schema\/logo\/image\/\",\"url\":\"https:\/\/hunziker.ag\/wp-content\/uploads\/2021\/05\/Favicon_01.png\",\"contentUrl\":\"https:\/\/hunziker.ag\/wp-content\/uploads\/2021\/05\/Favicon_01.png\",\"width\":512,\"height\":512,\"caption\":\"Hunziker AG\"},\"image\":{\"@id\":\"https:\/\/hunziker.ag\/fr\/#\/schema\/logo\/image\/\"},\"sameAs\":[\"https:\/\/www.facebook.com\/hunzikerag\",\"https:\/\/www.instagram.com\/hunzikerag\/\",\"https:\/\/www.linkedin.com\/company\/3173208\/\"]},{\"@type\":\"Person\",\"@id\":\"https:\/\/hunziker.ag\/fr\/#\/schema\/person\/5ba60237fbbb91cea570f311bd09f036\",\"name\":\"hunziker\",\"sameAs\":[\"https:\/\/hunziker.ag\"]}]}<\/script>\n<!-- \/ Yoast SEO plugin. -->","yoast_head_json":{"title":"FORUM \u00c9CONOMIQUE MONDIAL - Hunziker AG","robots":{"index":"index","follow":"follow","max-snippet":"max-snippet:-1","max-image-preview":"max-image-preview:large","max-video-preview":"max-video-preview:-1"},"canonical":"https:\/\/hunziker.ag\/fr\/2023\/01\/11\/forum-economique-mondial\/","og_locale":"fr_FR","og_type":"article","og_title":"FORUM \u00c9CONOMIQUE MONDIAL - Hunziker AG","og_description":"Le WEF, \"la plateforme globale pour la coop\u00e9ration g\u00e9ostrat\u00e9gique\" et le \"place where leaders meet\", est la vitrine de Davos avec pr\u00e8s de 3'000 grands noms internationaux de la politique, de l'\u00e9conomie, de la science et de la soci\u00e9t\u00e9. Lors du forum, les questions mondiales les plus urgentes sont discut\u00e9es - avec pour objectif d'am\u00e9liorer l'\u00e9tat du monde.","og_url":"https:\/\/hunziker.ag\/fr\/2023\/01\/11\/forum-economique-mondial\/","og_site_name":"Hunziker AG","article_publisher":"https:\/\/www.facebook.com\/hunzikerag","article_published_time":"2023-01-11T14:06:00+00:00","article_modified_time":"2025-11-11T11:28:07+00:00","og_image":[{"width":1000,"height":800,"url":"https:\/\/hunziker.ag\/wp-content\/uploads\/2023\/01\/HZ_News_WEF_02.jpeg","type":"image\/jpeg"}],"author":"hunziker","twitter_card":"summary_large_image","twitter_misc":{"\u00c9crit par":"hunziker"},"schema":{"@context":"https:\/\/schema.org","@graph":[{"@type":"Article","@id":"https:\/\/hunziker.ag\/fr\/2023\/01\/11\/forum-economique-mondial\/#article","isPartOf":{"@id":"https:\/\/hunziker.ag\/fr\/2023\/01\/11\/forum-economique-mondial\/"},"author":{"name":"hunziker","@id":"https:\/\/hunziker.ag\/fr\/#\/schema\/person\/5ba60237fbbb91cea570f311bd09f036"},"headline":"FORUM \u00c9CONOMIQUE MONDIAL","datePublished":"2023-01-11T14:06:00+00:00","dateModified":"2025-11-11T11:28:07+00:00","mainEntityOfPage":{"@id":"https:\/\/hunziker.ag\/fr\/2023\/01\/11\/forum-economique-mondial\/"},"wordCount":102,"publisher":{"@id":"https:\/\/hunziker.ag\/fr\/#organization"},"image":{"@id":"https:\/\/hunziker.ag\/fr\/2023\/01\/11\/forum-economique-mondial\/#primaryimage"},"thumbnailUrl":"https:\/\/hunziker.ag\/wp-content\/uploads\/2023\/01\/HZ_News_WEF_02.jpeg","articleSection":["Business\/Soci\u00e9t\u00e9s"],"inLanguage":"fr-FR"},{"@type":"WebPage","@id":"https:\/\/hunziker.ag\/fr\/2023\/01\/11\/forum-economique-mondial\/","url":"https:\/\/hunziker.ag\/fr\/2023\/01\/11\/forum-economique-mondial\/","name":"FORUM \u00c9CONOMIQUE MONDIAL - Hunziker AG","isPartOf":{"@id":"https:\/\/hunziker.ag\/fr\/#website"},"primaryImageOfPage":{"@id":"https:\/\/hunziker.ag\/fr\/2023\/01\/11\/forum-economique-mondial\/#primaryimage"},"image":{"@id":"https:\/\/hunziker.ag\/fr\/2023\/01\/11\/forum-economique-mondial\/#primaryimage"},"thumbnailUrl":"https:\/\/hunziker.ag\/wp-content\/uploads\/2023\/01\/HZ_News_WEF_02.jpeg","datePublished":"2023-01-11T14:06:00+00:00","dateModified":"2025-11-11T11:28:07+00:00","breadcrumb":{"@id":"https:\/\/hunziker.ag\/fr\/2023\/01\/11\/forum-economique-mondial\/#breadcrumb"},"inLanguage":"fr-FR","potentialAction":[{"@type":"ReadAction","target":["https:\/\/hunziker.ag\/fr\/2023\/01\/11\/forum-economique-mondial\/"]}]},{"@type":"ImageObject","inLanguage":"fr-FR","@id":"https:\/\/hunziker.ag\/fr\/2023\/01\/11\/forum-economique-mondial\/#primaryimage","url":"https:\/\/hunziker.ag\/wp-content\/uploads\/2023\/01\/HZ_News_WEF_02.jpeg","contentUrl":"https:\/\/hunziker.ag\/wp-content\/uploads\/2023\/01\/HZ_News_WEF_02.jpeg","width":1000,"height":800,"caption":"Louer une tente VIP"},{"@type":"BreadcrumbList","@id":"https:\/\/hunziker.ag\/fr\/2023\/01\/11\/forum-economique-mondial\/#breadcrumb","itemListElement":[{"@type":"ListItem","position":1,"name":"Startseite","item":"https:\/\/hunziker.ag\/fr\/home\/"},{"@type":"ListItem","position":2,"name":"FORUM \u00c9CONOMIQUE MONDIAL"}]},{"@type":"WebSite","@id":"https:\/\/hunziker.ag\/fr\/#website","url":"https:\/\/hunziker.ag\/fr\/","name":"Hunziker AG","description":"Mobile Bauten in jeder Dimension","publisher":{"@id":"https:\/\/hunziker.ag\/fr\/#organization"},"potentialAction":[{"@type":"SearchAction","target":{"@type":"EntryPoint","urlTemplate":"https:\/\/hunziker.ag\/fr\/?s={search_term_string}"},"query-input":{"@type":"PropertyValueSpecification","valueRequired":true,"valueName":"search_term_string"}}],"inLanguage":"fr-FR"},{"@type":"Organization","@id":"https:\/\/hunziker.ag\/fr\/#organization","name":"Hunziker AG","url":"https:\/\/hunziker.ag\/fr\/","logo":{"@type":"ImageObject","inLanguage":"fr-FR","@id":"https:\/\/hunziker.ag\/fr\/#\/schema\/logo\/image\/","url":"https:\/\/hunziker.ag\/wp-content\/uploads\/2021\/05\/Favicon_01.png","contentUrl":"https:\/\/hunziker.ag\/wp-content\/uploads\/2021\/05\/Favicon_01.png","width":512,"height":512,"caption":"Hunziker AG"},"image":{"@id":"https:\/\/hunziker.ag\/fr\/#\/schema\/logo\/image\/"},"sameAs":["https:\/\/www.facebook.com\/hunzikerag","https:\/\/www.instagram.com\/hunzikerag\/","https:\/\/www.linkedin.com\/company\/3173208\/"]},{"@type":"Person","@id":"https:\/\/hunziker.ag\/fr\/#\/schema\/person\/5ba60237fbbb91cea570f311bd09f036","name":"hunziker","sameAs":["https:\/\/hunziker.ag"]}]}},"_links":{"self":[{"href":"https:\/\/hunziker.ag\/fr\/wp-json\/wp\/v2\/posts\/8750","targetHints":{"allow":["GET"]}}],"collection":[{"href":"https:\/\/hunziker.ag\/fr\/wp-json\/wp\/v2\/posts"}],"about":[{"href":"https:\/\/hunziker.ag\/fr\/wp-json\/wp\/v2\/types\/post"}],"author":[{"embeddable":true,"href":"https:\/\/hunziker.ag\/fr\/wp-json\/wp\/v2\/users\/2"}],"replies":[{"embeddable":true,"href":"https:\/\/hunziker.ag\/fr\/wp-json\/wp\/v2\/comments?post=8750"}],"version-history":[{"count":4,"href":"https:\/\/hunziker.ag\/fr\/wp-json\/wp\/v2\/posts\/8750\/revisions"}],"predecessor-version":[{"id":10048,"href":"https:\/\/hunziker.ag\/fr\/wp-json\/wp\/v2\/posts\/8750\/revisions\/10048"}],"wp:featuredmedia":[{"embeddable":true,"href":"https:\/\/hunziker.ag\/fr\/wp-json\/wp\/v2\/media\/8171"}],"wp:attachment":[{"href":"https:\/\/hunziker.ag\/fr\/wp-json\/wp\/v2\/media?parent=8750"}],"wp:term":[{"taxonomy":"category","embeddable":true,"href":"https:\/\/hunziker.ag\/fr\/wp-json\/wp\/v2\/categories?post=8750"},{"taxonomy":"post_tag","embeddable":true,"href":"https:\/\/hunziker.ag\/fr\/wp-json\/wp\/v2\/tags?post=8750"}],"curies":[{"name":"wp","href":"https:\/\/api.w.org\/{rel}","templated":true}]}}