{"id":8743,"date":"2021-04-05T13:25:39","date_gmt":"2021-04-05T11:25:39","guid":{"rendered":"https:\/\/hunziker.ag\/2021\/04\/05\/serie-dok-luzern-im-coronajahr-lucerne-en-annee-couronne\/"},"modified":"2025-11-14T11:00:48","modified_gmt":"2025-11-14T10:00:48","slug":"serie-dok-luzern-im-coronajahr-lucerne-en-annee-couronne","status":"publish","type":"post","link":"https:\/\/hunziker.ag\/fr\/2021\/04\/05\/serie-dok-luzern-im-coronajahr-lucerne-en-annee-couronne\/","title":{"rendered":"S\u00c9RIE \u00ab\u00a0DOK\u00a0\u00bb : \u00ab\u00a0LUZERN IM CORONAJAHR\u00a0\u00bb (LUCERNE EN ANN\u00c9E COURONNE)"},"content":{"rendered":"\t\t<div data-elementor-type=\"wp-post\" data-elementor-id=\"8743\" class=\"elementor elementor-8743 elementor-6576\" data-elementor-post-type=\"post\">\n\t\t\t\t\t\t<section class=\"elementor-section elementor-top-section elementor-element elementor-element-a666e1c elementor-section-height-min-height elementor-section-content-middle elementor-section-boxed elementor-section-height-default elementor-section-items-middle\" data-id=\"a666e1c\" data-element_type=\"section\" data-settings=\"{&quot;background_background&quot;:&quot;classic&quot;}\">\n\t\t\t\t\t\t<div class=\"elementor-container elementor-column-gap-default\">\n\t\t\t\t\t<div class=\"elementor-column elementor-col-100 elementor-top-column elementor-element elementor-element-30542295\" data-id=\"30542295\" data-element_type=\"column\" data-settings=\"{&quot;background_background&quot;:&quot;classic&quot;}\">\n\t\t\t<div class=\"elementor-widget-wrap elementor-element-populated\">\n\t\t\t\t\t\t<section class=\"elementor-section elementor-inner-section elementor-element elementor-element-4544f77c elementor-section-content-middle elementor-section-boxed elementor-section-height-default elementor-section-height-default\" data-id=\"4544f77c\" data-element_type=\"section\">\n\t\t\t\t\t\t<div class=\"elementor-container elementor-column-gap-default\">\n\t\t\t\t\t<div class=\"elementor-column elementor-col-50 elementor-inner-column elementor-element elementor-element-5c174452\" data-id=\"5c174452\" data-element_type=\"column\">\n\t\t\t<div class=\"elementor-widget-wrap elementor-element-populated\">\n\t\t\t\t\t\t<div class=\"elementor-element elementor-element-e90e420 elementor-widget elementor-widget-theme-post-title elementor-page-title elementor-widget-heading\" data-id=\"e90e420\" data-element_type=\"widget\" data-widget_type=\"theme-post-title.default\">\n\t\t\t\t<div class=\"elementor-widget-container\">\n\t\t\t\t\t<h1 class=\"elementor-heading-title elementor-size-default\">S\u00c9RIE \u00ab\u00a0DOK\u00a0\u00bb : \u00ab\u00a0LUZERN IM CORONAJAHR\u00a0\u00bb (LUCERNE EN ANN\u00c9E COURONNE)<\/h1>\t\t\t\t<\/div>\n\t\t\t\t<\/div>\n\t\t\t\t<div class=\"elementor-element elementor-element-5ab2aa4 elementor-widget elementor-widget-theme-post-excerpt\" data-id=\"5ab2aa4\" data-element_type=\"widget\" data-widget_type=\"theme-post-excerpt.default\">\n\t\t\t\t<div class=\"elementor-widget-container\">\n\t\t\t\t\tPendant la crise historique de la Corona, plusieurs entreprises de la r\u00e9gion de Lucerne se sont fait accompagner par SRF DOK pendant un an. Elles racontent leurs histoires tr\u00e8s personnelles dans une s\u00e9rie en quatre parties. \t\t\t\t<\/div>\n\t\t\t\t<\/div>\n\t\t\t\t<div class=\"elementor-element elementor-element-3f8d83dc elementor-widget elementor-widget-text-editor\" data-id=\"3f8d83dc\" data-element_type=\"widget\" data-widget_type=\"text-editor.default\">\n\t\t\t\t<div class=\"elementor-widget-container\">\n\t\t\t\t\t\t\t\t\t<p>La soci\u00e9t\u00e9 Hunziker AG a notamment \u00e9t\u00e9 accompagn\u00e9e. En tant que plus grand constructeur de chapiteaux de Suisse, elle a organis\u00e9 les plus grands \u00e9v\u00e9nements avant Corona. Mais pendant la p\u00e9riode de Corona, o\u00f9 aucun \u00e9v\u00e9nement n&rsquo;a lieu, il n&rsquo;y a pas besoin de chapiteaux et les carnets de commande sont vides. D\u00e9couvrez les histoires des entreprises dont nous avons fait le portrait dans la s\u00e9rie DOK en quatre parties.     <\/p><p><a href=\"https:\/\/www.srf.ch\/play\/tv\/dok\/video\/luzern-im-coronajahr---folge-1?urn=urn:srf:video:f736e13e-79e4-4c59-a86a-663bcaa85005\">SRF PLAY &#8211; Partie 1-4<\/a><\/p>\t\t\t\t\t\t\t\t<\/div>\n\t\t\t\t<\/div>\n\t\t\t\t<div class=\"elementor-element elementor-element-a1ce2fa elementor-align-left elementor-widget elementor-widget-button\" data-id=\"a1ce2fa\" data-element_type=\"widget\" data-widget_type=\"button.default\">\n\t\t\t\t<div class=\"elementor-widget-container\">\n\t\t\t\t\t\t\t\t\t<div class=\"elementor-button-wrapper\">\n\t\t\t\t\t<a class=\"elementor-button elementor-size-sm\" role=\"button\" id=\"back-button\">\n\t\t\t\t\t\t<span class=\"elementor-button-content-wrapper\">\n\t\t\t\t\t\t<span class=\"elementor-button-icon\">\n\t\t\t\t<i aria-hidden=\"true\" class=\"fas fa-arrow-left\"><\/i>\t\t\t<\/span>\n\t\t\t\t\t\t\t\t\t<span class=\"elementor-button-text\">Retour<\/span>\n\t\t\t\t\t<\/span>\n\t\t\t\t\t<\/a>\n\t\t\t\t<\/div>\n\t\t\t\t\t\t\t\t<\/div>\n\t\t\t\t<\/div>\n\t\t\t\t\t<\/div>\n\t\t<\/div>\n\t\t\t\t<div class=\"elementor-column elementor-col-50 elementor-inner-column elementor-element elementor-element-5699f3a3\" data-id=\"5699f3a3\" data-element_type=\"column\">\n\t\t\t<div class=\"elementor-widget-wrap elementor-element-populated\">\n\t\t\t\t\t\t<div class=\"elementor-element elementor-element-157b524d elementor-pagination-position-outside elementor-widget elementor-widget-image-carousel\" data-id=\"157b524d\" data-element_type=\"widget\" data-settings=\"{&quot;slides_to_show&quot;:&quot;1&quot;,&quot;navigation&quot;:&quot;dots&quot;,&quot;slides_to_show_tablet&quot;:&quot;1&quot;,&quot;autoplay&quot;:&quot;yes&quot;,&quot;pause_on_hover&quot;:&quot;yes&quot;,&quot;pause_on_interaction&quot;:&quot;yes&quot;,&quot;autoplay_speed&quot;:5000,&quot;infinite&quot;:&quot;yes&quot;,&quot;effect&quot;:&quot;slide&quot;,&quot;speed&quot;:500}\" data-widget_type=\"image-carousel.default\">\n\t\t\t\t<div class=\"elementor-widget-container\">\n\t\t\t\t\t\t\t<div class=\"elementor-image-carousel-wrapper swiper\" role=\"region\" aria-roledescription=\"carousel\" aria-label=\"Carrousel d\u2019images\" dir=\"ltr\">\n\t\t\t<div class=\"elementor-image-carousel swiper-wrapper\" aria-live=\"off\">\n\t\t\t\t\t\t\t\t<div class=\"swiper-slide\" role=\"group\" aria-roledescription=\"slide\" aria-label=\"1 sur 1\"><a data-elementor-open-lightbox=\"yes\" data-elementor-lightbox-slideshow=\"157b524d\" data-elementor-lightbox-title=\"Maxresdefault\" data-e-action-hash=\"#elementor-action%3Aaction%3Dlightbox%26settings%3DeyJpZCI6ODMxNywidXJsIjoiaHR0cHM6XC9cL2h1bnppa2VyLmFnXC93cC1jb250ZW50XC91cGxvYWRzXC8yMDIzXC8wOVwvbWF4cmVzZGVmYXVsdC5qcGciLCJzbGlkZXNob3ciOiIxNTdiNTI0ZCJ9\" href=\"https:\/\/hunziker.ag\/wp-content\/uploads\/2023\/09\/maxresdefault.jpg\"><figure class=\"swiper-slide-inner\"><img decoding=\"async\" class=\"swiper-slide-image\" src=\"https:\/\/hunziker.ag\/wp-content\/uploads\/2023\/09\/maxresdefault.jpg\" alt=\"Maxresdefault\" \/><\/figure><\/a><\/div>\t\t\t<\/div>\n\t\t\t\t\t<\/div>\n\t\t\t\t\t\t<\/div>\n\t\t\t\t<\/div>\n\t\t\t\t\t<\/div>\n\t\t<\/div>\n\t\t\t\t\t<\/div>\n\t\t<\/section>\n\t\t\t\t\t<\/div>\n\t\t<\/div>\n\t\t\t\t\t<\/div>\n\t\t<\/section>\n\t\t\t\t<\/div>\n\t\t","protected":false},"excerpt":{"rendered":"<p>Pendant la crise historique de la Corona, plusieurs entreprises de la r\u00e9gion de Lucerne se sont fait accompagner par SRF DOK pendant un an. Elles racontent leurs histoires tr\u00e8s personnelles dans une s\u00e9rie en quatre parties. <\/p>\n","protected":false},"author":2,"featured_media":8317,"comment_status":"closed","ping_status":"open","sticky":false,"template":"elementor_header_footer","format":"standard","meta":{"footnotes":""},"categories":[73],"tags":[],"class_list":["post-8743","post","type-post","status-publish","format-standard","has-post-thumbnail","hentry","category-actualites"],"yoast_head":"<!-- This site is optimized with the Yoast SEO plugin v26.4 - https:\/\/yoast.com\/wordpress\/plugins\/seo\/ -->\n<title>S\u00c9RIE &quot;DOK&quot; : &quot;LUZERN IM CORONAJAHR&quot; (LUCERNE EN ANN\u00c9E COURONNE) - Hunziker AG<\/title>\n<meta name=\"robots\" content=\"index, follow, max-snippet:-1, max-image-preview:large, max-video-preview:-1\" \/>\n<link rel=\"canonical\" href=\"https:\/\/hunziker.ag\/fr\/2021\/04\/05\/serie-dok-luzern-im-coronajahr-lucerne-en-annee-couronne\/\" \/>\n<meta property=\"og:locale\" content=\"fr_FR\" \/>\n<meta property=\"og:type\" content=\"article\" \/>\n<meta property=\"og:title\" content=\"S\u00c9RIE &quot;DOK&quot; : &quot;LUZERN IM CORONAJAHR&quot; (LUCERNE EN ANN\u00c9E COURONNE) - Hunziker AG\" \/>\n<meta property=\"og:description\" content=\"Pendant la crise historique de la Corona, plusieurs entreprises de la r\u00e9gion de Lucerne se sont fait accompagner par SRF DOK pendant un an. Elles racontent leurs histoires tr\u00e8s personnelles dans une s\u00e9rie en quatre parties.\" \/>\n<meta property=\"og:url\" content=\"https:\/\/hunziker.ag\/fr\/2021\/04\/05\/serie-dok-luzern-im-coronajahr-lucerne-en-annee-couronne\/\" \/>\n<meta property=\"og:site_name\" content=\"Hunziker AG\" \/>\n<meta property=\"article:publisher\" content=\"https:\/\/www.facebook.com\/hunzikerag\" \/>\n<meta property=\"article:published_time\" content=\"2021-04-05T11:25:39+00:00\" \/>\n<meta property=\"article:modified_time\" content=\"2025-11-14T10:00:48+00:00\" \/>\n<meta property=\"og:image\" content=\"https:\/\/hunziker.ag\/wp-content\/uploads\/2023\/09\/maxresdefault.jpg\" \/>\n\t<meta property=\"og:image:width\" content=\"1280\" \/>\n\t<meta property=\"og:image:height\" content=\"720\" \/>\n\t<meta property=\"og:image:type\" content=\"image\/jpeg\" \/>\n<meta name=\"author\" content=\"hunziker\" \/>\n<meta name=\"twitter:card\" content=\"summary_large_image\" \/>\n<meta name=\"twitter:label1\" content=\"\u00c9crit par\" \/>\n\t<meta name=\"twitter:data1\" content=\"hunziker\" \/>\n<script type=\"application\/ld+json\" class=\"yoast-schema-graph\">{\"@context\":\"https:\/\/schema.org\",\"@graph\":[{\"@type\":\"Article\",\"@id\":\"https:\/\/hunziker.ag\/fr\/2021\/04\/05\/serie-dok-luzern-im-coronajahr-lucerne-en-annee-couronne\/#article\",\"isPartOf\":{\"@id\":\"https:\/\/hunziker.ag\/fr\/2021\/04\/05\/serie-dok-luzern-im-coronajahr-lucerne-en-annee-couronne\/\"},\"author\":{\"name\":\"hunziker\",\"@id\":\"https:\/\/hunziker.ag\/fr\/#\/schema\/person\/5ba60237fbbb91cea570f311bd09f036\"},\"headline\":\"S\u00c9RIE \u00ab\u00a0DOK\u00a0\u00bb : \u00ab\u00a0LUZERN IM CORONAJAHR\u00a0\u00bb (LUCERNE EN ANN\u00c9E COURONNE)\",\"datePublished\":\"2021-04-05T11:25:39+00:00\",\"dateModified\":\"2025-11-14T10:00:48+00:00\",\"mainEntityOfPage\":{\"@id\":\"https:\/\/hunziker.ag\/fr\/2021\/04\/05\/serie-dok-luzern-im-coronajahr-lucerne-en-annee-couronne\/\"},\"wordCount\":96,\"publisher\":{\"@id\":\"https:\/\/hunziker.ag\/fr\/#organization\"},\"image\":{\"@id\":\"https:\/\/hunziker.ag\/fr\/2021\/04\/05\/serie-dok-luzern-im-coronajahr-lucerne-en-annee-couronne\/#primaryimage\"},\"thumbnailUrl\":\"https:\/\/hunziker.ag\/wp-content\/uploads\/2023\/09\/maxresdefault.jpg\",\"articleSection\":[\"ACTUALIT\u00c9S\"],\"inLanguage\":\"fr-FR\"},{\"@type\":\"WebPage\",\"@id\":\"https:\/\/hunziker.ag\/fr\/2021\/04\/05\/serie-dok-luzern-im-coronajahr-lucerne-en-annee-couronne\/\",\"url\":\"https:\/\/hunziker.ag\/fr\/2021\/04\/05\/serie-dok-luzern-im-coronajahr-lucerne-en-annee-couronne\/\",\"name\":\"S\u00c9RIE \\\"DOK\\\" : \\\"LUZERN IM CORONAJAHR\\\" (LUCERNE EN ANN\u00c9E COURONNE) - Hunziker AG\",\"isPartOf\":{\"@id\":\"https:\/\/hunziker.ag\/fr\/#website\"},\"primaryImageOfPage\":{\"@id\":\"https:\/\/hunziker.ag\/fr\/2021\/04\/05\/serie-dok-luzern-im-coronajahr-lucerne-en-annee-couronne\/#primaryimage\"},\"image\":{\"@id\":\"https:\/\/hunziker.ag\/fr\/2021\/04\/05\/serie-dok-luzern-im-coronajahr-lucerne-en-annee-couronne\/#primaryimage\"},\"thumbnailUrl\":\"https:\/\/hunziker.ag\/wp-content\/uploads\/2023\/09\/maxresdefault.jpg\",\"datePublished\":\"2021-04-05T11:25:39+00:00\",\"dateModified\":\"2025-11-14T10:00:48+00:00\",\"breadcrumb\":{\"@id\":\"https:\/\/hunziker.ag\/fr\/2021\/04\/05\/serie-dok-luzern-im-coronajahr-lucerne-en-annee-couronne\/#breadcrumb\"},\"inLanguage\":\"fr-FR\",\"potentialAction\":[{\"@type\":\"ReadAction\",\"target\":[\"https:\/\/hunziker.ag\/fr\/2021\/04\/05\/serie-dok-luzern-im-coronajahr-lucerne-en-annee-couronne\/\"]}]},{\"@type\":\"ImageObject\",\"inLanguage\":\"fr-FR\",\"@id\":\"https:\/\/hunziker.ag\/fr\/2021\/04\/05\/serie-dok-luzern-im-coronajahr-lucerne-en-annee-couronne\/#primaryimage\",\"url\":\"https:\/\/hunziker.ag\/wp-content\/uploads\/2023\/09\/maxresdefault.jpg\",\"contentUrl\":\"https:\/\/hunziker.ag\/wp-content\/uploads\/2023\/09\/maxresdefault.jpg\",\"width\":1280,\"height\":720},{\"@type\":\"BreadcrumbList\",\"@id\":\"https:\/\/hunziker.ag\/fr\/2021\/04\/05\/serie-dok-luzern-im-coronajahr-lucerne-en-annee-couronne\/#breadcrumb\",\"itemListElement\":[{\"@type\":\"ListItem\",\"position\":1,\"name\":\"Startseite\",\"item\":\"https:\/\/hunziker.ag\/fr\/home\/\"},{\"@type\":\"ListItem\",\"position\":2,\"name\":\"S\u00c9RIE &#8222;DOK&#8220; : &#8222;LUZERN IM CORONAJAHR&#8220; (LUCERNE EN ANN\u00c9E COURONNE)\"}]},{\"@type\":\"WebSite\",\"@id\":\"https:\/\/hunziker.ag\/fr\/#website\",\"url\":\"https:\/\/hunziker.ag\/fr\/\",\"name\":\"Hunziker AG\",\"description\":\"Mobile Bauten in jeder Dimension\",\"publisher\":{\"@id\":\"https:\/\/hunziker.ag\/fr\/#organization\"},\"potentialAction\":[{\"@type\":\"SearchAction\",\"target\":{\"@type\":\"EntryPoint\",\"urlTemplate\":\"https:\/\/hunziker.ag\/fr\/?s={search_term_string}\"},\"query-input\":{\"@type\":\"PropertyValueSpecification\",\"valueRequired\":true,\"valueName\":\"search_term_string\"}}],\"inLanguage\":\"fr-FR\"},{\"@type\":\"Organization\",\"@id\":\"https:\/\/hunziker.ag\/fr\/#organization\",\"name\":\"Hunziker AG\",\"url\":\"https:\/\/hunziker.ag\/fr\/\",\"logo\":{\"@type\":\"ImageObject\",\"inLanguage\":\"fr-FR\",\"@id\":\"https:\/\/hunziker.ag\/fr\/#\/schema\/logo\/image\/\",\"url\":\"https:\/\/hunziker.ag\/wp-content\/uploads\/2021\/05\/Favicon_01.png\",\"contentUrl\":\"https:\/\/hunziker.ag\/wp-content\/uploads\/2021\/05\/Favicon_01.png\",\"width\":512,\"height\":512,\"caption\":\"Hunziker AG\"},\"image\":{\"@id\":\"https:\/\/hunziker.ag\/fr\/#\/schema\/logo\/image\/\"},\"sameAs\":[\"https:\/\/www.facebook.com\/hunzikerag\",\"https:\/\/www.instagram.com\/hunzikerag\/\",\"https:\/\/www.linkedin.com\/company\/3173208\/\"]},{\"@type\":\"Person\",\"@id\":\"https:\/\/hunziker.ag\/fr\/#\/schema\/person\/5ba60237fbbb91cea570f311bd09f036\",\"name\":\"hunziker\",\"sameAs\":[\"https:\/\/hunziker.ag\"]}]}<\/script>\n<!-- \/ Yoast SEO plugin. -->","yoast_head_json":{"title":"S\u00c9RIE \"DOK\" : \"LUZERN IM CORONAJAHR\" (LUCERNE EN ANN\u00c9E COURONNE) - Hunziker AG","robots":{"index":"index","follow":"follow","max-snippet":"max-snippet:-1","max-image-preview":"max-image-preview:large","max-video-preview":"max-video-preview:-1"},"canonical":"https:\/\/hunziker.ag\/fr\/2021\/04\/05\/serie-dok-luzern-im-coronajahr-lucerne-en-annee-couronne\/","og_locale":"fr_FR","og_type":"article","og_title":"S\u00c9RIE \"DOK\" : \"LUZERN IM CORONAJAHR\" (LUCERNE EN ANN\u00c9E COURONNE) - Hunziker AG","og_description":"Pendant la crise historique de la Corona, plusieurs entreprises de la r\u00e9gion de Lucerne se sont fait accompagner par SRF DOK pendant un an. Elles racontent leurs histoires tr\u00e8s personnelles dans une s\u00e9rie en quatre parties.","og_url":"https:\/\/hunziker.ag\/fr\/2021\/04\/05\/serie-dok-luzern-im-coronajahr-lucerne-en-annee-couronne\/","og_site_name":"Hunziker AG","article_publisher":"https:\/\/www.facebook.com\/hunzikerag","article_published_time":"2021-04-05T11:25:39+00:00","article_modified_time":"2025-11-14T10:00:48+00:00","og_image":[{"width":1280,"height":720,"url":"https:\/\/hunziker.ag\/wp-content\/uploads\/2023\/09\/maxresdefault.jpg","type":"image\/jpeg"}],"author":"hunziker","twitter_card":"summary_large_image","twitter_misc":{"\u00c9crit par":"hunziker"},"schema":{"@context":"https:\/\/schema.org","@graph":[{"@type":"Article","@id":"https:\/\/hunziker.ag\/fr\/2021\/04\/05\/serie-dok-luzern-im-coronajahr-lucerne-en-annee-couronne\/#article","isPartOf":{"@id":"https:\/\/hunziker.ag\/fr\/2021\/04\/05\/serie-dok-luzern-im-coronajahr-lucerne-en-annee-couronne\/"},"author":{"name":"hunziker","@id":"https:\/\/hunziker.ag\/fr\/#\/schema\/person\/5ba60237fbbb91cea570f311bd09f036"},"headline":"S\u00c9RIE \u00ab\u00a0DOK\u00a0\u00bb : \u00ab\u00a0LUZERN IM CORONAJAHR\u00a0\u00bb (LUCERNE EN ANN\u00c9E COURONNE)","datePublished":"2021-04-05T11:25:39+00:00","dateModified":"2025-11-14T10:00:48+00:00","mainEntityOfPage":{"@id":"https:\/\/hunziker.ag\/fr\/2021\/04\/05\/serie-dok-luzern-im-coronajahr-lucerne-en-annee-couronne\/"},"wordCount":96,"publisher":{"@id":"https:\/\/hunziker.ag\/fr\/#organization"},"image":{"@id":"https:\/\/hunziker.ag\/fr\/2021\/04\/05\/serie-dok-luzern-im-coronajahr-lucerne-en-annee-couronne\/#primaryimage"},"thumbnailUrl":"https:\/\/hunziker.ag\/wp-content\/uploads\/2023\/09\/maxresdefault.jpg","articleSection":["ACTUALIT\u00c9S"],"inLanguage":"fr-FR"},{"@type":"WebPage","@id":"https:\/\/hunziker.ag\/fr\/2021\/04\/05\/serie-dok-luzern-im-coronajahr-lucerne-en-annee-couronne\/","url":"https:\/\/hunziker.ag\/fr\/2021\/04\/05\/serie-dok-luzern-im-coronajahr-lucerne-en-annee-couronne\/","name":"S\u00c9RIE \"DOK\" : \"LUZERN IM CORONAJAHR\" (LUCERNE EN ANN\u00c9E COURONNE) - Hunziker AG","isPartOf":{"@id":"https:\/\/hunziker.ag\/fr\/#website"},"primaryImageOfPage":{"@id":"https:\/\/hunziker.ag\/fr\/2021\/04\/05\/serie-dok-luzern-im-coronajahr-lucerne-en-annee-couronne\/#primaryimage"},"image":{"@id":"https:\/\/hunziker.ag\/fr\/2021\/04\/05\/serie-dok-luzern-im-coronajahr-lucerne-en-annee-couronne\/#primaryimage"},"thumbnailUrl":"https:\/\/hunziker.ag\/wp-content\/uploads\/2023\/09\/maxresdefault.jpg","datePublished":"2021-04-05T11:25:39+00:00","dateModified":"2025-11-14T10:00:48+00:00","breadcrumb":{"@id":"https:\/\/hunziker.ag\/fr\/2021\/04\/05\/serie-dok-luzern-im-coronajahr-lucerne-en-annee-couronne\/#breadcrumb"},"inLanguage":"fr-FR","potentialAction":[{"@type":"ReadAction","target":["https:\/\/hunziker.ag\/fr\/2021\/04\/05\/serie-dok-luzern-im-coronajahr-lucerne-en-annee-couronne\/"]}]},{"@type":"ImageObject","inLanguage":"fr-FR","@id":"https:\/\/hunziker.ag\/fr\/2021\/04\/05\/serie-dok-luzern-im-coronajahr-lucerne-en-annee-couronne\/#primaryimage","url":"https:\/\/hunziker.ag\/wp-content\/uploads\/2023\/09\/maxresdefault.jpg","contentUrl":"https:\/\/hunziker.ag\/wp-content\/uploads\/2023\/09\/maxresdefault.jpg","width":1280,"height":720},{"@type":"BreadcrumbList","@id":"https:\/\/hunziker.ag\/fr\/2021\/04\/05\/serie-dok-luzern-im-coronajahr-lucerne-en-annee-couronne\/#breadcrumb","itemListElement":[{"@type":"ListItem","position":1,"name":"Startseite","item":"https:\/\/hunziker.ag\/fr\/home\/"},{"@type":"ListItem","position":2,"name":"S\u00c9RIE &#8222;DOK&#8220; : &#8222;LUZERN IM CORONAJAHR&#8220; (LUCERNE EN ANN\u00c9E COURONNE)"}]},{"@type":"WebSite","@id":"https:\/\/hunziker.ag\/fr\/#website","url":"https:\/\/hunziker.ag\/fr\/","name":"Hunziker AG","description":"Mobile Bauten in jeder Dimension","publisher":{"@id":"https:\/\/hunziker.ag\/fr\/#organization"},"potentialAction":[{"@type":"SearchAction","target":{"@type":"EntryPoint","urlTemplate":"https:\/\/hunziker.ag\/fr\/?s={search_term_string}"},"query-input":{"@type":"PropertyValueSpecification","valueRequired":true,"valueName":"search_term_string"}}],"inLanguage":"fr-FR"},{"@type":"Organization","@id":"https:\/\/hunziker.ag\/fr\/#organization","name":"Hunziker AG","url":"https:\/\/hunziker.ag\/fr\/","logo":{"@type":"ImageObject","inLanguage":"fr-FR","@id":"https:\/\/hunziker.ag\/fr\/#\/schema\/logo\/image\/","url":"https:\/\/hunziker.ag\/wp-content\/uploads\/2021\/05\/Favicon_01.png","contentUrl":"https:\/\/hunziker.ag\/wp-content\/uploads\/2021\/05\/Favicon_01.png","width":512,"height":512,"caption":"Hunziker AG"},"image":{"@id":"https:\/\/hunziker.ag\/fr\/#\/schema\/logo\/image\/"},"sameAs":["https:\/\/www.facebook.com\/hunzikerag","https:\/\/www.instagram.com\/hunzikerag\/","https:\/\/www.linkedin.com\/company\/3173208\/"]},{"@type":"Person","@id":"https:\/\/hunziker.ag\/fr\/#\/schema\/person\/5ba60237fbbb91cea570f311bd09f036","name":"hunziker","sameAs":["https:\/\/hunziker.ag"]}]}},"_links":{"self":[{"href":"https:\/\/hunziker.ag\/fr\/wp-json\/wp\/v2\/posts\/8743","targetHints":{"allow":["GET"]}}],"collection":[{"href":"https:\/\/hunziker.ag\/fr\/wp-json\/wp\/v2\/posts"}],"about":[{"href":"https:\/\/hunziker.ag\/fr\/wp-json\/wp\/v2\/types\/post"}],"author":[{"embeddable":true,"href":"https:\/\/hunziker.ag\/fr\/wp-json\/wp\/v2\/users\/2"}],"replies":[{"embeddable":true,"href":"https:\/\/hunziker.ag\/fr\/wp-json\/wp\/v2\/comments?post=8743"}],"version-history":[{"count":1,"href":"https:\/\/hunziker.ag\/fr\/wp-json\/wp\/v2\/posts\/8743\/revisions"}],"predecessor-version":[{"id":8744,"href":"https:\/\/hunziker.ag\/fr\/wp-json\/wp\/v2\/posts\/8743\/revisions\/8744"}],"wp:featuredmedia":[{"embeddable":true,"href":"https:\/\/hunziker.ag\/fr\/wp-json\/wp\/v2\/media\/8317"}],"wp:attachment":[{"href":"https:\/\/hunziker.ag\/fr\/wp-json\/wp\/v2\/media?parent=8743"}],"wp:term":[{"taxonomy":"category","embeddable":true,"href":"https:\/\/hunziker.ag\/fr\/wp-json\/wp\/v2\/categories?post=8743"},{"taxonomy":"post_tag","embeddable":true,"href":"https:\/\/hunziker.ag\/fr\/wp-json\/wp\/v2\/tags?post=8743"}],"curies":[{"name":"wp","href":"https:\/\/api.w.org\/{rel}","templated":true}]}}