{"id":8725,"date":"2012-08-31T15:45:41","date_gmt":"2012-08-31T13:45:41","guid":{"rendered":"https:\/\/hunziker.ag\/2012\/08\/31\/couverture-de-pont-obergoesgen\/"},"modified":"2025-11-10T14:50:34","modified_gmt":"2025-11-10T13:50:34","slug":"couverture-de-pont-obergoesgen","status":"publish","type":"post","link":"https:\/\/hunziker.ag\/fr\/2012\/08\/31\/couverture-de-pont-obergoesgen\/","title":{"rendered":"COUVERTURE DE PONT, OBERG\u00d6SGEN"},"content":{"rendered":"\t\t<div data-elementor-type=\"wp-post\" data-elementor-id=\"8725\" class=\"elementor elementor-8725 elementor-3535\" data-elementor-post-type=\"post\">\n\t\t\t\t\t\t<section class=\"elementor-section elementor-top-section elementor-element elementor-element-0faddf2 elementor-section-height-min-height elementor-section-content-middle elementor-section-boxed elementor-section-height-default elementor-section-items-middle\" data-id=\"0faddf2\" data-element_type=\"section\" data-settings=\"{&quot;background_background&quot;:&quot;classic&quot;}\">\n\t\t\t\t\t\t<div class=\"elementor-container elementor-column-gap-default\">\n\t\t\t\t\t<div class=\"elementor-column elementor-col-100 elementor-top-column elementor-element elementor-element-3c719d6\" data-id=\"3c719d6\" data-element_type=\"column\" data-settings=\"{&quot;background_background&quot;:&quot;classic&quot;}\">\n\t\t\t<div class=\"elementor-widget-wrap elementor-element-populated\">\n\t\t\t\t\t\t<section class=\"elementor-section elementor-inner-section elementor-element elementor-element-25ce5ad8 elementor-section-content-middle elementor-section-boxed elementor-section-height-default elementor-section-height-default\" data-id=\"25ce5ad8\" data-element_type=\"section\">\n\t\t\t\t\t\t<div class=\"elementor-container elementor-column-gap-default\">\n\t\t\t\t\t<div class=\"elementor-column elementor-col-50 elementor-inner-column elementor-element elementor-element-65d24aa6\" data-id=\"65d24aa6\" data-element_type=\"column\">\n\t\t\t<div class=\"elementor-widget-wrap elementor-element-populated\">\n\t\t\t\t\t\t<div class=\"elementor-element elementor-element-f26d110 elementor-widget elementor-widget-theme-post-title elementor-page-title elementor-widget-heading\" data-id=\"f26d110\" data-element_type=\"widget\" data-widget_type=\"theme-post-title.default\">\n\t\t\t\t<div class=\"elementor-widget-container\">\n\t\t\t\t\t<h1 class=\"elementor-heading-title elementor-size-default\">COUVERTURE DE PONT, OBERG\u00d6SGEN<\/h1>\t\t\t\t<\/div>\n\t\t\t\t<\/div>\n\t\t\t\t<div class=\"elementor-element elementor-element-5dea7054 elementor-widget elementor-widget-text-editor\" data-id=\"5dea7054\" data-element_type=\"widget\" data-widget_type=\"text-editor.default\">\n\t\t\t\t<div class=\"elementor-widget-container\">\n\t\t\t\t\t\t\t\t\t<p>Ampleur du projet : planification, montage du hall de tentes\/de la toiture de 60 x 12,70 m\u00e8tres et des tentes suppl\u00e9mentaires ; installation du syst\u00e8me de chauffage.<\/p>\t\t\t\t\t\t\t\t<\/div>\n\t\t\t\t<\/div>\n\t\t\t\t<div class=\"elementor-element elementor-element-3474358 elementor-align-left elementor-widget elementor-widget-button\" data-id=\"3474358\" data-element_type=\"widget\" data-widget_type=\"button.default\">\n\t\t\t\t<div class=\"elementor-widget-container\">\n\t\t\t\t\t\t\t\t\t<div class=\"elementor-button-wrapper\">\n\t\t\t\t\t<a class=\"elementor-button elementor-size-sm\" role=\"button\" id=\"back-button\">\n\t\t\t\t\t\t<span class=\"elementor-button-content-wrapper\">\n\t\t\t\t\t\t<span class=\"elementor-button-icon\">\n\t\t\t\t<i aria-hidden=\"true\" class=\"fas fa-arrow-left\"><\/i>\t\t\t<\/span>\n\t\t\t\t\t\t\t\t\t<span class=\"elementor-button-text\">Retour<\/span>\n\t\t\t\t\t<\/span>\n\t\t\t\t\t<\/a>\n\t\t\t\t<\/div>\n\t\t\t\t\t\t\t\t<\/div>\n\t\t\t\t<\/div>\n\t\t\t\t\t<\/div>\n\t\t<\/div>\n\t\t\t\t<div class=\"elementor-column elementor-col-50 elementor-inner-column elementor-element elementor-element-70125577\" data-id=\"70125577\" data-element_type=\"column\">\n\t\t\t<div class=\"elementor-widget-wrap elementor-element-populated\">\n\t\t\t\t\t\t<div class=\"elementor-element elementor-element-25d4e7aa elementor-pagination-position-outside elementor-widget elementor-widget-image-carousel\" data-id=\"25d4e7aa\" data-element_type=\"widget\" data-settings=\"{&quot;slides_to_show&quot;:&quot;1&quot;,&quot;navigation&quot;:&quot;dots&quot;,&quot;slides_to_show_tablet&quot;:&quot;1&quot;,&quot;autoplay&quot;:&quot;yes&quot;,&quot;pause_on_hover&quot;:&quot;yes&quot;,&quot;pause_on_interaction&quot;:&quot;yes&quot;,&quot;autoplay_speed&quot;:5000,&quot;infinite&quot;:&quot;yes&quot;,&quot;effect&quot;:&quot;slide&quot;,&quot;speed&quot;:500}\" data-widget_type=\"image-carousel.default\">\n\t\t\t\t<div class=\"elementor-widget-container\">\n\t\t\t\t\t\t\t<div class=\"elementor-image-carousel-wrapper swiper\" role=\"region\" aria-roledescription=\"carousel\" aria-label=\"Bild Karussell\" dir=\"ltr\">\n\t\t\t<div class=\"elementor-image-carousel swiper-wrapper\" aria-live=\"off\">\n\t\t\t\t\t\t\t\t<div class=\"swiper-slide\" role=\"group\" aria-roledescription=\"slide\" aria-label=\"1 sur 4\"><a data-elementor-open-lightbox=\"yes\" data-elementor-lightbox-slideshow=\"25d4e7aa\" data-e-action-hash=\"#elementor-action%3Aaction%3Dlightbox%26settings%3DeyJpZCI6ODA5MywidXJsIjoiaHR0cHM6XC9cL2h1bnppa2VyLmFnXC93cC1jb250ZW50XC91cGxvYWRzXC8yMDIzXC8wMVwvSFpfSGFfU3BlX0JydWVja2VuZGFjaF8xLmpwZWciLCJzbGlkZXNob3ciOiIyNWQ0ZTdhYSJ9\" href=\"https:\/\/hunziker.ag\/wp-content\/uploads\/2023\/01\/HZ_Ha_Spe_Brueckendach_1.jpeg\"><figure class=\"swiper-slide-inner\"><img decoding=\"async\" class=\"swiper-slide-image\" src=\"https:\/\/hunziker.ag\/wp-content\/uploads\/2023\/01\/HZ_Ha_Spe_Brueckendach_1.jpeg\" alt=\"Toit de pont tente de Hunziker pour les transformations par tous les temps. Toit de pont \u00e0 Oberg\u00f6sgen de Hunziker\" \/><\/figure><\/a><\/div><div class=\"swiper-slide\" role=\"group\" aria-roledescription=\"slide\" aria-label=\"2 sur 4\"><a data-elementor-open-lightbox=\"yes\" data-elementor-lightbox-slideshow=\"25d4e7aa\" data-e-action-hash=\"#elementor-action%3Aaction%3Dlightbox%26settings%3DeyJpZCI6ODA5NCwidXJsIjoiaHR0cHM6XC9cL2h1bnppa2VyLmFnXC93cC1jb250ZW50XC91cGxvYWRzXC8yMDIzXC8wMVwvSFotSGEtU3BlLUJydWVja2VuZGFjaC0yLmpwZWciLCJzbGlkZXNob3ciOiIyNWQ0ZTdhYSJ9\" href=\"https:\/\/hunziker.ag\/wp-content\/uploads\/2023\/01\/HZ-Ha-Spe-Brueckendach-2.jpeg\"><figure class=\"swiper-slide-inner\"><img decoding=\"async\" class=\"swiper-slide-image\" src=\"https:\/\/hunziker.ag\/wp-content\/uploads\/2023\/01\/HZ-Ha-Spe-Brueckendach-2.jpeg\" alt=\"Toit de pont tente de Hunziker pour les transformations par tous les temps. Toit de pont \u00e0 Oberg\u00f6sgen de Hunziker vue lat\u00e9rale.\" \/><\/figure><\/a><\/div><div class=\"swiper-slide\" role=\"group\" aria-roledescription=\"slide\" aria-label=\"3 sur 4\"><a data-elementor-open-lightbox=\"yes\" data-elementor-lightbox-slideshow=\"25d4e7aa\" data-elementor-lightbox-title=\"Oberg\u00f6sgen 2012 Construction d&#039;un pont\" data-e-action-hash=\"#elementor-action%3Aaction%3Dlightbox%26settings%3DeyJpZCI6ODI2OSwidXJsIjoiaHR0cHM6XC9cL2h1bnppa2VyLmFnXC93cC1jb250ZW50XC91cGxvYWRzXC8yMDIzXC8wMVwvT2JlcmdvZXNnZW5fMjAxMl9CcnVlY2tlbmJhdS1zY2FsZWQuanBnIiwic2xpZGVzaG93IjoiMjVkNGU3YWEifQ%3D%3D\" href=\"https:\/\/hunziker.ag\/wp-content\/uploads\/2023\/01\/Obergoesgen_2012_Brueckenbau-scaled.jpg\"><figure class=\"swiper-slide-inner\"><img decoding=\"async\" class=\"swiper-slide-image\" src=\"https:\/\/hunziker.ag\/wp-content\/uploads\/2023\/01\/Obergoesgen_2012_Brueckenbau-scaled.jpg\" alt=\"Oberg\u00f6sgen 2012 Construction d&#039;un pont\" \/><\/figure><\/a><\/div><div class=\"swiper-slide\" role=\"group\" aria-roledescription=\"slide\" aria-label=\"4 sur 4\"><a data-elementor-open-lightbox=\"yes\" data-elementor-lightbox-slideshow=\"25d4e7aa\" data-elementor-lightbox-title=\"PONTS-COUVERTURES\" data-e-action-hash=\"#elementor-action%3Aaction%3Dlightbox%26settings%3DeyJpZCI6ODA5NSwidXJsIjoiaHR0cHM6XC9cL2h1bnppa2VyLmFnXC93cC1jb250ZW50XC91cGxvYWRzXC8yMDIzXC8wMVwvSFotSGEtU3BlLUJydWVja2VuZGFjaC0zLmpwZWciLCJzbGlkZXNob3ciOiIyNWQ0ZTdhYSJ9\" href=\"https:\/\/hunziker.ag\/wp-content\/uploads\/2023\/01\/HZ-Ha-Spe-Brueckendach-3.jpeg\"><figure class=\"swiper-slide-inner\"><img decoding=\"async\" class=\"swiper-slide-image\" src=\"https:\/\/hunziker.ag\/wp-content\/uploads\/2023\/01\/HZ-Ha-Spe-Brueckendach-3.jpeg\" alt=\"Tente toit-pont de Hunziker pour les transformations par tous les temps. Toit du pont \u00e0 Oberg\u00f6sgen de Hunziker vu d&#039;en haut.\" \/><\/figure><\/a><\/div>\t\t\t<\/div>\n\t\t\t\t\t\t\t\n\t\t\t\t\t\t\t\t\t<div class=\"swiper-pagination\"><\/div>\n\t\t\t\t\t\t\t\t\t<\/div>\n\t\t\t\t\t\t<\/div>\n\t\t\t\t<\/div>\n\t\t\t\t\t<\/div>\n\t\t<\/div>\n\t\t\t\t\t<\/div>\n\t\t<\/section>\n\t\t\t\t\t<\/div>\n\t\t<\/div>\n\t\t\t\t\t<\/div>\n\t\t<\/section>\n\t\t\t\t<\/div>\n\t\t","protected":false},"excerpt":{"rendered":"<p>Ampleur du projet : planification, montage du hall de tentes\/de la toiture de 60 x 12,70 m\u00e8tres et des tentes suppl\u00e9mentaires ; installation du syst\u00e8me de chauffage.<\/p>\n","protected":false},"author":2,"featured_media":8269,"comment_status":"closed","ping_status":"open","sticky":false,"template":"elementor_header_footer","format":"standard","meta":{"footnotes":""},"categories":[67],"tags":[],"class_list":["post-8725","post","type-post","status-publish","format-standard","has-post-thumbnail","hentry","category-constructions-speciales"],"yoast_head":"<!-- This site is optimized with the Yoast SEO plugin v26.4 - https:\/\/yoast.com\/wordpress\/plugins\/seo\/ -->\n<title>COUVERTURE DE PONT, OBERG\u00d6SGEN - Hunziker AG<\/title>\n<meta name=\"robots\" content=\"index, follow, max-snippet:-1, max-image-preview:large, max-video-preview:-1\" \/>\n<link rel=\"canonical\" href=\"https:\/\/hunziker.ag\/fr\/2012\/08\/31\/couverture-de-pont-obergoesgen\/\" \/>\n<meta property=\"og:locale\" content=\"fr_FR\" \/>\n<meta property=\"og:type\" content=\"article\" \/>\n<meta property=\"og:title\" content=\"COUVERTURE DE PONT, OBERG\u00d6SGEN - Hunziker AG\" \/>\n<meta property=\"og:description\" content=\"Ampleur du projet : planification, montage du hall de tentes\/de la toiture de 60 x 12,70 m\u00e8tres et des tentes suppl\u00e9mentaires ; installation du syst\u00e8me de chauffage.\" \/>\n<meta property=\"og:url\" content=\"https:\/\/hunziker.ag\/fr\/2012\/08\/31\/couverture-de-pont-obergoesgen\/\" \/>\n<meta property=\"og:site_name\" content=\"Hunziker AG\" \/>\n<meta property=\"article:publisher\" content=\"https:\/\/www.facebook.com\/hunzikerag\" \/>\n<meta property=\"article:published_time\" content=\"2012-08-31T13:45:41+00:00\" \/>\n<meta property=\"article:modified_time\" content=\"2025-11-10T13:50:34+00:00\" \/>\n<meta property=\"og:image\" content=\"https:\/\/hunziker.ag\/wp-content\/uploads\/2023\/01\/Obergoesgen_2012_Brueckenbau-scaled.jpg\" \/>\n\t<meta property=\"og:image:width\" content=\"2560\" \/>\n\t<meta property=\"og:image:height\" content=\"1699\" \/>\n\t<meta property=\"og:image:type\" content=\"image\/jpeg\" \/>\n<meta name=\"author\" content=\"hunziker\" \/>\n<meta name=\"twitter:card\" content=\"summary_large_image\" \/>\n<meta name=\"twitter:label1\" content=\"\u00c9crit par\" \/>\n\t<meta name=\"twitter:data1\" content=\"hunziker\" \/>\n<script type=\"application\/ld+json\" class=\"yoast-schema-graph\">{\"@context\":\"https:\/\/schema.org\",\"@graph\":[{\"@type\":\"Article\",\"@id\":\"https:\/\/hunziker.ag\/fr\/2012\/08\/31\/couverture-de-pont-obergoesgen\/#article\",\"isPartOf\":{\"@id\":\"https:\/\/hunziker.ag\/fr\/2012\/08\/31\/couverture-de-pont-obergoesgen\/\"},\"author\":{\"name\":\"hunziker\",\"@id\":\"https:\/\/hunziker.ag\/fr\/#\/schema\/person\/5ba60237fbbb91cea570f311bd09f036\"},\"headline\":\"COUVERTURE DE PONT, OBERG\u00d6SGEN\",\"datePublished\":\"2012-08-31T13:45:41+00:00\",\"dateModified\":\"2025-11-10T13:50:34+00:00\",\"mainEntityOfPage\":{\"@id\":\"https:\/\/hunziker.ag\/fr\/2012\/08\/31\/couverture-de-pont-obergoesgen\/\"},\"wordCount\":33,\"publisher\":{\"@id\":\"https:\/\/hunziker.ag\/fr\/#organization\"},\"image\":{\"@id\":\"https:\/\/hunziker.ag\/fr\/2012\/08\/31\/couverture-de-pont-obergoesgen\/#primaryimage\"},\"thumbnailUrl\":\"https:\/\/hunziker.ag\/wp-content\/uploads\/2023\/01\/Obergoesgen_2012_Brueckenbau-scaled.jpg\",\"articleSection\":[\"Constructions sp\u00e9ciales\"],\"inLanguage\":\"fr-FR\"},{\"@type\":\"WebPage\",\"@id\":\"https:\/\/hunziker.ag\/fr\/2012\/08\/31\/couverture-de-pont-obergoesgen\/\",\"url\":\"https:\/\/hunziker.ag\/fr\/2012\/08\/31\/couverture-de-pont-obergoesgen\/\",\"name\":\"COUVERTURE DE PONT, OBERG\u00d6SGEN - Hunziker AG\",\"isPartOf\":{\"@id\":\"https:\/\/hunziker.ag\/fr\/#website\"},\"primaryImageOfPage\":{\"@id\":\"https:\/\/hunziker.ag\/fr\/2012\/08\/31\/couverture-de-pont-obergoesgen\/#primaryimage\"},\"image\":{\"@id\":\"https:\/\/hunziker.ag\/fr\/2012\/08\/31\/couverture-de-pont-obergoesgen\/#primaryimage\"},\"thumbnailUrl\":\"https:\/\/hunziker.ag\/wp-content\/uploads\/2023\/01\/Obergoesgen_2012_Brueckenbau-scaled.jpg\",\"datePublished\":\"2012-08-31T13:45:41+00:00\",\"dateModified\":\"2025-11-10T13:50:34+00:00\",\"breadcrumb\":{\"@id\":\"https:\/\/hunziker.ag\/fr\/2012\/08\/31\/couverture-de-pont-obergoesgen\/#breadcrumb\"},\"inLanguage\":\"fr-FR\",\"potentialAction\":[{\"@type\":\"ReadAction\",\"target\":[\"https:\/\/hunziker.ag\/fr\/2012\/08\/31\/couverture-de-pont-obergoesgen\/\"]}]},{\"@type\":\"ImageObject\",\"inLanguage\":\"fr-FR\",\"@id\":\"https:\/\/hunziker.ag\/fr\/2012\/08\/31\/couverture-de-pont-obergoesgen\/#primaryimage\",\"url\":\"https:\/\/hunziker.ag\/wp-content\/uploads\/2023\/01\/Obergoesgen_2012_Brueckenbau-scaled.jpg\",\"contentUrl\":\"https:\/\/hunziker.ag\/wp-content\/uploads\/2023\/01\/Obergoesgen_2012_Brueckenbau-scaled.jpg\",\"width\":2560,\"height\":1699},{\"@type\":\"BreadcrumbList\",\"@id\":\"https:\/\/hunziker.ag\/fr\/2012\/08\/31\/couverture-de-pont-obergoesgen\/#breadcrumb\",\"itemListElement\":[{\"@type\":\"ListItem\",\"position\":1,\"name\":\"Startseite\",\"item\":\"https:\/\/hunziker.ag\/fr\/home\/\"},{\"@type\":\"ListItem\",\"position\":2,\"name\":\"COUVERTURE DE PONT, OBERG\u00d6SGEN\"}]},{\"@type\":\"WebSite\",\"@id\":\"https:\/\/hunziker.ag\/fr\/#website\",\"url\":\"https:\/\/hunziker.ag\/fr\/\",\"name\":\"Hunziker AG\",\"description\":\"Mobile Bauten in jeder Dimension\",\"publisher\":{\"@id\":\"https:\/\/hunziker.ag\/fr\/#organization\"},\"potentialAction\":[{\"@type\":\"SearchAction\",\"target\":{\"@type\":\"EntryPoint\",\"urlTemplate\":\"https:\/\/hunziker.ag\/fr\/?s={search_term_string}\"},\"query-input\":{\"@type\":\"PropertyValueSpecification\",\"valueRequired\":true,\"valueName\":\"search_term_string\"}}],\"inLanguage\":\"fr-FR\"},{\"@type\":\"Organization\",\"@id\":\"https:\/\/hunziker.ag\/fr\/#organization\",\"name\":\"Hunziker AG\",\"url\":\"https:\/\/hunziker.ag\/fr\/\",\"logo\":{\"@type\":\"ImageObject\",\"inLanguage\":\"fr-FR\",\"@id\":\"https:\/\/hunziker.ag\/fr\/#\/schema\/logo\/image\/\",\"url\":\"https:\/\/hunziker.ag\/wp-content\/uploads\/2021\/05\/Favicon_01.png\",\"contentUrl\":\"https:\/\/hunziker.ag\/wp-content\/uploads\/2021\/05\/Favicon_01.png\",\"width\":512,\"height\":512,\"caption\":\"Hunziker AG\"},\"image\":{\"@id\":\"https:\/\/hunziker.ag\/fr\/#\/schema\/logo\/image\/\"},\"sameAs\":[\"https:\/\/www.facebook.com\/hunzikerag\",\"https:\/\/www.instagram.com\/hunzikerag\/\",\"https:\/\/www.linkedin.com\/company\/3173208\/\"]},{\"@type\":\"Person\",\"@id\":\"https:\/\/hunziker.ag\/fr\/#\/schema\/person\/5ba60237fbbb91cea570f311bd09f036\",\"name\":\"hunziker\",\"sameAs\":[\"https:\/\/hunziker.ag\"]}]}<\/script>\n<!-- \/ Yoast SEO plugin. -->","yoast_head_json":{"title":"COUVERTURE DE PONT, OBERG\u00d6SGEN - Hunziker AG","robots":{"index":"index","follow":"follow","max-snippet":"max-snippet:-1","max-image-preview":"max-image-preview:large","max-video-preview":"max-video-preview:-1"},"canonical":"https:\/\/hunziker.ag\/fr\/2012\/08\/31\/couverture-de-pont-obergoesgen\/","og_locale":"fr_FR","og_type":"article","og_title":"COUVERTURE DE PONT, OBERG\u00d6SGEN - Hunziker AG","og_description":"Ampleur du projet : planification, montage du hall de tentes\/de la toiture de 60 x 12,70 m\u00e8tres et des tentes suppl\u00e9mentaires ; installation du syst\u00e8me de chauffage.","og_url":"https:\/\/hunziker.ag\/fr\/2012\/08\/31\/couverture-de-pont-obergoesgen\/","og_site_name":"Hunziker AG","article_publisher":"https:\/\/www.facebook.com\/hunzikerag","article_published_time":"2012-08-31T13:45:41+00:00","article_modified_time":"2025-11-10T13:50:34+00:00","og_image":[{"width":2560,"height":1699,"url":"https:\/\/hunziker.ag\/wp-content\/uploads\/2023\/01\/Obergoesgen_2012_Brueckenbau-scaled.jpg","type":"image\/jpeg"}],"author":"hunziker","twitter_card":"summary_large_image","twitter_misc":{"\u00c9crit par":"hunziker"},"schema":{"@context":"https:\/\/schema.org","@graph":[{"@type":"Article","@id":"https:\/\/hunziker.ag\/fr\/2012\/08\/31\/couverture-de-pont-obergoesgen\/#article","isPartOf":{"@id":"https:\/\/hunziker.ag\/fr\/2012\/08\/31\/couverture-de-pont-obergoesgen\/"},"author":{"name":"hunziker","@id":"https:\/\/hunziker.ag\/fr\/#\/schema\/person\/5ba60237fbbb91cea570f311bd09f036"},"headline":"COUVERTURE DE PONT, OBERG\u00d6SGEN","datePublished":"2012-08-31T13:45:41+00:00","dateModified":"2025-11-10T13:50:34+00:00","mainEntityOfPage":{"@id":"https:\/\/hunziker.ag\/fr\/2012\/08\/31\/couverture-de-pont-obergoesgen\/"},"wordCount":33,"publisher":{"@id":"https:\/\/hunziker.ag\/fr\/#organization"},"image":{"@id":"https:\/\/hunziker.ag\/fr\/2012\/08\/31\/couverture-de-pont-obergoesgen\/#primaryimage"},"thumbnailUrl":"https:\/\/hunziker.ag\/wp-content\/uploads\/2023\/01\/Obergoesgen_2012_Brueckenbau-scaled.jpg","articleSection":["Constructions sp\u00e9ciales"],"inLanguage":"fr-FR"},{"@type":"WebPage","@id":"https:\/\/hunziker.ag\/fr\/2012\/08\/31\/couverture-de-pont-obergoesgen\/","url":"https:\/\/hunziker.ag\/fr\/2012\/08\/31\/couverture-de-pont-obergoesgen\/","name":"COUVERTURE DE PONT, OBERG\u00d6SGEN - Hunziker AG","isPartOf":{"@id":"https:\/\/hunziker.ag\/fr\/#website"},"primaryImageOfPage":{"@id":"https:\/\/hunziker.ag\/fr\/2012\/08\/31\/couverture-de-pont-obergoesgen\/#primaryimage"},"image":{"@id":"https:\/\/hunziker.ag\/fr\/2012\/08\/31\/couverture-de-pont-obergoesgen\/#primaryimage"},"thumbnailUrl":"https:\/\/hunziker.ag\/wp-content\/uploads\/2023\/01\/Obergoesgen_2012_Brueckenbau-scaled.jpg","datePublished":"2012-08-31T13:45:41+00:00","dateModified":"2025-11-10T13:50:34+00:00","breadcrumb":{"@id":"https:\/\/hunziker.ag\/fr\/2012\/08\/31\/couverture-de-pont-obergoesgen\/#breadcrumb"},"inLanguage":"fr-FR","potentialAction":[{"@type":"ReadAction","target":["https:\/\/hunziker.ag\/fr\/2012\/08\/31\/couverture-de-pont-obergoesgen\/"]}]},{"@type":"ImageObject","inLanguage":"fr-FR","@id":"https:\/\/hunziker.ag\/fr\/2012\/08\/31\/couverture-de-pont-obergoesgen\/#primaryimage","url":"https:\/\/hunziker.ag\/wp-content\/uploads\/2023\/01\/Obergoesgen_2012_Brueckenbau-scaled.jpg","contentUrl":"https:\/\/hunziker.ag\/wp-content\/uploads\/2023\/01\/Obergoesgen_2012_Brueckenbau-scaled.jpg","width":2560,"height":1699},{"@type":"BreadcrumbList","@id":"https:\/\/hunziker.ag\/fr\/2012\/08\/31\/couverture-de-pont-obergoesgen\/#breadcrumb","itemListElement":[{"@type":"ListItem","position":1,"name":"Startseite","item":"https:\/\/hunziker.ag\/fr\/home\/"},{"@type":"ListItem","position":2,"name":"COUVERTURE DE PONT, OBERG\u00d6SGEN"}]},{"@type":"WebSite","@id":"https:\/\/hunziker.ag\/fr\/#website","url":"https:\/\/hunziker.ag\/fr\/","name":"Hunziker AG","description":"Mobile Bauten in jeder Dimension","publisher":{"@id":"https:\/\/hunziker.ag\/fr\/#organization"},"potentialAction":[{"@type":"SearchAction","target":{"@type":"EntryPoint","urlTemplate":"https:\/\/hunziker.ag\/fr\/?s={search_term_string}"},"query-input":{"@type":"PropertyValueSpecification","valueRequired":true,"valueName":"search_term_string"}}],"inLanguage":"fr-FR"},{"@type":"Organization","@id":"https:\/\/hunziker.ag\/fr\/#organization","name":"Hunziker AG","url":"https:\/\/hunziker.ag\/fr\/","logo":{"@type":"ImageObject","inLanguage":"fr-FR","@id":"https:\/\/hunziker.ag\/fr\/#\/schema\/logo\/image\/","url":"https:\/\/hunziker.ag\/wp-content\/uploads\/2021\/05\/Favicon_01.png","contentUrl":"https:\/\/hunziker.ag\/wp-content\/uploads\/2021\/05\/Favicon_01.png","width":512,"height":512,"caption":"Hunziker AG"},"image":{"@id":"https:\/\/hunziker.ag\/fr\/#\/schema\/logo\/image\/"},"sameAs":["https:\/\/www.facebook.com\/hunzikerag","https:\/\/www.instagram.com\/hunzikerag\/","https:\/\/www.linkedin.com\/company\/3173208\/"]},{"@type":"Person","@id":"https:\/\/hunziker.ag\/fr\/#\/schema\/person\/5ba60237fbbb91cea570f311bd09f036","name":"hunziker","sameAs":["https:\/\/hunziker.ag"]}]}},"_links":{"self":[{"href":"https:\/\/hunziker.ag\/fr\/wp-json\/wp\/v2\/posts\/8725","targetHints":{"allow":["GET"]}}],"collection":[{"href":"https:\/\/hunziker.ag\/fr\/wp-json\/wp\/v2\/posts"}],"about":[{"href":"https:\/\/hunziker.ag\/fr\/wp-json\/wp\/v2\/types\/post"}],"author":[{"embeddable":true,"href":"https:\/\/hunziker.ag\/fr\/wp-json\/wp\/v2\/users\/2"}],"replies":[{"embeddable":true,"href":"https:\/\/hunziker.ag\/fr\/wp-json\/wp\/v2\/comments?post=8725"}],"version-history":[{"count":2,"href":"https:\/\/hunziker.ag\/fr\/wp-json\/wp\/v2\/posts\/8725\/revisions"}],"predecessor-version":[{"id":9868,"href":"https:\/\/hunziker.ag\/fr\/wp-json\/wp\/v2\/posts\/8725\/revisions\/9868"}],"wp:featuredmedia":[{"embeddable":true,"href":"https:\/\/hunziker.ag\/fr\/wp-json\/wp\/v2\/media\/8269"}],"wp:attachment":[{"href":"https:\/\/hunziker.ag\/fr\/wp-json\/wp\/v2\/media?parent=8725"}],"wp:term":[{"taxonomy":"category","embeddable":true,"href":"https:\/\/hunziker.ag\/fr\/wp-json\/wp\/v2\/categories?post=8725"},{"taxonomy":"post_tag","embeddable":true,"href":"https:\/\/hunziker.ag\/fr\/wp-json\/wp\/v2\/tags?post=8725"}],"curies":[{"name":"wp","href":"https:\/\/api.w.org\/{rel}","templated":true}]}}