{"id":10793,"date":"2026-04-27T08:10:13","date_gmt":"2026-04-27T06:10:13","guid":{"rendered":"https:\/\/hunziker.ag\/?p=10793"},"modified":"2026-04-27T08:13:37","modified_gmt":"2026-04-27T06:13:37","slug":"hunziker-ag-co-sponsor-der-iheimisch-2026-in-buochs","status":"publish","type":"post","link":"https:\/\/hunziker.ag\/fr\/2026\/04\/27\/hunziker-ag-co-sponsor-der-iheimisch-2026-in-buochs\/","title":{"rendered":"Hunziker AG \u2013 Co-Sponsor der Iheimisch 2026 in Buochs"},"content":{"rendered":"\t\t<div data-elementor-type=\"wp-post\" data-elementor-id=\"10793\" class=\"elementor elementor-10793\" data-elementor-post-type=\"post\">\n\t\t\t\t\t\t<section class=\"elementor-section elementor-top-section elementor-element elementor-element-d34e2b8 elementor-section-height-min-height elementor-section-content-middle elementor-section-boxed elementor-section-height-default elementor-section-items-middle\" data-id=\"d34e2b8\" data-element_type=\"section\" data-settings=\"{&quot;background_background&quot;:&quot;classic&quot;}\">\n\t\t\t\t\t\t<div class=\"elementor-container elementor-column-gap-default\">\n\t\t\t\t\t<div class=\"elementor-column elementor-col-100 elementor-top-column elementor-element elementor-element-25bb0a1\" data-id=\"25bb0a1\" data-element_type=\"column\" data-settings=\"{&quot;background_background&quot;:&quot;classic&quot;}\">\n\t\t\t<div class=\"elementor-widget-wrap elementor-element-populated\">\n\t\t\t\t\t\t<section class=\"elementor-section elementor-inner-section elementor-element elementor-element-f16853d elementor-section-content-middle elementor-section-boxed elementor-section-height-default elementor-section-height-default\" data-id=\"f16853d\" data-element_type=\"section\">\n\t\t\t\t\t\t<div class=\"elementor-container elementor-column-gap-default\">\n\t\t\t\t\t<div class=\"elementor-column elementor-col-50 elementor-inner-column elementor-element elementor-element-2ead4e46\" data-id=\"2ead4e46\" data-element_type=\"column\">\n\t\t\t<div class=\"elementor-widget-wrap elementor-element-populated\">\n\t\t\t\t\t\t<div class=\"elementor-element elementor-element-31292850 elementor-widget elementor-widget-theme-post-title elementor-page-title elementor-widget-heading\" data-id=\"31292850\" data-element_type=\"widget\" data-widget_type=\"theme-post-title.default\">\n\t\t\t\t<div class=\"elementor-widget-container\">\n\t\t\t\t\t<h1 class=\"elementor-heading-title elementor-size-default\">Hunziker AG \u2013 Co-Sponsor der Iheimisch 2026 in Buochs<\/h1>\t\t\t\t<\/div>\n\t\t\t\t<\/div>\n\t\t\t\t<div class=\"elementor-element elementor-element-21b09663 elementor-widget elementor-widget-text-editor\" data-id=\"21b09663\" data-element_type=\"widget\" data-widget_type=\"text-editor.default\">\n\t\t\t\t<div class=\"elementor-widget-container\">\n\t\t\t\t\t\t\t\t\t<div><p class=\"x_MsoNormal\"><span data-olk-copy-source=\"MessageBody\">Grosse Anl\u00e4sse brauchen grosse Zelte \u2013 und zuverl\u00e4ssige Partner. Die Hunziker AG freut sich, die <a href=\"https:\/\/www.iheimisch.ch\/\" target=\"_blank\" rel=\"noopener\">Iheimisch<\/a> 2026 in Buochs als Co-Sponsor zu unterst\u00fctzen und beim Aufbau der tempor\u00e4ren Infrastruktur mit anzupacken.<\/span><\/p><\/div><div><p class=\"x_MsoNormal\">Die <a href=\"https:\/\/www.iheimisch.ch\/\" target=\"_blank\" rel=\"noopener\">Iheimisch<\/a> ist die Kantonale Gewerbe- und Erlebnisausstellung Nidwalden und findet vom 14. bis 17. Mai 2026 in Buochs statt. Als Spezialist f\u00fcr Messezelte und mobile Bauten sind wir f\u00fcr s\u00e4mtliche Zeltbauten des Anlasses verantwortlich \u2013 von der Planung bis zum Aufbau.<\/p><\/div><div><p class=\"x_MsoNormal\">Herzlichen Dank an das OK der Iheimisch f\u00fcr das Vertrauen und die tolle Zusammenarbeit. Wir freuen uns auf einen unvergesslichen Anlass in Buochs!<\/p><\/div>\t\t\t\t\t\t\t\t<\/div>\n\t\t\t\t<\/div>\n\t\t\t\t<div class=\"elementor-element elementor-element-62909d28 elementor-align-left elementor-widget__width-initial elementor-widget elementor-widget-button\" data-id=\"62909d28\" data-element_type=\"widget\" data-widget_type=\"button.default\">\n\t\t\t\t<div class=\"elementor-widget-container\">\n\t\t\t\t\t\t\t\t\t<div class=\"elementor-button-wrapper\">\n\t\t\t\t\t<a class=\"elementor-button elementor-size-sm\" role=\"button\" id=\"back-button\">\n\t\t\t\t\t\t<span class=\"elementor-button-content-wrapper\">\n\t\t\t\t\t\t<span class=\"elementor-button-icon\">\n\t\t\t\t<i aria-hidden=\"true\" class=\"fas fa-arrow-left\"><\/i>\t\t\t<\/span>\n\t\t\t\t\t\t\t\t\t<span class=\"elementor-button-text\">Zur\u00fcck<\/span>\n\t\t\t\t\t<\/span>\n\t\t\t\t\t<\/a>\n\t\t\t\t<\/div>\n\t\t\t\t\t\t\t\t<\/div>\n\t\t\t\t<\/div>\n\t\t\t\t\t<\/div>\n\t\t<\/div>\n\t\t\t\t<div class=\"elementor-column elementor-col-50 elementor-inner-column elementor-element elementor-element-29b05b63\" data-id=\"29b05b63\" data-element_type=\"column\">\n\t\t\t<div class=\"elementor-widget-wrap elementor-element-populated\">\n\t\t\t\t\t\t<div class=\"elementor-element elementor-element-37f4462 elementor-widget elementor-widget-image\" data-id=\"37f4462\" data-element_type=\"widget\" data-widget_type=\"image.default\">\n\t\t\t\t<div class=\"elementor-widget-container\">\n\t\t\t\t\t\t\t\t\t\t\t\t\t\t\t<img fetchpriority=\"high\" decoding=\"async\" width=\"800\" height=\"534\" src=\"https:\/\/hunziker.ag\/wp-content\/uploads\/2026\/04\/sponsoring-iheimisch-2026-quer-1024x683.jpg\" class=\"attachment-large size-large wp-image-10796\" alt=\"\" srcset=\"https:\/\/hunziker.ag\/wp-content\/uploads\/2026\/04\/sponsoring-iheimisch-2026-quer-1024x683.jpg 1024w, https:\/\/hunziker.ag\/wp-content\/uploads\/2026\/04\/sponsoring-iheimisch-2026-quer-300x200.jpg 300w, https:\/\/hunziker.ag\/wp-content\/uploads\/2026\/04\/sponsoring-iheimisch-2026-quer-768x512.jpg 768w, https:\/\/hunziker.ag\/wp-content\/uploads\/2026\/04\/sponsoring-iheimisch-2026-quer-600x400.jpg 600w, https:\/\/hunziker.ag\/wp-content\/uploads\/2026\/04\/sponsoring-iheimisch-2026-quer.jpg 1080w\" sizes=\"(max-width: 800px) 100vw, 800px\" \/>\t\t\t\t\t\t\t\t\t\t\t\t\t\t\t<\/div>\n\t\t\t\t<\/div>\n\t\t\t\t<div class=\"elementor-element elementor-element-89c2dee elementor-widget__width-initial elementor-widget elementor-widget-image\" data-id=\"89c2dee\" data-element_type=\"widget\" data-widget_type=\"image.default\">\n\t\t\t\t<div class=\"elementor-widget-container\">\n\t\t\t\t\t\t\t\t\t\t\t\t\t\t\t\t<a href=\"https:\/\/www.iheimisch.ch\/\" target=\"_blank\">\n\t\t\t\t\t\t\t<img decoding=\"async\" width=\"800\" height=\"269\" src=\"https:\/\/hunziker.ag\/wp-content\/uploads\/2026\/04\/iheimisch_logo_ohne_claim_rgb_web.jpg\" class=\"attachment-large size-large wp-image-10797\" alt=\"\" srcset=\"https:\/\/hunziker.ag\/wp-content\/uploads\/2026\/04\/iheimisch_logo_ohne_claim_rgb_web.jpg 800w, https:\/\/hunziker.ag\/wp-content\/uploads\/2026\/04\/iheimisch_logo_ohne_claim_rgb_web-300x101.jpg 300w, https:\/\/hunziker.ag\/wp-content\/uploads\/2026\/04\/iheimisch_logo_ohne_claim_rgb_web-768x258.jpg 768w\" sizes=\"(max-width: 800px) 100vw, 800px\" \/>\t\t\t\t\t\t\t\t<\/a>\n\t\t\t\t\t\t\t\t\t\t\t\t\t\t\t<\/div>\n\t\t\t\t<\/div>\n\t\t\t\t\t<\/div>\n\t\t<\/div>\n\t\t\t\t\t<\/div>\n\t\t<\/section>\n\t\t\t\t\t<\/div>\n\t\t<\/div>\n\t\t\t\t\t<\/div>\n\t\t<\/section>\n\t\t\t\t<section class=\"elementor-section elementor-top-section elementor-element elementor-element-c940eb1 elementor-section-boxed elementor-section-height-default elementor-section-height-default\" data-id=\"c940eb1\" data-element_type=\"section\">\n\t\t\t\t\t\t<div class=\"elementor-container elementor-column-gap-default\">\n\t\t\t\t\t<div class=\"elementor-column elementor-col-100 elementor-top-column elementor-element elementor-element-c123e02\" data-id=\"c123e02\" data-element_type=\"column\">\n\t\t\t<div class=\"elementor-widget-wrap\">\n\t\t\t\t\t\t\t<\/div>\n\t\t<\/div>\n\t\t\t\t\t<\/div>\n\t\t<\/section>\n\t\t\t\t<\/div>\n\t\t","protected":false},"excerpt":{"rendered":"<p>Grosse Anl\u00e4sse brauchen grosse Zelte \u2013 und zuverl\u00e4ssige Partner. Die Hunziker AG freut sich, die Iheimisch 2026 in Buochs als Co-Sponsor zu unterst\u00fctzen und beim Aufbau der tempor\u00e4ren Infrastruktur mit anzupacken.<\/p>\n","protected":false},"author":4,"featured_media":10796,"comment_status":"closed","ping_status":"closed","sticky":false,"template":"elementor_header_footer","format":"standard","meta":{"footnotes":""},"categories":[22,50],"tags":[],"class_list":["post-10793","post","type-post","status-publish","format-standard","has-post-thumbnail","hentry","category-messen","category-news"],"yoast_head":"<!-- This site is optimized with the Yoast SEO plugin v26.4 - https:\/\/yoast.com\/wordpress\/plugins\/seo\/ -->\n<title>Hunziker AG \u2013 Co-Sponsor der Iheimisch 2026 in Buochs - Hunziker AG<\/title>\n<meta name=\"robots\" content=\"index, follow, max-snippet:-1, max-image-preview:large, max-video-preview:-1\" \/>\n<link rel=\"canonical\" href=\"https:\/\/hunziker.ag\/fr\/2026\/04\/27\/hunziker-ag-co-sponsor-der-iheimisch-2026-in-buochs\/\" \/>\n<meta property=\"og:locale\" content=\"fr_FR\" \/>\n<meta property=\"og:type\" content=\"article\" \/>\n<meta property=\"og:title\" content=\"Hunziker AG \u2013 Co-Sponsor der Iheimisch 2026 in Buochs - Hunziker AG\" \/>\n<meta property=\"og:description\" content=\"Grosse Anl\u00e4sse brauchen grosse Zelte \u2013 und zuverl\u00e4ssige Partner. Die Hunziker AG freut sich, die Iheimisch 2026 in Buochs als Co-Sponsor zu unterst\u00fctzen und beim Aufbau der tempor\u00e4ren Infrastruktur mit anzupacken.\" \/>\n<meta property=\"og:url\" content=\"https:\/\/hunziker.ag\/fr\/2026\/04\/27\/hunziker-ag-co-sponsor-der-iheimisch-2026-in-buochs\/\" \/>\n<meta property=\"og:site_name\" content=\"Hunziker AG\" \/>\n<meta property=\"article:publisher\" content=\"https:\/\/www.facebook.com\/hunzikerag\" \/>\n<meta property=\"article:published_time\" content=\"2026-04-27T06:10:13+00:00\" \/>\n<meta property=\"article:modified_time\" content=\"2026-04-27T06:13:37+00:00\" \/>\n<meta property=\"og:image\" content=\"https:\/\/hunziker.ag\/wp-content\/uploads\/2026\/04\/sponsoring-iheimisch-2026-quer.jpg\" \/>\n\t<meta property=\"og:image:width\" content=\"1080\" \/>\n\t<meta property=\"og:image:height\" content=\"720\" \/>\n\t<meta property=\"og:image:type\" content=\"image\/jpeg\" \/>\n<meta name=\"author\" content=\"marketing\" \/>\n<meta name=\"twitter:card\" content=\"summary_large_image\" \/>\n<meta name=\"twitter:label1\" content=\"\u00c9crit par\" \/>\n\t<meta name=\"twitter:data1\" content=\"marketing\" \/>\n\t<meta name=\"twitter:label2\" content=\"Dur\u00e9e de lecture estim\u00e9e\" \/>\n\t<meta name=\"twitter:data2\" content=\"1 minute\" \/>\n<script type=\"application\/ld+json\" class=\"yoast-schema-graph\">{\"@context\":\"https:\/\/schema.org\",\"@graph\":[{\"@type\":\"Article\",\"@id\":\"https:\/\/hunziker.ag\/fr\/2026\/04\/27\/hunziker-ag-co-sponsor-der-iheimisch-2026-in-buochs\/#article\",\"isPartOf\":{\"@id\":\"https:\/\/hunziker.ag\/fr\/2026\/04\/27\/hunziker-ag-co-sponsor-der-iheimisch-2026-in-buochs\/\"},\"author\":{\"name\":\"marketing\",\"@id\":\"https:\/\/hunziker.ag\/fr\/#\/schema\/person\/6fe92adb69d3e140a24d67f0016f3f52\"},\"headline\":\"Hunziker AG \u2013 Co-Sponsor der Iheimisch 2026 in Buochs\",\"datePublished\":\"2026-04-27T06:10:13+00:00\",\"dateModified\":\"2026-04-27T06:13:37+00:00\",\"mainEntityOfPage\":{\"@id\":\"https:\/\/hunziker.ag\/fr\/2026\/04\/27\/hunziker-ag-co-sponsor-der-iheimisch-2026-in-buochs\/\"},\"wordCount\":107,\"publisher\":{\"@id\":\"https:\/\/hunziker.ag\/fr\/#organization\"},\"image\":{\"@id\":\"https:\/\/hunziker.ag\/fr\/2026\/04\/27\/hunziker-ag-co-sponsor-der-iheimisch-2026-in-buochs\/#primaryimage\"},\"thumbnailUrl\":\"https:\/\/hunziker.ag\/wp-content\/uploads\/2026\/04\/sponsoring-iheimisch-2026-quer.jpg\",\"articleSection\":[\"Messen\",\"News\"],\"inLanguage\":\"fr-FR\"},{\"@type\":\"WebPage\",\"@id\":\"https:\/\/hunziker.ag\/fr\/2026\/04\/27\/hunziker-ag-co-sponsor-der-iheimisch-2026-in-buochs\/\",\"url\":\"https:\/\/hunziker.ag\/fr\/2026\/04\/27\/hunziker-ag-co-sponsor-der-iheimisch-2026-in-buochs\/\",\"name\":\"Hunziker AG \u2013 Co-Sponsor der Iheimisch 2026 in Buochs - Hunziker AG\",\"isPartOf\":{\"@id\":\"https:\/\/hunziker.ag\/fr\/#website\"},\"primaryImageOfPage\":{\"@id\":\"https:\/\/hunziker.ag\/fr\/2026\/04\/27\/hunziker-ag-co-sponsor-der-iheimisch-2026-in-buochs\/#primaryimage\"},\"image\":{\"@id\":\"https:\/\/hunziker.ag\/fr\/2026\/04\/27\/hunziker-ag-co-sponsor-der-iheimisch-2026-in-buochs\/#primaryimage\"},\"thumbnailUrl\":\"https:\/\/hunziker.ag\/wp-content\/uploads\/2026\/04\/sponsoring-iheimisch-2026-quer.jpg\",\"datePublished\":\"2026-04-27T06:10:13+00:00\",\"dateModified\":\"2026-04-27T06:13:37+00:00\",\"breadcrumb\":{\"@id\":\"https:\/\/hunziker.ag\/fr\/2026\/04\/27\/hunziker-ag-co-sponsor-der-iheimisch-2026-in-buochs\/#breadcrumb\"},\"inLanguage\":\"fr-FR\",\"potentialAction\":[{\"@type\":\"ReadAction\",\"target\":[\"https:\/\/hunziker.ag\/fr\/2026\/04\/27\/hunziker-ag-co-sponsor-der-iheimisch-2026-in-buochs\/\"]}]},{\"@type\":\"ImageObject\",\"inLanguage\":\"fr-FR\",\"@id\":\"https:\/\/hunziker.ag\/fr\/2026\/04\/27\/hunziker-ag-co-sponsor-der-iheimisch-2026-in-buochs\/#primaryimage\",\"url\":\"https:\/\/hunziker.ag\/wp-content\/uploads\/2026\/04\/sponsoring-iheimisch-2026-quer.jpg\",\"contentUrl\":\"https:\/\/hunziker.ag\/wp-content\/uploads\/2026\/04\/sponsoring-iheimisch-2026-quer.jpg\",\"width\":1080,\"height\":720},{\"@type\":\"BreadcrumbList\",\"@id\":\"https:\/\/hunziker.ag\/fr\/2026\/04\/27\/hunziker-ag-co-sponsor-der-iheimisch-2026-in-buochs\/#breadcrumb\",\"itemListElement\":[{\"@type\":\"ListItem\",\"position\":1,\"name\":\"Startseite\",\"item\":\"https:\/\/hunziker.ag\/fr\/home\/\"},{\"@type\":\"ListItem\",\"position\":2,\"name\":\"Hunziker AG \u2013 Co-Sponsor der Iheimisch 2026 in Buochs\"}]},{\"@type\":\"WebSite\",\"@id\":\"https:\/\/hunziker.ag\/fr\/#website\",\"url\":\"https:\/\/hunziker.ag\/fr\/\",\"name\":\"Hunziker AG\",\"description\":\"Mobile Bauten in jeder Dimension\",\"publisher\":{\"@id\":\"https:\/\/hunziker.ag\/fr\/#organization\"},\"potentialAction\":[{\"@type\":\"SearchAction\",\"target\":{\"@type\":\"EntryPoint\",\"urlTemplate\":\"https:\/\/hunziker.ag\/fr\/?s={search_term_string}\"},\"query-input\":{\"@type\":\"PropertyValueSpecification\",\"valueRequired\":true,\"valueName\":\"search_term_string\"}}],\"inLanguage\":\"fr-FR\"},{\"@type\":\"Organization\",\"@id\":\"https:\/\/hunziker.ag\/fr\/#organization\",\"name\":\"Hunziker AG\",\"url\":\"https:\/\/hunziker.ag\/fr\/\",\"logo\":{\"@type\":\"ImageObject\",\"inLanguage\":\"fr-FR\",\"@id\":\"https:\/\/hunziker.ag\/fr\/#\/schema\/logo\/image\/\",\"url\":\"https:\/\/hunziker.ag\/wp-content\/uploads\/2021\/05\/Favicon_01.png\",\"contentUrl\":\"https:\/\/hunziker.ag\/wp-content\/uploads\/2021\/05\/Favicon_01.png\",\"width\":512,\"height\":512,\"caption\":\"Hunziker AG\"},\"image\":{\"@id\":\"https:\/\/hunziker.ag\/fr\/#\/schema\/logo\/image\/\"},\"sameAs\":[\"https:\/\/www.facebook.com\/hunzikerag\",\"https:\/\/www.instagram.com\/hunzikerag\/\",\"https:\/\/www.linkedin.com\/company\/3173208\/\"]},{\"@type\":\"Person\",\"@id\":\"https:\/\/hunziker.ag\/fr\/#\/schema\/person\/6fe92adb69d3e140a24d67f0016f3f52\",\"name\":\"marketing\"}]}<\/script>\n<!-- \/ Yoast SEO plugin. -->","yoast_head_json":{"title":"Hunziker AG \u2013 Co-Sponsor der Iheimisch 2026 in Buochs - Hunziker AG","robots":{"index":"index","follow":"follow","max-snippet":"max-snippet:-1","max-image-preview":"max-image-preview:large","max-video-preview":"max-video-preview:-1"},"canonical":"https:\/\/hunziker.ag\/fr\/2026\/04\/27\/hunziker-ag-co-sponsor-der-iheimisch-2026-in-buochs\/","og_locale":"fr_FR","og_type":"article","og_title":"Hunziker AG \u2013 Co-Sponsor der Iheimisch 2026 in Buochs - Hunziker AG","og_description":"Grosse Anl\u00e4sse brauchen grosse Zelte \u2013 und zuverl\u00e4ssige Partner. Die Hunziker AG freut sich, die Iheimisch 2026 in Buochs als Co-Sponsor zu unterst\u00fctzen und beim Aufbau der tempor\u00e4ren Infrastruktur mit anzupacken.","og_url":"https:\/\/hunziker.ag\/fr\/2026\/04\/27\/hunziker-ag-co-sponsor-der-iheimisch-2026-in-buochs\/","og_site_name":"Hunziker AG","article_publisher":"https:\/\/www.facebook.com\/hunzikerag","article_published_time":"2026-04-27T06:10:13+00:00","article_modified_time":"2026-04-27T06:13:37+00:00","og_image":[{"width":1080,"height":720,"url":"https:\/\/hunziker.ag\/wp-content\/uploads\/2026\/04\/sponsoring-iheimisch-2026-quer.jpg","type":"image\/jpeg"}],"author":"marketing","twitter_card":"summary_large_image","twitter_misc":{"\u00c9crit par":"marketing","Dur\u00e9e de lecture estim\u00e9e":"1 minute"},"schema":{"@context":"https:\/\/schema.org","@graph":[{"@type":"Article","@id":"https:\/\/hunziker.ag\/fr\/2026\/04\/27\/hunziker-ag-co-sponsor-der-iheimisch-2026-in-buochs\/#article","isPartOf":{"@id":"https:\/\/hunziker.ag\/fr\/2026\/04\/27\/hunziker-ag-co-sponsor-der-iheimisch-2026-in-buochs\/"},"author":{"name":"marketing","@id":"https:\/\/hunziker.ag\/fr\/#\/schema\/person\/6fe92adb69d3e140a24d67f0016f3f52"},"headline":"Hunziker AG \u2013 Co-Sponsor der Iheimisch 2026 in Buochs","datePublished":"2026-04-27T06:10:13+00:00","dateModified":"2026-04-27T06:13:37+00:00","mainEntityOfPage":{"@id":"https:\/\/hunziker.ag\/fr\/2026\/04\/27\/hunziker-ag-co-sponsor-der-iheimisch-2026-in-buochs\/"},"wordCount":107,"publisher":{"@id":"https:\/\/hunziker.ag\/fr\/#organization"},"image":{"@id":"https:\/\/hunziker.ag\/fr\/2026\/04\/27\/hunziker-ag-co-sponsor-der-iheimisch-2026-in-buochs\/#primaryimage"},"thumbnailUrl":"https:\/\/hunziker.ag\/wp-content\/uploads\/2026\/04\/sponsoring-iheimisch-2026-quer.jpg","articleSection":["Messen","News"],"inLanguage":"fr-FR"},{"@type":"WebPage","@id":"https:\/\/hunziker.ag\/fr\/2026\/04\/27\/hunziker-ag-co-sponsor-der-iheimisch-2026-in-buochs\/","url":"https:\/\/hunziker.ag\/fr\/2026\/04\/27\/hunziker-ag-co-sponsor-der-iheimisch-2026-in-buochs\/","name":"Hunziker AG \u2013 Co-Sponsor der Iheimisch 2026 in Buochs - Hunziker AG","isPartOf":{"@id":"https:\/\/hunziker.ag\/fr\/#website"},"primaryImageOfPage":{"@id":"https:\/\/hunziker.ag\/fr\/2026\/04\/27\/hunziker-ag-co-sponsor-der-iheimisch-2026-in-buochs\/#primaryimage"},"image":{"@id":"https:\/\/hunziker.ag\/fr\/2026\/04\/27\/hunziker-ag-co-sponsor-der-iheimisch-2026-in-buochs\/#primaryimage"},"thumbnailUrl":"https:\/\/hunziker.ag\/wp-content\/uploads\/2026\/04\/sponsoring-iheimisch-2026-quer.jpg","datePublished":"2026-04-27T06:10:13+00:00","dateModified":"2026-04-27T06:13:37+00:00","breadcrumb":{"@id":"https:\/\/hunziker.ag\/fr\/2026\/04\/27\/hunziker-ag-co-sponsor-der-iheimisch-2026-in-buochs\/#breadcrumb"},"inLanguage":"fr-FR","potentialAction":[{"@type":"ReadAction","target":["https:\/\/hunziker.ag\/fr\/2026\/04\/27\/hunziker-ag-co-sponsor-der-iheimisch-2026-in-buochs\/"]}]},{"@type":"ImageObject","inLanguage":"fr-FR","@id":"https:\/\/hunziker.ag\/fr\/2026\/04\/27\/hunziker-ag-co-sponsor-der-iheimisch-2026-in-buochs\/#primaryimage","url":"https:\/\/hunziker.ag\/wp-content\/uploads\/2026\/04\/sponsoring-iheimisch-2026-quer.jpg","contentUrl":"https:\/\/hunziker.ag\/wp-content\/uploads\/2026\/04\/sponsoring-iheimisch-2026-quer.jpg","width":1080,"height":720},{"@type":"BreadcrumbList","@id":"https:\/\/hunziker.ag\/fr\/2026\/04\/27\/hunziker-ag-co-sponsor-der-iheimisch-2026-in-buochs\/#breadcrumb","itemListElement":[{"@type":"ListItem","position":1,"name":"Startseite","item":"https:\/\/hunziker.ag\/fr\/home\/"},{"@type":"ListItem","position":2,"name":"Hunziker AG \u2013 Co-Sponsor der Iheimisch 2026 in Buochs"}]},{"@type":"WebSite","@id":"https:\/\/hunziker.ag\/fr\/#website","url":"https:\/\/hunziker.ag\/fr\/","name":"Hunziker AG","description":"Mobile Bauten in jeder Dimension","publisher":{"@id":"https:\/\/hunziker.ag\/fr\/#organization"},"potentialAction":[{"@type":"SearchAction","target":{"@type":"EntryPoint","urlTemplate":"https:\/\/hunziker.ag\/fr\/?s={search_term_string}"},"query-input":{"@type":"PropertyValueSpecification","valueRequired":true,"valueName":"search_term_string"}}],"inLanguage":"fr-FR"},{"@type":"Organization","@id":"https:\/\/hunziker.ag\/fr\/#organization","name":"Hunziker AG","url":"https:\/\/hunziker.ag\/fr\/","logo":{"@type":"ImageObject","inLanguage":"fr-FR","@id":"https:\/\/hunziker.ag\/fr\/#\/schema\/logo\/image\/","url":"https:\/\/hunziker.ag\/wp-content\/uploads\/2021\/05\/Favicon_01.png","contentUrl":"https:\/\/hunziker.ag\/wp-content\/uploads\/2021\/05\/Favicon_01.png","width":512,"height":512,"caption":"Hunziker AG"},"image":{"@id":"https:\/\/hunziker.ag\/fr\/#\/schema\/logo\/image\/"},"sameAs":["https:\/\/www.facebook.com\/hunzikerag","https:\/\/www.instagram.com\/hunzikerag\/","https:\/\/www.linkedin.com\/company\/3173208\/"]},{"@type":"Person","@id":"https:\/\/hunziker.ag\/fr\/#\/schema\/person\/6fe92adb69d3e140a24d67f0016f3f52","name":"marketing"}]}},"_links":{"self":[{"href":"https:\/\/hunziker.ag\/fr\/wp-json\/wp\/v2\/posts\/10793","targetHints":{"allow":["GET"]}}],"collection":[{"href":"https:\/\/hunziker.ag\/fr\/wp-json\/wp\/v2\/posts"}],"about":[{"href":"https:\/\/hunziker.ag\/fr\/wp-json\/wp\/v2\/types\/post"}],"author":[{"embeddable":true,"href":"https:\/\/hunziker.ag\/fr\/wp-json\/wp\/v2\/users\/4"}],"replies":[{"embeddable":true,"href":"https:\/\/hunziker.ag\/fr\/wp-json\/wp\/v2\/comments?post=10793"}],"version-history":[{"count":8,"href":"https:\/\/hunziker.ag\/fr\/wp-json\/wp\/v2\/posts\/10793\/revisions"}],"predecessor-version":[{"id":10803,"href":"https:\/\/hunziker.ag\/fr\/wp-json\/wp\/v2\/posts\/10793\/revisions\/10803"}],"wp:featuredmedia":[{"embeddable":true,"href":"https:\/\/hunziker.ag\/fr\/wp-json\/wp\/v2\/media\/10796"}],"wp:attachment":[{"href":"https:\/\/hunziker.ag\/fr\/wp-json\/wp\/v2\/media?parent=10793"}],"wp:term":[{"taxonomy":"category","embeddable":true,"href":"https:\/\/hunziker.ag\/fr\/wp-json\/wp\/v2\/categories?post=10793"},{"taxonomy":"post_tag","embeddable":true,"href":"https:\/\/hunziker.ag\/fr\/wp-json\/wp\/v2\/tags?post=10793"}],"curies":[{"name":"wp","href":"https:\/\/api.w.org\/{rel}","templated":true}]}}